{"id":209761,"date":"2025-10-30T22:59:12","date_gmt":"2025-10-30T22:59:12","guid":{"rendered":"https:\/\/www.europesays.com\/es\/209761\/"},"modified":"2025-10-30T22:59:12","modified_gmt":"2025-10-30T22:59:12","slug":"un-semillero-de-talentos-desde-badajoz","status":"publish","type":"post","link":"https:\/\/www.europesays.com\/es\/209761\/","title":{"rendered":"Un semillero de talentos desde Badajoz"},"content":{"rendered":"<p class=\"v-mdl-ath__p v-mdl-ath__p--6\">\nJueves, 30 de octubre 2025, 20:53<\/p>\n<p class=\"v-p\">Extremadura demuestra que los sue\u00f1os no son imposibles de alcanzar. Desde un rinc\u00f3n como Badajoz, apartado de las grandes escuelas de tenis, tambi\u00e9n se pulen talentos que bien podr\u00edan convertirse en los Nadal o Alcaraz del futuro. El Club SportOcio aparece como un semillero de chavales que se proyectan entre las mejores raquetas en los torneos de referencia nacionales a nivel de base. Tierra de conquistadores sin mar, en el deporte, los extreme\u00f1os tambi\u00e9n desaf\u00edan la l\u00f3gica para lanzarse al mundo. <\/p>\n<p class=\"v-p\">Pablo Vila y \u00c1lvaro L\u00f3pez son dos ejemplos que confirman esa excepcionalidad que con trabajo, talento, formaci\u00f3n y sacrificio todo es posible. Pero para ellos, como para cualquier chaval extreme\u00f1o con potencial innato, poder saborear el \u00e9xito cuesta el doble. Badajoz, y Extremadura en general, no cuenta con las majestuosas infraestructuras y los generosos recursos de las academias de \u00e9lite de Alicante, Barcelona, Madrid, Mallorca o Murcia donde cualquier figura precoz tiene todo a su alcance. De ah\u00ed que adquiera un m\u00e9rito extraordinario que en los circuitos por los que desfilan las mejores promesas brillen con luz propia chicos como Pablo Vila y \u00c1lvaro L\u00f3pez. Dos chavales de los a\u00f1os 2014 y 2015 que rompen todos los esquemas y salen de Badajoz para codearse con los valores emergentes de las canteras tuteladas por Nadal, Ferrero o Ferrer. Fiel reflejo de la epopeya de David contra Goliat. Pero sin estridencias y alejados de esos flashes que nublen el verdadero objetivo de su formaci\u00f3n. Un caso excepcional que hace de lo extraordinario algo cotidiano. <\/p>\n<p class=\"v-p\">Pablo Vila, de 11 a\u00f1os, y \u00c1lvaro L\u00f3pez, de 10 a\u00f1os, llevan caminos casi paralelos en una etapa formativa muy cuidada en SportOcio y que ha ido dando forma a una trayectoria m\u00e1s que prometedora. Ambos coleccionan t\u00edtulos del circuito Warriors Tour, que les ha llevado a clasificarse para el M\u00e1ster Nacional U10 entre los ocho mejores de Espa\u00f1a. Este a\u00f1o \u00c1lvaro L\u00f3pez tambi\u00e9n ha sido campe\u00f3n del torno As Young Tour. A nivel internacional tambi\u00e9n lucen en su palmar\u00e9s victorias en torneos del prestigioso Vanguard Stars como los del Algarve, Oporto, Sevilla o Madrid y que les mete entre los elegidos del M\u00e1ster Internacional de Lisboa que se celebrar\u00e1 del 22 al 24 de noviembre y que ya gan\u00f3 Pablo Vila el a\u00f1o pasado. Tanto Pablo Vila como \u00c1lvaro L\u00f3pez ya han disputado Campeonatos de Espa\u00f1a Alev\u00edn siendo benjamines y han formado parte de los Nacionales alev\u00edn e infantil por equipos.<\/p>\n<p>Sacrificio para las familias<\/p>\n<p class=\"v-p\">Adem\u00e1s de no disponer de los recursos y medios de esos grandes centros de alto rendimiento, para sus familias supone un enorme sacrificio personal y econ\u00f3mico hacer posible que desde Badajoz tambi\u00e9n se pueda llegar lejos, ya que en Extremadura las ayudas institucionales o de la Federaci\u00f3n de Tenis son limitadas y tampoco es habitual el apoyo privado por patrocinio. As\u00ed, son los padres quienes tienen que asumir los costes de desplazamientos, hoteles y material para que sus peque\u00f1os puedan participar en los torneos.<\/p>\n<p class=\"v-p\">Un camino silencioso desde la constancia y cautela que tambi\u00e9n siguen sus compa\u00f1eros de entrenamientos en las pistas de la Compa\u00f1\u00eda de Mar\u00eda como Jorge Costa, \u00c1lvaro Rodr\u00edguez o Jos\u00e9 Mar\u00eda Hern\u00e1ndez. Una etapa de aprendizaje y competici\u00f3n donde prima la formaci\u00f3n y los valores y que no ser\u00eda posible sin la entrega, conocimientos y dedicaci\u00f3n de los t\u00e9cnicos Carlos L\u00f3pez, Pablo Somoano, \u00c1lex Engelmo y Pablo Calder\u00f3n. <\/p>\n<p class=\"v-p\">Todo un milagro cuyo secreto reside en una gran familia que tiene muy presente sus se\u00f1as de identidad.<\/p>\n<p>Reporta un error<\/p>\n","protected":false},"excerpt":{"rendered":"Jueves, 30 de octubre 2025, 20:53 Extremadura demuestra que los sue\u00f1os no son imposibles de alcanzar. Desde un&hellip;\n","protected":false},"author":2,"featured_media":209762,"comment_status":"","ping_status":"","sticky":false,"template":"","format":"standard","meta":{"footnotes":""},"categories":[274],"tags":[7235,168,25,24,56877,23,167,5938,327,326],"class_list":{"0":"post-209761","1":"post","2":"type-post","3":"status-publish","4":"format-standard","5":"has-post-thumbnail","7":"category-tenis","8":"tag-badajoz","9":"tag-deportes","10":"tag-es","11":"tag-espana","12":"tag-semillero","13":"tag-spain","14":"tag-sports","15":"tag-talentos","16":"tag-tenis","17":"tag-tennis"},"share_on_mastodon":{"url":"https:\/\/pubeurope.com\/@es\/115465602020083247","error":""},"_links":{"self":[{"href":"https:\/\/www.europesays.com\/es\/wp-json\/wp\/v2\/posts\/209761","targetHints":{"allow":["GET"]}}],"collection":[{"href":"https:\/\/www.europesays.com\/es\/wp-json\/wp\/v2\/posts"}],"about":[{"href":"https:\/\/www.europesays.com\/es\/wp-json\/wp\/v2\/types\/post"}],"author":[{"embeddable":true,"href":"https:\/\/www.europesays.com\/es\/wp-json\/wp\/v2\/users\/2"}],"replies":[{"embeddable":true,"href":"https:\/\/www.europesays.com\/es\/wp-json\/wp\/v2\/comments?post=209761"}],"version-history":[{"count":0,"href":"https:\/\/www.europesays.com\/es\/wp-json\/wp\/v2\/posts\/209761\/revisions"}],"wp:featuredmedia":[{"embeddable":true,"href":"https:\/\/www.europesays.com\/es\/wp-json\/wp\/v2\/media\/209762"}],"wp:attachment":[{"href":"https:\/\/www.europesays.com\/es\/wp-json\/wp\/v2\/media?parent=209761"}],"wp:term":[{"taxonomy":"category","embeddable":true,"href":"https:\/\/www.europesays.com\/es\/wp-json\/wp\/v2\/categories?post=209761"},{"taxonomy":"post_tag","embeddable":true,"href":"https:\/\/www.europesays.com\/es\/wp-json\/wp\/v2\/tags?post=209761"}],"curies":[{"name":"wp","href":"https:\/\/api.w.org\/{rel}","templated":true}]}}