{"id":209771,"date":"2025-10-30T23:05:15","date_gmt":"2025-10-30T23:05:15","guid":{"rendered":"https:\/\/www.europesays.com\/es\/209771\/"},"modified":"2025-10-30T23:05:15","modified_gmt":"2025-10-30T23:05:15","slug":"anna-gener-presenta-sobre-la-belleza-una-reflexion-sobre-el-arte-la-arquitectura-y-las-ciudades","status":"publish","type":"post","link":"https:\/\/www.europesays.com\/es\/209771\/","title":{"rendered":"Anna Gener presenta &#8216;Sobre la belleza&#8217;, una reflexi\u00f3n sobre el arte, la arquitectura y las ciudades"},"content":{"rendered":"<p class=\"ft-text ft-helper-closenews\">\u201cHe tenido la necesidad de escribir este libro para compartiros una intuici\u00f3n que me ha acompa\u00f1ado: l<strong>a belleza, lejos de ser fr\u00edvola o accesoria, tiene un papel fundamental en nuestras vidas<\/strong>\u201d, ha defendido <strong>Anna Gener<\/strong>, CEO de Savills Barcelona y <strong>miembro del Comit\u00e9 Editorial de EL PERI\u00d3DICO<\/strong>, este jueves en la presentaci\u00f3n de su libro &#8216;<strong>Sobre la belleza. Apuntes de arte, arquitectura y ciudades<\/strong>&#8216;, en la Torre Gl\u00f2ries. \u201cSi tomamos conciencia, puede aportarnos consuelo ante la tristeza o el dolor, as\u00ed como valiosos momentos de felicidad\u201d, ha a\u00f1adido la autora.<\/p>\n<p><img decoding=\"async\" src=\"https:\/\/www.europesays.com\/es\/wp-content\/uploads\/2025\/10\/a3afc16f-177d-48e0-bddc-1c5786a9326d_alta-libre-aspect-ratio_default_0.jpg\" width=\"1200\" height=\"800\" alt=\"Anna Gener presenta su libro 'Sobre la belleza' en la Torre Gl\u00f2ries\" class=\"ft-helper-img-rd\" loading=\"lazy\" hasdataaida=\"true\"\/><\/p>\n<p class=\"ft-helper-fontColor-quaternary ft-helper-fontSize-body-S ft-helper-spacer-t-xxs\">Anna Gener presenta su libro &#8216;Sobre la belleza&#8217; en la Torre Gl\u00f2ries  \/ Jordi Otix \/ EPC<\/p>\n<p class=\"ft-text\">Gener ha confesado que el proceso de escritura del libro la llev\u00f3 a dos ideas recurrentes: <strong>Barcelona y Dios<\/strong>. \u201cTen\u00eda el firme prop\u00f3sito de no hablar de Barcelona, de exponer ideas que pudieran servir para cualquier ciudad, pero Barcelona estaba en m\u00ed y nadie debe renunciar a sus referentes\u201d, ha asegurado. Asimismo, la autora ha admitido que \u201c<strong>la idea de Dios ha sido sorprendente<\/strong>\u00ab, pero, a la vez, \u00abmuy valiosa para <strong>comprender la profundidad de la belleza en nuestra civilizaci\u00f3n<\/strong>. No podemos afirmar que Dios existe, pero el ser humano tiene un anhelo de trascendencia, de crear obras que vayan m\u00e1s all\u00e1 de s\u00ed mismos\u201d. Ese anhelo, seg\u00fan Gener, es lo que ha permitido que algunas obras art\u00edsticas sobrevivan generaci\u00f3n tras generaci\u00f3n.<\/p>\n<p>Tres grandes fuentes de belleza<\/p>\n<p class=\"ft-text\">El volumen propone un recorrido por las que ella considera como las tres grandes fuentes de belleza: <strong>el arte, la arquitectura y las ciudades<\/strong>. \u201cSent\u00eda que la palabra belleza es tan evocadora, sugerente y escurridiza que ten\u00eda que aterrizarla\u201d, ha se\u00f1alado.<\/p>\n<p><img decoding=\"async\" src=\"https:\/\/www.europesays.com\/es\/wp-content\/uploads\/2025\/10\/80496df1-d7f8-464d-ba37-7e672b55cb86_alta-libre-aspect-ratio_default_0.jpg\" width=\"1200\" height=\"800\" alt=\"Anna Gener presenta su libro 'Sobre la belleza' en la Torre Gl\u00f2ries\" class=\"ft-helper-img-rd\" loading=\"lazy\" hasdataaida=\"true\"\/><\/p>\n<p class=\"ft-helper-fontColor-quaternary ft-helper-fontSize-body-S ft-helper-spacer-t-xxs\">Anna Gener presenta su libro &#8216;Sobre la belleza&#8217; en la Torre Gl\u00f2ries  \/ Jordi Otix \/ EPC<\/p>\n<p class=\"ft-text\">En primer lugar, la escritora ha explicado <strong>el arte ocupa un lugar esencial en su vida<\/strong>. Desde hace m\u00e1s de una d\u00e9cada, cada ma\u00f1ana contempla una obra distinta y la comparte en su cuenta de X (antes Twitter). \u201c<strong>Uno de los mayores regalos que podemos hacernos es convertir nuestras casas en museos<\/strong>\u201d, ha afirmado. \u201cYo tengo dos: el Museo Picasso y la Fundaci\u00f3 Mir\u00f3\u201d, ha comentado, ya que forma parte de sus patronatos. Para Gener, los museos son lugares para personas que quieren <strong>\u00abencontrar respuesta a las preguntas que nos hacemos\u00bb<\/strong> para poder llegar a \u00abcomprendernos mejor a nosotros mismos y al mundo que nos rodea\u00bb.<\/p>\n<p class=\"ft-text\">Por otro lado, la economista tambi\u00e9n ha querido destacar la importancia de la arquitectura en nuestras vidas: \u201cExiste la creencia de que la arquitectura es solo para quienes se dedican a ella profesionalmente, pero tiene un <strong>gran impacto en nuestras emociones y pensamientos<\/strong>\u00ab. En su libro, la economista tambi\u00e9n rinde homenaje a la Bauhaus y a Antoni Gaud\u00ed, \u00ab<strong>el genio que cambi\u00f3 la historia de la arquitectura y tambi\u00e9n de nuestra ciudad<\/strong>\u00ab.<\/p>\n<p>Una reflexi\u00f3n sobre Europa<\/p>\n<p class=\"ft-text\">Finalmente, la escritora ha dedicado unas palabras a las ciudades, que ella considera como \u00abla m\u00e1xima creaci\u00f3n del ser humano\u00bb: \u201c<strong>Mejorando nuestras ciudades, mejoramos la vida de las personas<\/strong>\u201d, ha afirmado la economista. Gener tambi\u00e9n ha querido mostrar su debilidad por la que ella considera la mejor ciudad: \u201cBarcelona para m\u00ed es la m\u00e1s bella, pero el amor es as\u00ed, y lo que amamos lo vemos bello\u201d.<\/p>\n<p><img decoding=\"async\" src=\"https:\/\/www.europesays.com\/es\/wp-content\/uploads\/2025\/10\/3dbfc71d-d9ad-4ceb-b9e0-fc7650764dd1_alta-libre-aspect-ratio_default_0.jpg\" width=\"1200\" height=\"800\" alt=\"Anna Gener firma su libro 'Sobre la belleza' en la Torre Gl\u00f2ries\" class=\"ft-helper-img-rd\" loading=\"lazy\" hasdataaida=\"true\"\/><\/p>\n<p class=\"ft-helper-fontColor-quaternary ft-helper-fontSize-body-S ft-helper-spacer-t-xxs\">Anna Gener firma su libro &#8216;Sobre la belleza&#8217; en la Torre Gl\u00f2ries  \/ Jordi Otix \/ EPC<\/p>\n<p class=\"ft-text\">La escritora ha querido cerrar su presentaci\u00f3n con una reflexi\u00f3n sobre Europa y su papel en el mundo actual. \u201c<strong>No es solo una uni\u00f3n de pa\u00edses, sino la defensa de unos principios y valores<\/strong>\u201d, ha defendido, lamentando el momento actual en el que se encuentra el continente. \u201cEl momento que atraviesa Europa no admite inoperancias. Todo lo que damos por sentado, como la seguridad, la libertad, el respeto, la convivencia, puede sernos arrebatado. <strong>Hay que hacer de Europa el faro de belleza que el mundo necesita<\/strong>\u00ab, ha reivindicado Gener.<\/p>\n<p data-close=\"closedContent\" class=\"subscribeHideForDisplay\">Suscr\u00edbete para seguir leyendo<\/p>\n","protected":false},"excerpt":{"rendered":"\u201cHe tenido la necesidad de escribir este libro para compartiros una intuici\u00f3n que me ha acompa\u00f1ado: la belleza,&hellip;\n","protected":false},"author":2,"featured_media":209772,"comment_status":"","ping_status":"","sticky":false,"template":"","format":"standard","meta":{"footnotes":""},"categories":[173],"tags":[26362,229,233,231,230,3451,232,234,146,147,25,24,56882,225,2782,27958,23],"class_list":{"0":"post-209771","1":"post","2":"type-post","3":"status-publish","4":"format-standard","5":"has-post-thumbnail","7":"category-arte-y-diseno","8":"tag-anna","9":"tag-arte","10":"tag-arte-y-diseno","11":"tag-arts","12":"tag-arts-and-design","13":"tag-belleza","14":"tag-design","15":"tag-diseno","16":"tag-entertainment","17":"tag-entretenimiento","18":"tag-es","19":"tag-espana","20":"tag-gener","21":"tag-libros","22":"tag-presenta","23":"tag-reflexion","24":"tag-spain"},"share_on_mastodon":{"url":"https:\/\/pubeurope.com\/@es\/115465625519622087","error":""},"_links":{"self":[{"href":"https:\/\/www.europesays.com\/es\/wp-json\/wp\/v2\/posts\/209771","targetHints":{"allow":["GET"]}}],"collection":[{"href":"https:\/\/www.europesays.com\/es\/wp-json\/wp\/v2\/posts"}],"about":[{"href":"https:\/\/www.europesays.com\/es\/wp-json\/wp\/v2\/types\/post"}],"author":[{"embeddable":true,"href":"https:\/\/www.europesays.com\/es\/wp-json\/wp\/v2\/users\/2"}],"replies":[{"embeddable":true,"href":"https:\/\/www.europesays.com\/es\/wp-json\/wp\/v2\/comments?post=209771"}],"version-history":[{"count":0,"href":"https:\/\/www.europesays.com\/es\/wp-json\/wp\/v2\/posts\/209771\/revisions"}],"wp:featuredmedia":[{"embeddable":true,"href":"https:\/\/www.europesays.com\/es\/wp-json\/wp\/v2\/media\/209772"}],"wp:attachment":[{"href":"https:\/\/www.europesays.com\/es\/wp-json\/wp\/v2\/media?parent=209771"}],"wp:term":[{"taxonomy":"category","embeddable":true,"href":"https:\/\/www.europesays.com\/es\/wp-json\/wp\/v2\/categories?post=209771"},{"taxonomy":"post_tag","embeddable":true,"href":"https:\/\/www.europesays.com\/es\/wp-json\/wp\/v2\/tags?post=209771"}],"curies":[{"name":"wp","href":"https:\/\/api.w.org\/{rel}","templated":true}]}}