{"id":209801,"date":"2025-10-30T23:27:11","date_gmt":"2025-10-30T23:27:11","guid":{"rendered":"https:\/\/www.europesays.com\/es\/209801\/"},"modified":"2025-10-30T23:27:11","modified_gmt":"2025-10-30T23:27:11","slug":"carlos-iii-despoja-formalmente-a-andres-de-sus-titulos-y-honores-y-anuncia-su-salida-de-royal-loge","status":"publish","type":"post","link":"https:\/\/www.europesays.com\/es\/209801\/","title":{"rendered":"Carlos III despoja formalmente a Andr\u00e9s de sus t\u00edtulos y honores y anuncia su salida de Royal Loge"},"content":{"rendered":"<p id=\"eHfbYcPVbT\" data-wc=\"66\">Dos semanas despu\u00e9s de que el pr\u00edncipe Andr\u00e9s anunciase<a class=\"hm-link ho-link\" href=\"http:\/\/Comunicado%20de%20Buckingham%3A%20Carlos%20III%20retira%20el%20t%C3%ADtulo%20de%20pr%C3%ADncipe%20a%20Andr%C3%A9s%20y%20anuncia%20su%20salida%20de%20Royal%20Lodge\" data-mrf-recirculation=\"article-body-link\" rel=\"nofollow\">\u00a0su decisi\u00f3n de renunciar al uso de sus t\u00edtulos y honores<\/a>, incluyendo el ducado de York, Carlos III ha dado un paso m\u00e1s al anunciar la retirada formal de los mismos, tambi\u00e9n el de pr\u00edncipe, y comunicar la rescisi\u00f3n del contrato que le permit\u00eda seguir viviendo en Royal Lodge. \u00a0A continuaci\u00f3n, reproducimos el comunicado de Buckingham \u00edntegro:\u00a0<\/p>\n<p> <img src=\"https:\/\/www.europesays.com\/es\/wp-content\/uploads\/2025\/10\/af58a212f60c-dlu580961024-1.jpg\"   width=\"596\" height=\"1024\" loading=\"lazy\" decoding=\"async\" alt=\"El pr\u00edncipe Andr\u00e9s durante el servicio del Domingo de Pascua en Windsor, Inglaterra.\" fetchpriority=\"auto\" class=\"image ho-image\"\/>\u00a9 GTRES<\/p>\n<p id=\"eP7Gh8SzvBv-\" data-wc=\"19\">Su Majestad ha iniciado hoy un procedimiento formal para retirar el tratamiento, los t\u00edtulos y honores al pr\u00edncipe Andr\u00e9s.\u00a0<\/p>\n<p id=\"ejFpjkdxE-\" data-wc=\"66\">El pr\u00edncipe Andr\u00e9s ser\u00e1 ahora conocido como Andrew Mountbatten Windsor. Su contrato de arrendamiento en Royal Lodge le ha proporcionado, hasta la fecha, protecci\u00f3n legal para continuar en la residencia. Una notificaci\u00f3n formal ha sido enviada para rescindir el contrato y \u00e9l se mudar\u00e1 a un alojamiento privado. Estos actos de censura son necesarios, sin ignorar el hecho de que contin\u00faa negando las alegaciones contra \u00e9l.\u00a0<\/p>\n<p id=\"eNpZuaw4Nz\" data-wc=\"25\">Sus majestades desean aclarar que sus pensamientos y solidaridad han estado siempre y seguir\u00e1n estando con las v\u00edctimas y supervivientes de cualquier tipo de abuso.\u00a0<\/p>\n<p> <img src=\"https:\/\/www.europesays.com\/es\/wp-content\/uploads\/2025\/10\/fc63707f7a44-gettyimages-1906597307.jpg\"   width=\"1024\" height=\"682\" loading=\"lazy\" decoding=\"async\" alt=\"Andr\u00e9s, en la misa navide\u00f1a de los Windsor en Sandringham\" fetchpriority=\"auto\" class=\"image ho-image\"\/>\u00a9 Getty ImagesAndr\u00e9s, en la misa navide\u00f1a de los Windsor en Sandringham<\/p>\n<p id=\"eikTOK4GFD\" data-wc=\"148\">La presi\u00f3n ya era insostenible. Eran muchas las voces que reclamaban medidas m\u00e1s rotundas tras las informaciones sobre la relaci\u00f3n entre Andr\u00e9s, al que ya no nos referiremos como pr\u00edncipe, y Jeffrey Epstein. Si hace dos semanas era el propio aludido el que firmaba un comunicado renunciando a usar sus t\u00edtulos, ahora es el Rey el que asume el mando de la situaci\u00f3n para dar un golpe en la mesa e ir m\u00e1s all\u00e1 de la deferencia aceptada por su hermano. No se trata de que no los use, sino de que no tenga ni siquiera el t\u00edtulo de pr\u00edncipe que le corresponde por nacimiento. As\u00ed como el anuncio de Andr\u00e9s era de efectos inmediatos, <strong>la decisi\u00f3n del monarca implica abrir un procedimiento legislativo<\/strong> que deber\u00e1 ser aprobado por el Parlamento y contar con el respaldo popular, algo que se aventura factible a juzgar por las \u00faltimas encuestas.\u00a0<\/p>\n<p id=\"eM5VPp15hX\" data-wc=\"131\">La decisi\u00f3n es ins\u00f3lita, pero muy demandada, igual que la cuesti\u00f3n de su vivienda. Andr\u00e9s resid\u00eda en<a class=\"hm-link ho-link\" href=\"https:\/\/www.hola.com\/realeza\/casa_inglesa\/20251028863929\/casas-rey-carlos-iii-ofrece-al-principe-andres-salga-del-royal-lodge\/\" data-mrf-recirculation=\"article-body-link\" rel=\"nofollow noopener\" target=\"_blank\">\u00a0la imponente Royal Lodge<\/a>, una mansi\u00f3n de 30 habitaciones de una categor\u00eda muy superior a la que \u00e9l ya ostentaba, teniendo en cuenta que llevaba retirado de la vida p\u00fablica desde 2019. Hac\u00eda tiempo que Carlos III quer\u00eda que su hermano dejara vacante esa casa, pero le blindaba legalmente el contrato que ten\u00eda con The Crown State, organismo que gestiona las propiedades de la Corona, hasta 2078. Se atrincher\u00f3 hasta el \u00faltimo momento, pero la opini\u00f3n p\u00fablica no resisti\u00f3 conocer las condiciones de su alquiler. LLevaba 22 a\u00f1os pagando una renta simb\u00f3lica, probablemente de 1 libra esterlina al mes, en una f\u00f3rmula absolutamente legal que estipulaba su contrato, pero escandalosa en el contexto actual.\u00a0<\/p>\n<p> <img src=\"https:\/\/www.europesays.com\/es\/wp-content\/uploads\/2025\/10\/0f7479dcd9fb-dlu434818012.jpg\"   width=\"1024\" height=\"667\" loading=\"lazy\" decoding=\"async\" alt=\"Sarah Ferguson, duquesa de York, y el pr\u00edncipe Andr\u00e9s, duque de York, durante el cuarto d\u00eda de Royal Ascot en el hip\u00f3dromo de Ascot.\" fetchpriority=\"auto\" class=\"image ho-image\"\/>\u00a9 GTRESSarah Ferguson y Andr\u00e9s Mountbatten Windsor<\/p>\n<p> <img src=\"https:\/\/www.europesays.com\/es\/wp-content\/uploads\/2025\/10\/116890a4c1c6-gettyimages-52118839.jpg\"   width=\"717\" height=\"1024\" loading=\"lazy\" decoding=\"async\" alt=\"Royal Lodge\" fetchpriority=\"auto\" class=\"image ho-image\"\/>\u00a9 Tim Graham Photo Library via GetRoyal Lodge, la vivienda que abandonar\u00e1 Andr\u00e9s <\/p>\n<p id=\"eCU6XcybGx\" data-wc=\"61\">Hac\u00eda d\u00edas que se sab\u00eda que Andr\u00e9s estaba negociando al fin su salida de Royal Lodge. La gran pregunta era \u00bfd\u00f3nde se mudar\u00e1 el hermano del Rey? Aunque el comunicado no especifica cu\u00e1l ser\u00e1 su destino, la prensa brit\u00e1nica apunta a que se trasladar\u00e1 a una propiedad de Sandringham, mientras que su exmujer, Sarah Ferguson, buscar\u00e1 ella misma una vivienda alternativa.\u00a0<\/p>\n<p>Pr\u00f3ximos pasos<\/p>\n<p id=\"eJ07FjDcxR\" data-wc=\"94\">El primer movimiento de Carlos III se presume que ya lo est\u00e1 tramitando y consiste en el env\u00edo de las \u00f3rdenes reales al Lord Canciller para la retirada del ducado de York, el t\u00edtulo de pr\u00edncipe y el tratamiento de Alteza Real. Estos son sus grandes t\u00edtulos, pero tampoco tendr\u00e1 el de conde de Inverness y bar\u00f3n de Killyleagh, as\u00ed como. Tampoco pertenecer\u00e1 ni a la Orden de la Jarretera ni a la Victoriana, de la que era caballero de la Gran Cruz. Seg\u00fan informa el Daily Mail, Andr\u00e9s no habr\u00eda puesto ninguna objeci\u00f3n.\u00a0<\/p>\n<p> <img src=\"https:\/\/www.europesays.com\/es\/wp-content\/uploads\/2025\/10\/9ff9a5e3e33e-dlu136906019.jpg\"   width=\"800\" height=\"1024\" loading=\"lazy\" decoding=\"async\" alt=\"El duque de York, junto con la princesa Beatriz y la princesa Eugenia, asisten al Derby en el hip\u00f3dromo de Epsom.\" fetchpriority=\"auto\" class=\"image ho-image\"\/>\u00a9 \u00c2\u00a9GTRESONLINENada cambiar\u00e1 para las princesas Beatriz y Eugenia<\/p>\n<p id=\"ej2DVnJ4sQ\" data-wc=\"118\">En cuanto a la rescisi\u00f3n del contrato de arrendamiento de Royal Lodge, se espera que el hermano del Rey abandone la propiedad lo antes posible. Esta decisi\u00f3n, tal y como han asegurado fuentes de palacio al mismo diario, ha sido tomada por el Rey en consenso con sus asesores y en ning\u00fan caso ha recibido presiones externas, ni del Gobierno ni del pr\u00edncipe Guillermo. Desmiente as\u00ed la versi\u00f3n que difundi\u00f3 la periodista de la BBC, Emily Maitlis, que hablaba de <a class=\"hm-link ho-link\" href=\"https:\/\/www.hola.com\/realeza\/casa_inglesa\/20251028864294\/principe-guillermo-princesas-eugenia-beatriz-ultimatum\/\" data-mrf-recirculation=\"article-body-link\" rel=\"nofollow noopener\" target=\"_blank\">una supuesta reuni\u00f3n del pr\u00edncipe de Gales<\/a> con sus primas en la que les habr\u00eda dado un ultim\u00e1tum para convencer a su padre de dejar la residencia, si no quer\u00edan que Buckingham reconsiderase la cuesti\u00f3n de sus t\u00edtulos.\u00a0<\/p>\n<p id=\"eDEfRJhB30\" data-wc=\"51\">Al contrario, esta decisi\u00f3n no afecta en absoluto a<a class=\"hm-link ho-link\" href=\"https:\/\/www.hola.com\/realeza\/casa_inglesa\/20251029864509\/beatriz-eugenia-york-tierra-por-medio-principe-andres-prepara-mudanza\/\" data-mrf-recirculation=\"article-body-link\" rel=\"nofollow noopener\" target=\"_blank\">\u00a0Beatriz y Eugenia<\/a>, que siguen siendo princesas de York. Para Carlos III era importante que cualquier medida contra su hermano dejara indemnes a sus hijas, importantes activos en su monarqu\u00eda, pese a no ser miembros de la casa real a tiempo completo.\u00a0<\/p>\n","protected":false},"excerpt":{"rendered":"Dos semanas despu\u00e9s de que el pr\u00edncipe Andr\u00e9s anunciase\u00a0su decisi\u00f3n de renunciar al uso de sus t\u00edtulos y&hellip;\n","protected":false},"author":2,"featured_media":209802,"comment_status":"","ping_status":"","sticky":false,"template":"","format":"standard","meta":{"footnotes":""},"categories":[174],"tags":[255,146,147,25,24,256,52087,1027,6856,22286,23],"class_list":{"0":"post-209801","1":"post","2":"type-post","3":"status-publish","4":"format-standard","5":"has-post-thumbnail","7":"category-famosos","8":"tag-celebrities","9":"tag-entertainment","10":"tag-entretenimiento","11":"tag-es","12":"tag-espana","13":"tag-famosos","14":"tag-principe-andres","15":"tag-realeza","16":"tag-realeza-inglesa","17":"tag-rey-carlos-iii","18":"tag-spain"},"share_on_mastodon":{"url":"https:\/\/pubeurope.com\/@es\/115465712147276716","error":""},"_links":{"self":[{"href":"https:\/\/www.europesays.com\/es\/wp-json\/wp\/v2\/posts\/209801","targetHints":{"allow":["GET"]}}],"collection":[{"href":"https:\/\/www.europesays.com\/es\/wp-json\/wp\/v2\/posts"}],"about":[{"href":"https:\/\/www.europesays.com\/es\/wp-json\/wp\/v2\/types\/post"}],"author":[{"embeddable":true,"href":"https:\/\/www.europesays.com\/es\/wp-json\/wp\/v2\/users\/2"}],"replies":[{"embeddable":true,"href":"https:\/\/www.europesays.com\/es\/wp-json\/wp\/v2\/comments?post=209801"}],"version-history":[{"count":0,"href":"https:\/\/www.europesays.com\/es\/wp-json\/wp\/v2\/posts\/209801\/revisions"}],"wp:featuredmedia":[{"embeddable":true,"href":"https:\/\/www.europesays.com\/es\/wp-json\/wp\/v2\/media\/209802"}],"wp:attachment":[{"href":"https:\/\/www.europesays.com\/es\/wp-json\/wp\/v2\/media?parent=209801"}],"wp:term":[{"taxonomy":"category","embeddable":true,"href":"https:\/\/www.europesays.com\/es\/wp-json\/wp\/v2\/categories?post=209801"},{"taxonomy":"post_tag","embeddable":true,"href":"https:\/\/www.europesays.com\/es\/wp-json\/wp\/v2\/tags?post=209801"}],"curies":[{"name":"wp","href":"https:\/\/api.w.org\/{rel}","templated":true}]}}