{"id":209813,"date":"2025-10-30T23:34:07","date_gmt":"2025-10-30T23:34:07","guid":{"rendered":"https:\/\/www.europesays.com\/es\/209813\/"},"modified":"2025-10-30T23:34:07","modified_gmt":"2025-10-30T23:34:07","slug":"mientras-haga-calor-hay-riesgo","status":"publish","type":"post","link":"https:\/\/www.europesays.com\/es\/209813\/","title":{"rendered":"\u00abMientras haga calor, hay riesgo\u00bb"},"content":{"rendered":"<p style=\"\">La Fundaci\u00f3n Cajasol acog\u00eda la tarde de este jueves una sesi\u00f3n de conferencias con el t\u00edtulo <strong>\u00abZoonosis  y salud p\u00fablica\u00bb<\/strong>, con especial papel de las conferencias de Miguel \u00c1ngel Muni\u00e1in Ezcurra, miembro de la Real Academia de Medicina y Cirug\u00eda de Sevilla, sobre  \u00ab &#8230; Zoonosis y vectores de transmisi\u00f3n\u00ab; y Jordi Figuerola Borr\u00e1s, miembro de la Estaci\u00f3n Biol\u00f3gica de Do\u00f1ana, perteneciente al CSIC y ubicada en Sevilla; sobre \u00abEl virus del Nilo occidental. Un reto para la salud p\u00fablica\u00bb. <\/p>\n<p class=\"voc-p\" style=\"\">Miguel \u00c1ngel Muni\u00e1in Ezcurra comenzaba su ponencia avisando de que en t\u00e9rminos generales, las infecciones en seres humanos por zoonosis, es decir el contagio de bacterias, virus u hongos desde animales a personas, <strong>est\u00e1n \u00abinfradiagnosticadas\u00bb porque muchas veces sus s\u00edntomas son aplacados sin demasiadas complicaciones.<\/strong><\/p>\n<p class=\"voc-p\" style=\"\">En ese marco, precisaba que en el conjunto de Andaluc\u00eda <strong>no hay una \u00abincidencia demasiado elevada\u00bb de infecciones por zoonosis<\/strong>, si bien llamaba a profundizar en la materia.<\/p>\n<p class=\"voc-p\" style=\"\">As\u00ed, Miguel \u00c1ngel Muni\u00e1in pormenorizaba sobre las principales infecciones en seres humanos derivadas de zoonosis por la presencia de <strong>garrapatas<\/strong>, por ejemplo.<\/p>\n<p class=\"voc-p\" style=\"\">Entre las principales enfermedades que afronta actualmente la humanidad por d\u00eda v\u00eda mencionaba <strong>la fiebre recurrente end\u00e9mica o la enfermedad de Lyme<\/strong>, cuyas fases desgranaba destacando adem\u00e1s la dificultad de diagnosticar esta dolencia. <\/p>\n<p class=\"voc-p\" style=\"\">Eso s\u00ed, aclaraba que la enfermedad de Lyme cuenta con muy poca presencia en Sevilla y el conjunto de Andaluc\u00eda, <strong>se\u00f1alando un caso constatado en el municipio sevillano de Montellano. <\/strong><\/p>\n<p class=\"voc-p\" style=\"\">Adem\u00e1s, destacaba los riesgos del <strong>coronavirus Covid-19 de larga duraci\u00f3n<\/strong>, la enfermedad de Crimea-Congo, descubierta en 1944 ;o el tifus epid\u00e9mico, transmitido por el piojo y que \u00aben las batallas ha matado a m\u00e1s gente que las propias batallas\u00bb, protagonizando adem\u00e1s el estreno de la \u00abguerra biol\u00f3gica\u00bb. <\/p>\n<p class=\"voc-p\" style=\"\">Jordi Figuerola centraba su conferencia en<strong> el temido <\/strong><strong>virus de la fiebre del Nilo Occidental<\/strong>, que s\u00f3lo puede ser trasmitido a las personas por la picadura de los mosquitos transmisores de esta enfermedad, despu\u00e9s de que la temporada estival de 2024 estuviese marcada por una grave crisis por la alta incidencia del virus, que dej\u00f3 118 infectados en Andaluc\u00eda y diez muertes en la provincia de Sevilla. <\/p>\n<p class=\"voc-p\" style=\"\">Tras aquella crisis, este a\u00f1o ha pesado un refuerzo de las prevenciones, que parten de un programa de Vigilancia y Control Integral de Vectores de la Fiebre del Nilo Occidental dise\u00f1ado por la Junta de Andaluc\u00eda, a partir del cual l<strong>a Diputaci\u00f3n ha articulado una campa\u00f1a de tratamientos contra los mosquitos transmisores en los 15 municipios declarados de especial seguimiento<\/strong> en el mencionado plan auton\u00f3mico; junto con los programas municipales impulsados por cada localidad.<\/p>\n<p class=\"voc-p\" style=\"\">En ese sentido, este experto del Consejo Superior de Investigaciones Cient\u00edficas alertaba de que <strong>el virus del Nilo \u00abno es un problema pasajero, sino que ha venido para quedarse\u00bb<\/strong>. Otros de sus mensajes se centraban en la relaci\u00f3n entre el calor, la proliferaci\u00f3n de mosquitos transmisores y la propagaci\u00f3n del virus; as\u00ed como en el aviso de que cuanto menos fr\u00edo hace en invierno, mayor riesgo hay de repunte de virus del Nilo al siguiente verano. <strong>\u00abMientras haga calor, existe riesgo\u00bb<\/strong>, resum\u00eda.<\/p>\n<p class=\"voc-p\" style=\"\">Figuerola reflexionaba adem\u00e1s <strong>sobre la grave crisis de 2024<\/strong>, con la explicaci\u00f3n de que todo programa de vigilancia de los mosquitos transmisores y de la circulaci\u00f3n del virus debe contar obligatoriamente con \u00abuna acci\u00f3n inmediata de control\u00bb de los vectores de propagaci\u00f3n.<\/p>\n<p class=\"voc-p\" style=\"\">\u00abTras la vigilancia hay que tener muy claro qu\u00e9 actuaciones de control se van a dar y qui\u00e9n las va a pagar\u00bb, ha dicho, manifestando que l<strong>os municipios de poca poblaci\u00f3n \u00abtienen muy complicado\u00bb combatir este fen\u00f3meno por s\u00ed solos. <\/strong><\/p>\n<p class=\"voc-p\" style=\"\">Sobre la mesa, una vez m\u00e1s, el debate competencial, pues <strong>no pocos ayuntamientos, adem\u00e1s de la Diputaci\u00f3n, vienen reclamando a la Junta de Andaluc\u00eda que sufrague los costes de las medidas de prevenci\u00f3n<\/strong> incluidas en el programa auton\u00f3mico, bajo la premisa de que se trata de una problem\u00e1tica supramunicipal y que los consistorios carecen de suficientes recursos para costear el asunto y de competencias. <\/p>\n<p class=\"voc-p\" style=\"\">No obstante, pesa una se<strong>ntencia del la sala de lo Contencioso Administrativo del Tribunal Superior de Justicia de Andaluc\u00eda (TSJA)<\/strong> que avala una resoluci\u00f3n con la que la Junta reclamaba al Ayuntamiento de Isla Mayor la elaboraci\u00f3n y aplicaci\u00f3n de un plan municipal de vigilancia y control contra los mosquitos transmisores del virus de la fiebre del Nilo Occidental.<\/p>\n<p class=\"voc-p\" style=\"\">Y es que seg\u00fan el TSJA, el decreto 8\/1995 que aprueba el Reglamento de Desinfecci\u00f3n, Desinsectaci\u00f3n y Desratizaci\u00f3n Sanitarias reconoce la aplicaci\u00f3n de tratamientos de desinsectaci\u00f3n y desratizaci\u00f3n y desinfectantes \u00abpor<strong> los servicios oficiales de los <\/strong><strong>municipios<\/strong>\u00bb.<\/p>\n<p class=\"voc-p\" style=\"\">Para Figuerola, <strong>el modelo de referencia en Andaluc\u00eda ser\u00eda el de la Diputaci\u00f3n de Huelva<\/strong>, que ofrece a los municipios un sistema de \u00abgastos compartidos\u00bb con el que asume el 80 por ciento del coste de los trabajos de control de los mosquitos transmisores del virus.<\/p>\n<p class=\"voc-p\" style=\"\">En cualquier caso, ha asegurado que este a\u00f1o, fruto del actual plan auton\u00f3mico de prevenci\u00f3n y de las actuaciones desplegadas por la Diputaci\u00f3n de Sevilla con 13 equipos de trabajo contra los mosquitos transmisores, \u00ab<strong>la situaci\u00f3n es muy positiva respecto a 2024\u00bb,<\/strong> con s\u00f3lo cuatro casos de personas contagiadas, en los municipios sevillanos de Mor\u00f3n de la Frontera y La Rinonada, en And\u00fajar (Ja\u00e9n) y en Almer\u00eda. <\/p>\n<p class=\"voc-p\" style=\"\">La localizaci\u00f3n de estos casos en tales lugares le llevaba a puntualizar que est\u00e1 claro que <strong>el virus est\u00e1 abarcando cada vez \u00abzonas m\u00e1s extendidas\u00bb<\/strong>, m\u00e1s all\u00e1 de las tradicionalmente asociadas a la presencia de mosquitos.  <\/p>\n","protected":false},"excerpt":{"rendered":"La Fundaci\u00f3n Cajasol acog\u00eda la tarde de este jueves una sesi\u00f3n de conferencias con el t\u00edtulo \u00abZoonosis y&hellip;\n","protected":false},"author":2,"featured_media":209814,"comment_status":"","ping_status":"","sticky":false,"template":"","format":"standard","meta":{"footnotes":""},"categories":[92],"tags":[42805,4922,25,24,19357,165,5046,9181,1288,166,23,23683,1079,2275,7996],"class_list":{"0":"post-209813","1":"post","2":"type-post","3":"status-publish","4":"format-standard","5":"has-post-thumbnail","7":"category-salud","8":"tag-abarca","9":"tag-calor","10":"tag-es","11":"tag-espana","12":"tag-haga","13":"tag-health","14":"tag-nilo","15":"tag-quedarse","16":"tag-riesgo","17":"tag-salud","18":"tag-spain","19":"tag-venido","20":"tag-vez","21":"tag-virus","22":"tag-zonas"},"share_on_mastodon":{"url":"https:\/\/pubeurope.com\/@es\/115465739583454209","error":""},"_links":{"self":[{"href":"https:\/\/www.europesays.com\/es\/wp-json\/wp\/v2\/posts\/209813","targetHints":{"allow":["GET"]}}],"collection":[{"href":"https:\/\/www.europesays.com\/es\/wp-json\/wp\/v2\/posts"}],"about":[{"href":"https:\/\/www.europesays.com\/es\/wp-json\/wp\/v2\/types\/post"}],"author":[{"embeddable":true,"href":"https:\/\/www.europesays.com\/es\/wp-json\/wp\/v2\/users\/2"}],"replies":[{"embeddable":true,"href":"https:\/\/www.europesays.com\/es\/wp-json\/wp\/v2\/comments?post=209813"}],"version-history":[{"count":0,"href":"https:\/\/www.europesays.com\/es\/wp-json\/wp\/v2\/posts\/209813\/revisions"}],"wp:featuredmedia":[{"embeddable":true,"href":"https:\/\/www.europesays.com\/es\/wp-json\/wp\/v2\/media\/209814"}],"wp:attachment":[{"href":"https:\/\/www.europesays.com\/es\/wp-json\/wp\/v2\/media?parent=209813"}],"wp:term":[{"taxonomy":"category","embeddable":true,"href":"https:\/\/www.europesays.com\/es\/wp-json\/wp\/v2\/categories?post=209813"},{"taxonomy":"post_tag","embeddable":true,"href":"https:\/\/www.europesays.com\/es\/wp-json\/wp\/v2\/tags?post=209813"}],"curies":[{"name":"wp","href":"https:\/\/api.w.org\/{rel}","templated":true}]}}