{"id":209815,"date":"2025-10-30T23:35:11","date_gmt":"2025-10-30T23:35:11","guid":{"rendered":"https:\/\/www.europesays.com\/es\/209815\/"},"modified":"2025-10-30T23:35:11","modified_gmt":"2025-10-30T23:35:11","slug":"en-el-ejercito-alucinan-con-la-naturalidad-y-predisposicion-que-tiene-leonor-cumple-20-anos-como-un-activo-para-la-monarquia","status":"publish","type":"post","link":"https:\/\/www.europesays.com\/es\/209815\/","title":{"rendered":"\u201cEn el Ej\u00e9rcito alucinan con la naturalidad y predisposici\u00f3n que tiene\u201d: Leonor cumple 20 a\u00f1os como un \u201cactivo\u201d para la monarqu\u00eda"},"content":{"rendered":"<p>Unas situaciones que son iguales para todos, seg\u00fan la Academia General del Aire y del Espacio (AGA) de Murcia, <a href=\"https:\/\/www.revistavanityfair.es\/galerias\/la-princesa-leonor-comienza-su-formacion-en-el-ejercito-del-aire-todas-las-imagenes\" rel=\"nofollow noopener\" target=\"_blank\">donde la princesa cursa su \u00faltimo a\u00f1o de aprendizaje militar junto a otros futuros oficiales del Ej\u00e9rcito<\/a>. Seg\u00fan la informaci\u00f3n que la Jefatura de Estudios ha compartido con Vanity Fair, la princesa, junto al resto de internos, <strong>tiene que desayunar cada d\u00eda a las 6.30 de la ma\u00f1ana para iniciar una hora despu\u00e9s sus actividades docentes, que en el caso de los alumnos de la 78 promoci\u00f3n son asignaturas correspondientes al grado universitario de Ingenier\u00eda de Organizaci\u00f3n Industrial.<\/strong><\/p>\n<p><img decoding=\"async\" alt=\"La princesa Leonor probando el avi\u00f3n donde entrenar.\" loading=\"lazy\" class=\"ResponsiveImageContainer-eNxvmU cfBbTk responsive-image__image\"   src=\"https:\/\/www.europesays.com\/es\/wp-content\/uploads\/2025\/10\/DL_u590048_070.jpg\"\/><\/p>\n<p>La princesa Leonor probando el avi\u00f3n donde entrenar\u00e1.<\/p>\n<p>Jesus Briones\/Gtresonline<\/p>\n<p>Las clases de la ma\u00f1ana terminan a las 14.40h, hora del almuerzo. Aunque hay d\u00edas que en los que la jornada puede terminar a las 16h, lo normal es que acabe a las 18h (y que puedan salir a cenar fuera, siempre que regresen a dormir a la academia). Un curso en el que, entre otras, aprender\u00e1 las asignaturas de Capacidades y Limitaciones Humanas Relacionadas con el Vuelo, Navegaci\u00f3n A\u00e9rea o Sistemas y Procedimientos de Vuelo con el fin de aprender pr\u00e1cticas de mando y liderazgo relacionadas con la actividad de piloto y de recibir <strong>instrucci\u00f3n y adiestramiento en pr\u00e1cticas de \u201csupervivencia, evasi\u00f3n, resistencia y extracci\u00f3n, supervivencia b\u00e1sica y supervivencia en el mar\u201d<\/strong>. Los alumnos, adem\u00e1s, tienen tres periodos de pr\u00e1ctica de deporte a la semana que incluyen esgrima o pentatl\u00f3n aeron\u00e1utico, entre otros.<\/p>\n<p>En el curso pr\u00e1ctico de vuelo aprenden con simuladores, misiones de vuelo, vuelo visual, instrumental y en formaci\u00f3n con el objetivo de terminar pilotando aeronaves \u201ccon la destreza y la seguridad necesarias en misiones de vuelo visual, incluyendo maniobras de altas caracter\u00edsticas y acrobacia\u201d. En el vuelo en formaci\u00f3n, la AGA informa de que \u201clos contenidos del curso de vuelo, te\u00f3ricos y pr\u00e1cticos, se desarrollan en la asignatura Sistemas y Procedimientos de Vuelo II\u201d con una extensi\u00f3n de unos 22ECTS, que equivalen a unas 550 a 660 horas de trabajo total.<\/p>\n<p>Un s\u00edmbolo<\/p>\n<p>En un bar, en una hamburgueser\u00eda con motivo del cumplea\u00f1os de un amigo, en una playa lejana\u2026 La princesa ha sido captada en varias salidas en los \u00faltimos dos a\u00f1os departiendo con algunos de sus compa\u00f1eros de formaci\u00f3n. \u201cEl hecho de que en las academias militares se la haya visto compartir momentos de ocio con ellos sin que se la encapsule en una posici\u00f3n distante de los dem\u00e1s es la prueba de que Leonor <strong>es una chica que vive en su mundo, en su sociedad, que tiene claras sus responsabilidades en cuanto a su formaci\u00f3n y deberes, pero que intentar\u00e1 hacerlo compatible con lo que har\u00eda una chica de 20 a\u00f1os<\/strong>\u201d. As\u00ed lo cree <strong>Rosa Mar\u00eda Capel<\/strong>, catedr\u00e1tica de Historia Contempor\u00e1nea de la Universidad Complutense y referente en la investigaci\u00f3n de la historia de las mujeres en Espa\u00f1a.<\/p>\n","protected":false},"excerpt":{"rendered":"Unas situaciones que son iguales para todos, seg\u00fan la Academia General del Aire y del Espacio (AGA) de&hellip;\n","protected":false},"author":2,"featured_media":209816,"comment_status":"","ping_status":"","sticky":false,"template":"","format":"standard","meta":{"footnotes":""},"categories":[91],"tags":[146,147,25,24,1887,14587,1026,38833,11440,811,23],"class_list":{"0":"post-209815","1":"post","2":"type-post","3":"status-publish","4":"format-standard","5":"has-post-thumbnail","7":"category-entretenimiento","8":"tag-entertainment","9":"tag-entretenimiento","10":"tag-es","11":"tag-espana","12":"tag-familia-real-espanola","13":"tag-felipe-de-borbon","14":"tag-infanta-sofia","15":"tag-juan-carlos-de-borbon","16":"tag-letizia-ortiz","17":"tag-princesa-leonor","18":"tag-spain"},"share_on_mastodon":{"url":"https:\/\/pubeurope.com\/@es\/115465743832917211","error":""},"_links":{"self":[{"href":"https:\/\/www.europesays.com\/es\/wp-json\/wp\/v2\/posts\/209815","targetHints":{"allow":["GET"]}}],"collection":[{"href":"https:\/\/www.europesays.com\/es\/wp-json\/wp\/v2\/posts"}],"about":[{"href":"https:\/\/www.europesays.com\/es\/wp-json\/wp\/v2\/types\/post"}],"author":[{"embeddable":true,"href":"https:\/\/www.europesays.com\/es\/wp-json\/wp\/v2\/users\/2"}],"replies":[{"embeddable":true,"href":"https:\/\/www.europesays.com\/es\/wp-json\/wp\/v2\/comments?post=209815"}],"version-history":[{"count":0,"href":"https:\/\/www.europesays.com\/es\/wp-json\/wp\/v2\/posts\/209815\/revisions"}],"wp:featuredmedia":[{"embeddable":true,"href":"https:\/\/www.europesays.com\/es\/wp-json\/wp\/v2\/media\/209816"}],"wp:attachment":[{"href":"https:\/\/www.europesays.com\/es\/wp-json\/wp\/v2\/media?parent=209815"}],"wp:term":[{"taxonomy":"category","embeddable":true,"href":"https:\/\/www.europesays.com\/es\/wp-json\/wp\/v2\/categories?post=209815"},{"taxonomy":"post_tag","embeddable":true,"href":"https:\/\/www.europesays.com\/es\/wp-json\/wp\/v2\/tags?post=209815"}],"curies":[{"name":"wp","href":"https:\/\/api.w.org\/{rel}","templated":true}]}}