{"id":209821,"date":"2025-10-30T23:38:06","date_gmt":"2025-10-30T23:38:06","guid":{"rendered":"https:\/\/www.europesays.com\/es\/209821\/"},"modified":"2025-10-30T23:38:06","modified_gmt":"2025-10-30T23:38:06","slug":"conmocion-en-rio-de-janeiro-por-la-brutal-redada-con-mas-de-130-muertos","status":"publish","type":"post","link":"https:\/\/www.europesays.com\/es\/209821\/","title":{"rendered":"conmoci\u00f3n en R\u00edo de Janeiro por la brutal redada con m\u00e1s de 130 muertos"},"content":{"rendered":"<p class=\"article-text\">\n        A\u00fan no hab\u00eda amanecido, pero en la calle principal de la favela Vila Cruzeiro ya hab\u00eda decenas de cad\u00e1veres esparcidos tras la operaci\u00f3n policial m\u00e1s letal en la historia de R\u00edo de Janeiro, en la que murieron m\u00e1s de 130 personas. Desfigurados hasta lo grotesco y manchados de sangre, los cuerpos hab\u00edan sido arrastrados desde los bosques cercanos y reposaban sobre las lonas azules y l\u00e1minas de pl\u00e1stico negras que cubr\u00edan la calle.\n    <\/p>\n<p class=\"article-text\">\n        \u201cS\u00f3lo yo he tra\u00eddo a 53&#8230; Debe de haber otros 12 o 15 all\u00e1 arriba, en el bosque\u201d, dice el presidente de la asociaci\u00f3n de vecinos, Erivelton Vidal Correia, con los ojos llorosos tras una noche en vela bajando del cerro cuerpos de vecinos del barrio acribillados a balazos.\n    <\/p>\n<p class=\"article-text\">\n        Vidal Correia se desmorona al recordar la incesante b\u00fasqueda nocturna de cad\u00e1veres tras esta masacre policial en R\u00edo, una de las peores en la historia moderna de Brasil. \u201cNunca hab\u00eda visto nada igual en mi vida, hermano, ni siquiera en la Franja de Gaza ocurre esto&#8230; No puedo soportar ver m\u00e1s cad\u00e1veres\u201d, cuenta llorando y cubri\u00e9ndose la cara con los guantes quir\u00fargicos que se hab\u00eda puesto para mover los cuerpos.\n    <\/p>\n<p>            <img decoding=\"async\" class=\"lazy\" loading=\"lazy\" data-src=\"https:\/\/static.eldiario.es\/clip\/7eda9ce9-7afd-4240-aeeb-2bf945543869_16-9-discover-aspect-ratio_default_0_x964y636.jpg\" src=\"data:image\/svg+xml,%3Csvg xmlns=\" http:=\"\" viewbox=\"0 0 1200 675\" alt=\"Un grupo de personas observa los cuerpos sin vida en una calle de R\u00edo de Janeiro (Brasil).\"\/><\/p>\n<p class=\"article-text\">\n        Las autoridades de R\u00edo comunicaron el martes que al menos 64 personas, cuatro agentes de polic\u00eda entre ellas, hab\u00edan perdido la vida en la operaci\u00f3n policial desplegada por 2.500 agentes antes del amanecer en Alem\u00e3o y Penha, el extenso conjunto de favelas del que forma parte Vila Cruzeiro. En la madrugada del mi\u00e9rcoles, el fiscal general comunic\u00f3 que el n\u00famero de muertos hab\u00eda ascendido a 132, por encima la cifra tristemente c\u00e9lebre de la masacre en la prisi\u00f3n de Carandiru (S\u00e3o Paulo), donde 111 presos perdieron la vida en 1992.\n    <\/p>\n<p class=\"article-text\">\n        Entre las 4:15 h y las 9:00 h, cuando por fin llegaron los servicios funerarios del Gobierno, The Guardian pudo presenciar c\u00f3mo decenas de cad\u00e1veres eran transportados en camionetas a la plaza de San Lucas Evangelista, en Vila Cruzeiro. \u201cNunca hab\u00eda visto nada igual&#8230; Todav\u00eda no consigo comprender qu\u00e9 ha ocurrido; me siento vac\u00edo, no tengo palabras\u201d, dijo el activista de la favela Raull Santiago ante la llegada de otro cargamento de cad\u00e1veres y el frenes\u00ed de las mujeres de la zona que buscaban a hijos, maridos y hermanos desaparecidos.\n    <\/p>\n<blockquote class=\"quote\">\n<p class=\"quote-text\">M\u00e1s all\u00e1 de que estas personas estuvieran o no involucradas en el tr\u00e1fico de drogas en la zona, en Brasil no existe la pena de muerte&#8230; Deber\u00edan haber sido arrestados<\/p>\n<p>\n                        Raull Santiago<br \/>\n                                        \u2014 activista\n                      <\/p>\n<\/blockquote>\n<p class=\"article-text\">\n        La mayor\u00eda de los fallecidos parecen ser adolescentes, veintea\u00f1eros y treinta\u00f1eros. Es probable que muchos, si no todos, fueran miembros de la organizaci\u00f3n local de narcos llamada Comando Rojo, contra la que iba dirigida la operaci\u00f3n policial del martes. Casi todos los cad\u00e1veres estaban desnudos, pero algunos llevaban trajes de camuflaje, la ropa que emplean francotiradores, cazadores y fot\u00f3grafos especializados en vida silvestre para ocultarse en la vegetaci\u00f3n.\n    <\/p>\n<p class=\"article-text\">\n        Entre las decenas de personas congregadas en la plaza hab\u00eda gente enfurecida. Dec\u00edan que la polic\u00eda deb\u00eda haber detenido a los j\u00f3venes, antes que proceder a una ejecuci\u00f3n sumaria. \u201cM\u00e1s all\u00e1 de que estas personas estuvieran o no involucradas en el tr\u00e1fico de drogas en la zona, en Brasil no existe la pena de muerte&#8230; Deber\u00edan haber sido arrestados\u201d, dijo Raull Santiago.\n    <\/p>\n<p class=\"article-text\">\n        \u201c\u00a1Asesinos! \u00a1Asesinos!\u201d, gritaba Cida Santana. Su hijo Fabio le hab\u00eda enviado un mensaje en torno a las 15.00 h del martes para decirle que hab\u00eda recibido un disparo en el pie y que estaba tratando de entregarse a la polic\u00eda. Diecis\u00e9is horas despu\u00e9s, el cad\u00e1ver de Fabio yac\u00eda cubierto por una manta con estampado de flores y manchada de sangre. Su cuerpo parec\u00eda tener heridas de arma blanca en la zona del pecho. \u201c\u00a1Dios m\u00edo! \u00a1Haz un milagro, Dios!\u201d, suplicaba Cida, derrumbada en el suelo junto a su hijo muerto.\n    <\/p>\n<p>            <img decoding=\"async\" class=\"lazy\" loading=\"lazy\" data-src=\"https:\/\/static.eldiario.es\/clip\/afd5cf43-e6d3-448f-9ad6-185e3ef90b70_16-9-discover-aspect-ratio_default_0_x548y389.jpg\" src=\"data:image\/svg+xml,%3Csvg xmlns=\" http:=\"\" viewbox=\"0 0 1200 675\" alt=\"Dos veh\u00edculos incinerados en R\u00edo de Janeiro (Brasil), tras el megaoperativo del martes.\"\/><\/p>\n<p class=\"article-text\">\n        Pero el hijo de Cida no resucitar\u00e1, ni lo har\u00e1n las docenas de cad\u00e1veres con heridas de bala en las extremidades, el torso y la cabeza, alineados junto al suyo en el exterior de un restaurante de sushi. Uno de los hombres hab\u00eda sido decapitado, su cabeza dentro de una bolsa verde oliva en el suelo. Varios de los cad\u00e1veres ten\u00edan los huesos gravemente fracturados o presentaban heridas punzantes en la carne.\n    <\/p>\n<p class=\"article-text\">\n        En algunos momentos, un silencio de estupefacci\u00f3n se apoderaba de la multitud mientras continuaba el flujo de camionetas con nuevos cad\u00e1veres. Nadie hab\u00eda visto nunca un derramamiento de sangre a esa escala. Ni los veteranos periodistas de sucesos, ni los predicadores de las \u00e1reas tomadas por las bandas, ni los vecinos de las favelas, hastiados de la lucha. Hasta esta semana, la operaci\u00f3n policial m\u00e1s letal de R\u00edo hab\u00eda sido la redada de 2021 en Jacarezinho, otro basti\u00f3n del Comando Rojo, durante la que murieron 28 personas.\n    <\/p>\n<p class=\"article-text\">\n        \u201cEs surrealista\u201d, dice Ant\u00f4nio Carlos Costa, l\u00edder religioso y activista de derechos humanos al pedir la destituci\u00f3n inmediata de Cl\u00e1udio Castro, gobernador de R\u00edo de Janeiro y aliado del expresidente ultraderechista Jair Bolsonaro. En su opini\u00f3n, lo ocurrido representa \u201cuna humillaci\u00f3n hist\u00f3rica\u201d para Brasil en v\u00edsperas de la cumbre clim\u00e1tica de la COP30, que se celebra el pr\u00f3ximo mes en la ciudad amaz\u00f3nica de Bel\u00e9m.\n    <\/p>\n<blockquote class=\"quote\">\n<p class=\"quote-text\">En 30 a\u00f1os trabajando [en las favelas], este es el mayor acto de salvajismo que he presenciado<\/p>\n<p>\n                        Fl\u00e1via Pinheiro Fr\u00f3es<br \/>\n                                        \u2014 abogada\n                      <\/p>\n<\/blockquote>\n<p class=\"article-text\">\n        En otros momentos, los espectadores estallaban de rabia al contemplar el dantesco espect\u00e1culo. Conmocionados, los amigos y familiares de los fallecidos arrancaban las s\u00e1banas que cubr\u00edan los cuerpos mutilados y exig\u00edan a los periodistas que filmaran la matanza para mostr\u00e1rsela al mundo. \u201c\u00a1Ay\u00fadennos, por favor!\u201d, imploraba temblando de rabia Cl\u00e1udia Silva, de 53 a\u00f1os, mientras denunciaba lo que ella y otros calificaban de \u201cgenocidio\u201d. \u201cCuando vienen aqu\u00ed, matan hasta a las ratas\u201d, a\u00f1adi\u00f3, refiri\u00e9ndose a la polic\u00eda.\n    <\/p>\n<p class=\"article-text\">\n        \u201cEsto ha sido una masacre, no una operaci\u00f3n, vinieron a matar\u201d, dijo Cida Santana junto al cad\u00e1ver de su hijo, sentada sobre una bolsa de basura cubierta de sangre.\n    <\/p>\n<p class=\"article-text\">\n        \u201cEn 30 a\u00f1os trabajando [en las favelas], este es el mayor acto de salvajismo, la mayor masacre que he presenciado\u201d, dijo la abogada Fl\u00e1via Pinheiro Fr\u00f3es, que hab\u00eda acudido para apoyar a los familiares de los fallecidos.\n    <\/p>\n<p class=\"article-text\">\n        Frente a una sensaci\u00f3n generalizada de indignaci\u00f3n creciente, el gobernador Castro sigue justificando la operaci\u00f3n policial. Entre los cr\u00edticos figura la Oficina de Derechos Humanos de la ONU, que se mostr\u00f3 horrorizada por las muertes. Castro celebra que se haya asestado \u201cun duro golpe\u201d a los narcotraficantes fuertemente armados que a lo largo de los \u00faltimos 40 a\u00f1os se han hecho con el control de muchos de los cientos de favelas que hay en R\u00edo.\n    <\/p>\n<p>    El ufano gobernador Castro<\/p>\n<p class=\"article-text\">\n        \u201cLas \u00fanicas v\u00edctimas de ayer fueron los polic\u00edas\u201d, dijo el gobernador en referencia a los cuatro agentes muertos durante el intenso tiroteo del martes con los delincuentes. \u201cNarcoterroristas\u201d, los llam\u00f3.\n    <\/p>\n<p class=\"article-text\">\n        Con la estola p\u00farpura sobre los hombros, el sacerdote Edmar Augusto, de 50 a\u00f1os, rociaba de agua bendita los m\u00e1s de 50 cad\u00e1veres que se hab\u00edan acumulado en la entrada de la favela mientras hablaba el gobernador. \u201cNo queremos guerra, queremos paz\u201d, dijo a los dolientes de la favela con voz quebrada por la emoci\u00f3n. \u201cHay tantas familias llorando y yo quiero llorar con ellas, la sociedad no puede permanecer en silencio\u201d, increp\u00f3 el sacerdote antes de rezar el padrenuestro volviendo la mirada hacia el cielo.\n    <\/p>\n<p>    <a href=\"https:\/\/www.eldiario.es\/internacional\/suben-132-muertos-operacion-policial-letal-historia-rio-janeiro_1_12725200.html\" data-mrf-recirculation=\"saber-mas-abajo\" data-dl-event=\"saber-mas-abajo\" rel=\"nofollow noopener\" target=\"_blank\"><\/p>\n<p class=\"know-more__title\">Al menos 132 muertos en la operaci\u00f3n policial m\u00e1s letal de la historia de R\u00edo de Janeiro<\/p>\n<p>            <img decoding=\"async\" class=\"lazy\" loading=\"lazy\" data-src=\"https:\/\/static.eldiario.es\/clip\/81c481da-0fbc-4b5e-bc5a-885a83a972b4_16-9-aspect-ratio_default_0.jpg\" src=\"data:image\/svg+xml,%3Csvg xmlns=\" http:=\"\" viewbox=\"0 0 880 495\" alt=\"Al menos 132 muertos en la operaci\u00f3n policial m\u00e1s letal de la historia de R\u00edo de Janeiro\"\/><\/p>\n<p>                        <\/a><\/p>\n<p class=\"article-text\">\n        Mientras esperaba la llegada de otro coche cargado de cad\u00e1veres, el presidente de la asociaci\u00f3n de vecinos Vidal Correia record\u00f3 la advertencia que dos d\u00e9cadas antes hab\u00eda hecho un grupo de misioneros evang\u00e9licos: dec\u00edan que la favela sufrir\u00eda un d\u00eda una sangrienta masacre. \u201cNo les cre\u00edmos, nunca cre\u00edmos que fuera a suceder\u201d, dijo. \u201cPero ellos lo profetizaron y hoy se ha cumplido\u201d, lament\u00f3.\n    <\/p>\n","protected":false},"excerpt":{"rendered":"A\u00fan no hab\u00eda amanecido, pero en la calle principal de la favela Vila Cruzeiro ya hab\u00eda decenas de&hellip;\n","protected":false},"author":2,"featured_media":209822,"comment_status":"","ping_status":"","sticky":false,"template":"","format":"standard","meta":{"footnotes":""},"categories":[42],"tags":[5404,889,1237,17,18,700,13,14,11,61,62,63,64,19,20,3013,9,10,15,16,5403,2151,952,12,21,22,65,66,67],"class_list":{"0":"post-209821","1":"post","2":"type-post","3":"status-publish","4":"format-standard","5":"has-post-thumbnail","7":"category-internacional","8":"tag-africa","9":"tag-america","10":"tag-asia","11":"tag-breaking-news","12":"tag-breakingnews","13":"tag-europa","14":"tag-featured-news","15":"tag-featurednews","16":"tag-headlines","17":"tag-internacional","18":"tag-international","19":"tag-international-news","20":"tag-internationalnews","21":"tag-latest-news","22":"tag-latestnews","23":"tag-mundo","24":"tag-news","25":"tag-noticias","26":"tag-noticias-destacadas","27":"tag-noticiasdestacadas","28":"tag-oriente-medio","29":"tag-periodismo","30":"tag-politica","31":"tag-titulares","32":"tag-ultimas-noticias","33":"tag-ultimasnoticias","34":"tag-world","35":"tag-world-news","36":"tag-worldnews"},"share_on_mastodon":{"url":"https:\/\/pubeurope.com\/@es\/115465755303513815","error":""},"_links":{"self":[{"href":"https:\/\/www.europesays.com\/es\/wp-json\/wp\/v2\/posts\/209821","targetHints":{"allow":["GET"]}}],"collection":[{"href":"https:\/\/www.europesays.com\/es\/wp-json\/wp\/v2\/posts"}],"about":[{"href":"https:\/\/www.europesays.com\/es\/wp-json\/wp\/v2\/types\/post"}],"author":[{"embeddable":true,"href":"https:\/\/www.europesays.com\/es\/wp-json\/wp\/v2\/users\/2"}],"replies":[{"embeddable":true,"href":"https:\/\/www.europesays.com\/es\/wp-json\/wp\/v2\/comments?post=209821"}],"version-history":[{"count":0,"href":"https:\/\/www.europesays.com\/es\/wp-json\/wp\/v2\/posts\/209821\/revisions"}],"wp:featuredmedia":[{"embeddable":true,"href":"https:\/\/www.europesays.com\/es\/wp-json\/wp\/v2\/media\/209822"}],"wp:attachment":[{"href":"https:\/\/www.europesays.com\/es\/wp-json\/wp\/v2\/media?parent=209821"}],"wp:term":[{"taxonomy":"category","embeddable":true,"href":"https:\/\/www.europesays.com\/es\/wp-json\/wp\/v2\/categories?post=209821"},{"taxonomy":"post_tag","embeddable":true,"href":"https:\/\/www.europesays.com\/es\/wp-json\/wp\/v2\/tags?post=209821"}],"curies":[{"name":"wp","href":"https:\/\/api.w.org\/{rel}","templated":true}]}}