{"id":209824,"date":"2025-10-30T23:40:13","date_gmt":"2025-10-30T23:40:13","guid":{"rendered":"https:\/\/www.europesays.com\/es\/209824\/"},"modified":"2025-10-30T23:40:13","modified_gmt":"2025-10-30T23:40:13","slug":"sanchez-revela-la-tienda-donde-compro-sus-gafas-ante-la-avalancha-de-memes-tras-su-declaracion","status":"publish","type":"post","link":"https:\/\/www.europesays.com\/es\/209824\/","title":{"rendered":"S\u00e1nchez revela la tienda donde compr\u00f3 sus gafas ante la avalancha de memes tras su declaraci\u00f3n"},"content":{"rendered":"<p class=\"c-paragraph\">El presidente del Gobierno, <a href=\"https:\/\/www.20minutos.es\/tags\/personas\/pedro-sanchez.html\" title=\"Pedro S\u00e1nchez\" rel=\"nofollow noopener\" target=\"_blank\">Pedro S\u00e1nchez<\/a>, ha revelado en un mensaje publicado en redes sociales <b>d\u00f3nde ha adquirido las gafas<\/b> que ha utilizado este jueves para leer algunos documentos durante su comparecencia ante la comisi\u00f3n de investigaci\u00f3n del caso Koldo en el Senado. La publicaci\u00f3n del enlace de la tienda se ha producido tras la avalancha de comentarios y memes que se han publicado en las \u00faltimas horas en redes.<\/p>\n<p class=\"c-paragraph\">El negocio, llamado <b>Gafa Vintage<\/b>, ha informado que las gafas son unas Dior Monsieur vintage y que el presidente del Gobierno las adquiri\u00f3 hace unos cinco a\u00f1os. \u00abEl precio de la montura <b>ronda los 250 euros<\/b> y a juzgar por las im\u00e1genes, las gafas se mantienen como nuevas. Por eso todos los medios de comunicaci\u00f3n se han cre\u00eddo que las estrena hoy\u00bb, reza el texto de la publicaci\u00f3n de Instagram de la tienda. A pesar de que no son nuevas, S\u00e1nchez <b>nunca hab\u00eda comparecido p\u00fablicamente<\/b> con ellas.<\/p>\n<p class=\"c-paragraph\">La aparici\u00f3n del presidente del Gobierno con las gafas ha desatado un aluvi\u00f3n de comentarios en redes sociales. El PSOE ha publicado un meme en su cuenta de X en el que aparece una imagen de un perro con gafas y traje con el texto: <b>\u00abM\u00e1s sabe el perro sanxe por perro que por sanxe\u00bb<\/b>.<\/p>\n<p class=\"c-paragraph\"><b>\u00abAhora todos quer\u00e9is las gafas de S\u00e1nchez y lo sab\u00e9is\u00bb<\/b>, comenta un usuario en X. \u00abEsa miradita por encima de las gafas para aclarar las cosas. Profesor S\u00e1nchez pasando la lecci\u00f3n\u00bb, dice otro internauta. <b>\u00abPedro S\u00e1nchez con gafas es Clark Kent\u00bb<\/b>, afirma otro usuario en la misma red social.<\/p>\n<p class=\"c-paragraph\">Pero el uso de las gafas tambi\u00e9n ha desatado cr\u00edticas. \u00abSe est\u00e1 hablando mucho de las gafas de Pedro S\u00e1nchez, pero no de algo mucho m\u00e1s importante:<b> el milagro del Senado<\/b>. Despu\u00e9s de 5 horas de comparecencia, Pedro S\u00e1nchez lee su \u00faltima intervenci\u00f3n de corrillo sin necesitar las gafas\u00a0ni una vez. \u00a1Milagro! \u00a1Est\u00e1 curado!\u00bb, ha escrito otro usuario en redes.<\/p>\n","protected":false},"excerpt":{"rendered":"El presidente del Gobierno, Pedro S\u00e1nchez, ha revelado en un mensaje publicado en redes sociales d\u00f3nde ha adquirido&hellip;\n","protected":false},"author":2,"featured_media":209825,"comment_status":"","ping_status":"","sticky":false,"template":"","format":"standard","meta":{"footnotes":""},"categories":[5],"tags":[17,18,35840,3169,25,24,13,14,11,19,20,9,10,15,16,1789,199,23,11613,12,21,22],"class_list":{"0":"post-209824","1":"post","2":"type-post","3":"status-publish","4":"format-standard","5":"has-post-thumbnail","7":"category-titulares","8":"tag-breaking-news","9":"tag-breakingnews","10":"tag-compro","11":"tag-donde","12":"tag-es","13":"tag-espana","14":"tag-featured-news","15":"tag-featurednews","16":"tag-headlines","17":"tag-latest-news","18":"tag-latestnews","19":"tag-news","20":"tag-noticias","21":"tag-noticias-destacadas","22":"tag-noticiasdestacadas","23":"tag-revela","24":"tag-sanchez","25":"tag-spain","26":"tag-tienda","27":"tag-titulares","28":"tag-ultimas-noticias","29":"tag-ultimasnoticias"},"share_on_mastodon":{"url":"https:\/\/pubeurope.com\/@es\/115465763120149545","error":""},"_links":{"self":[{"href":"https:\/\/www.europesays.com\/es\/wp-json\/wp\/v2\/posts\/209824","targetHints":{"allow":["GET"]}}],"collection":[{"href":"https:\/\/www.europesays.com\/es\/wp-json\/wp\/v2\/posts"}],"about":[{"href":"https:\/\/www.europesays.com\/es\/wp-json\/wp\/v2\/types\/post"}],"author":[{"embeddable":true,"href":"https:\/\/www.europesays.com\/es\/wp-json\/wp\/v2\/users\/2"}],"replies":[{"embeddable":true,"href":"https:\/\/www.europesays.com\/es\/wp-json\/wp\/v2\/comments?post=209824"}],"version-history":[{"count":0,"href":"https:\/\/www.europesays.com\/es\/wp-json\/wp\/v2\/posts\/209824\/revisions"}],"wp:featuredmedia":[{"embeddable":true,"href":"https:\/\/www.europesays.com\/es\/wp-json\/wp\/v2\/media\/209825"}],"wp:attachment":[{"href":"https:\/\/www.europesays.com\/es\/wp-json\/wp\/v2\/media?parent=209824"}],"wp:term":[{"taxonomy":"category","embeddable":true,"href":"https:\/\/www.europesays.com\/es\/wp-json\/wp\/v2\/categories?post=209824"},{"taxonomy":"post_tag","embeddable":true,"href":"https:\/\/www.europesays.com\/es\/wp-json\/wp\/v2\/tags?post=209824"}],"curies":[{"name":"wp","href":"https:\/\/api.w.org\/{rel}","templated":true}]}}