{"id":209831,"date":"2025-10-30T23:49:08","date_gmt":"2025-10-30T23:49:08","guid":{"rendered":"https:\/\/www.europesays.com\/es\/209831\/"},"modified":"2025-10-30T23:49:08","modified_gmt":"2025-10-30T23:49:08","slug":"directo-atletico-antoniano-castellon-copa-del-rey-directo-copa-del-rey-atletico-antoniano","status":"publish","type":"post","link":"https:\/\/www.europesays.com\/es\/209831\/","title":{"rendered":"DIRECTO | ATLETICO ANTONIANO &#8211; CASTELLON COPA DEL REY | Directo Copa del Rey: Atl\u00e9tico Antoniano"},"content":{"rendered":"<p class=\"ft-text\">El <strong>CD Castell\u00f3n <\/strong>ha sido eliminado en primera ronda de la <strong>Copa del Rey<\/strong> contra el <strong>Club Atl\u00e9tico Antoniano<\/strong> de <strong>Segunda RFEF<\/strong> en el Municipal de Lebrija. El equipo albinegro no ha tenido controlado el partido en ning\u00fan momento y no ha sido capaz de generar ocasiones de verdadero peligro para pasar a la siguiente fase. El partido ha estado muy equilibrado y los locales, espoleados por su afici\u00f3n, han visto c\u00f3mo Juan Serrano marcaba el gol de la victoria en el tramo final del encuentro.<\/p>\n<p class=\"ft-text\">Tercera derrota consecutiva para el plantel de Pablo Hern\u00e1ndez, dos en LaLiga y una en la Copa, y cuarto partido seguido sin ver puerta.<\/p>\n<p><a id=\"beforeMessages\" name=\"beforeMessages\" title=\"\" class=\"ft-anchor ft-anchor--absolute ft-helper-spacer-voffset-xlg\" rel=\"\"><\/a><a id=\"page1\" name=\"item_10467082\" title=\"\" class=\"ft-anchor ft-anchor--absolute ft-helper-spacer-voffset-xlg\" rel=\"\"><\/a><\/p>\n<p class=\"ft-text\"><strong>FINAL |<\/strong> Empieza a ser preocupante la falta de gol del Castell\u00f3n, incapaz de marcar un gol en el Municipal de Lebrija esta noche. Cuatro partidos seguidos van ya sin ver puerta y es una losa muy pesada para el plantel orellut.<\/p>\n<p><a id=\"\" name=\"item_10466929\" title=\"\" class=\"ft-anchor ft-anchor--absolute ft-helper-spacer-voffset-xlg\" rel=\"\"><\/a><\/p>\n<p class=\"ft-text\"><strong>FINAL |<\/strong> Derrota del Castell\u00f3n y eliminaci\u00f3n temprana en la Copa del Rey ante un rival de inferior categor\u00eda.<\/p>\n<p><a id=\"\" name=\"item_10466920\" title=\"\" class=\"ft-anchor ft-anchor--absolute ft-helper-spacer-voffset-xlg\" rel=\"\"><\/a><\/p>\n<p class=\"ft-text\"><strong>Min. 94 | <\/strong>Nueva parada del portero local aunque Camara pide falta en el salto (1-0)<\/p>\n<p><a id=\"\" name=\"item_10466919\" title=\"\" class=\"ft-anchor ft-anchor--absolute ft-helper-spacer-voffset-xlg\" rel=\"\"><\/a><\/p>\n<p class=\"ft-text\"><strong>Min. 93 | <\/strong>Gana la espalda Markanich pero no acaba la jugada (1-0)<\/p>\n<p><a id=\"\" name=\"item_10466916\" title=\"\" class=\"ft-anchor ft-anchor--absolute ft-helper-spacer-voffset-xlg\" rel=\"\"><\/a><\/p>\n<p class=\"ft-text\"><strong>Min. 92 | <\/strong>Centro de Mabil y Mat\u00edas Arbol bloquea la pelota (1-0)<\/p>\n<p><a id=\"\" name=\"item_10466915\" title=\"\" class=\"ft-anchor ft-anchor--absolute ft-helper-spacer-voffset-xlg\" rel=\"\"><\/a><\/p>\n<p class=\"ft-text\"><strong>Min. 91 | <\/strong>La afici\u00f3n local canta &#8216;s\u00ed se puede&#8217;, celebran pr\u00e1cticamente la victoria pero al Castell\u00f3n le quedan 3 minutos para forzar la pr\u00f3rroga (1-0)<\/p>\n<p><a id=\"\" name=\"item_10466912\" title=\"\" class=\"ft-anchor ft-anchor--absolute ft-helper-spacer-voffset-xlg\" rel=\"\"><\/a><\/p>\n<p class=\"ft-text\"><strong>Min. 90 | <\/strong>Cuatro de a\u00f1adido en el Municipal de Lebrija (1-0)<\/p>\n<p><a id=\"\" name=\"item_10466909\" title=\"\" class=\"ft-anchor ft-anchor--absolute ft-helper-spacer-voffset-xlg\" rel=\"\"><\/a><\/p>\n<p class=\"ft-text\"><strong>Min. 90 | <\/strong>Ay, Amir&#8230; Duda el portero del Castell\u00f3n, al que se le escapa el bal\u00f3n y casi se marca en propia puerta (1-0)<\/p>\n<p><a id=\"\" name=\"item_10466908\" title=\"\" class=\"ft-anchor ft-anchor--absolute ft-helper-spacer-voffset-xlg\" rel=\"\"><\/a><\/p>\n<p class=\"ft-text\"><strong>Min. 88 | <\/strong>Menos de dos minutos para la conclusi\u00f3n del encuentro&#8230; lo intenta Markanich pero no llega Suero&#8230; Buena triangulaci\u00f3n, pero nada efectiva la jugada (1-0)<\/p>\n<p><a id=\"\" name=\"item_10466652\" title=\"\" class=\"ft-anchor ft-anchor--absolute ft-helper-spacer-voffset-xlg\" rel=\"\"><\/a><\/p>\n<p class=\"ft-text\">Min. 87 | As\u00ed ha sido el gol del Antoniano.<\/p>\n<p><a id=\"comments\" name=\"comments\" title=\"\" class=\"ft-anchor ft-anchor--absolute ft-helper-spacer-voffset-xlg\" rel=\"\"><\/a><\/p>\n","protected":false},"excerpt":{"rendered":"El CD Castell\u00f3n ha sido eliminado en primera ronda de la Copa del Rey contra el Club Atl\u00e9tico&hellip;\n","protected":false},"author":2,"featured_media":209832,"comment_status":"","ping_status":"","sticky":false,"template":"","format":"standard","meta":{"footnotes":""},"categories":[268],"tags":[56888,1517,3965,16752,2493,1941,168,2125,25,24,280,282,5330,281,23,167],"class_list":{"0":"post-209831","1":"post","2":"type-post","3":"status-publish","4":"format-standard","5":"has-post-thumbnail","7":"category-futbol","8":"tag-antoniano","9":"tag-atletico","10":"tag-castellon","11":"tag-cd-castellon","12":"tag-copa","13":"tag-copa-del-rey","14":"tag-deportes","15":"tag-directo","16":"tag-es","17":"tag-espana","18":"tag-football","19":"tag-futbol","20":"tag-rey","21":"tag-soccer","22":"tag-spain","23":"tag-sports"},"share_on_mastodon":{"url":"https:\/\/pubeurope.com\/@es\/115465798541799265","error":""},"_links":{"self":[{"href":"https:\/\/www.europesays.com\/es\/wp-json\/wp\/v2\/posts\/209831","targetHints":{"allow":["GET"]}}],"collection":[{"href":"https:\/\/www.europesays.com\/es\/wp-json\/wp\/v2\/posts"}],"about":[{"href":"https:\/\/www.europesays.com\/es\/wp-json\/wp\/v2\/types\/post"}],"author":[{"embeddable":true,"href":"https:\/\/www.europesays.com\/es\/wp-json\/wp\/v2\/users\/2"}],"replies":[{"embeddable":true,"href":"https:\/\/www.europesays.com\/es\/wp-json\/wp\/v2\/comments?post=209831"}],"version-history":[{"count":0,"href":"https:\/\/www.europesays.com\/es\/wp-json\/wp\/v2\/posts\/209831\/revisions"}],"wp:featuredmedia":[{"embeddable":true,"href":"https:\/\/www.europesays.com\/es\/wp-json\/wp\/v2\/media\/209832"}],"wp:attachment":[{"href":"https:\/\/www.europesays.com\/es\/wp-json\/wp\/v2\/media?parent=209831"}],"wp:term":[{"taxonomy":"category","embeddable":true,"href":"https:\/\/www.europesays.com\/es\/wp-json\/wp\/v2\/categories?post=209831"},{"taxonomy":"post_tag","embeddable":true,"href":"https:\/\/www.europesays.com\/es\/wp-json\/wp\/v2\/tags?post=209831"}],"curies":[{"name":"wp","href":"https:\/\/api.w.org\/{rel}","templated":true}]}}