{"id":209843,"date":"2025-10-30T23:56:14","date_gmt":"2025-10-30T23:56:14","guid":{"rendered":"https:\/\/www.europesays.com\/es\/209843\/"},"modified":"2025-10-30T23:56:14","modified_gmt":"2025-10-30T23:56:14","slug":"pablo-urdangarin-marca-con-la-seleccion-espanola-de-balonmano-en-el-triunfo-ante-suecia-la-voz-de-galicia","status":"publish","type":"post","link":"https:\/\/www.europesays.com\/es\/209843\/","title":{"rendered":"Pablo Urdangarin marca con la selecci\u00f3n espa\u00f1ola de balonmano en el triunfo ante Suecia &#8211; La Voz de Galicia"},"content":{"rendered":"<ol>\n<li><a href=\"https:\/\/news.google.com\/rss\/articles\/CBMi7gFBVV95cUxPVkJtRHJ2T1Z6Q0wxTlpOMWd5Wm5RVmV1aXJrNVRpdHV2R3JseGltLWpsRVJSSzhVRExXUnJNM2pJc01pd3RCd24wYWpLczM0U2JCeDZrOXBnd0VHTDRMX09ZV0RtZEdta2NEc3VCTlppclNkVDZIZ0kzNXpFaE1ENE1SWHVPY2V0VXBJeVdscXNtZTFIRkJkUm5WSkhCX2NXZjljMlpIc2xVcTItOVhGSHotdGY5dEgxV3RXY3BPVUphd3l4RkhIVjJUUEl6dlpMbExXRGh5MFVZV0Q0dGZPQy1tQjJYMG9mcTVHb2xn0gGKAkFVX3lxTFBxWkhtNWw3cGEwOVVIRHhqZHp5RlJpaldMLWNibUR5MW1Eb3FjTi1oUFVWanVZWE5ycDRKNUdnVFFISHZOWkx6QVJUbUJCWV9BUk9aeXQySGZmRWlPNmxHWGRuTDRhd2VIbTdVeHB6c2pTUktTUTUxaHIzTy1XLUhnMGczbW9uWnZtSWFrZDRMWkhtbEY0ZlB1a1VBamt2TDZndTNHX3pleGc4YnJLdHY3Q1BoVUgyZEUwRGl1aEZqYnFaSTVyM1FrM20xQTdLUkVMZ2U2TE1RWFdvZDA2eTFCMWU0czNqZTBWYzE0RW9hRmlhV0otVUx2eGU1c1lKSVRYWS10VDR2SjdB?oc=5\" target=\"_blank\" rel=\"nofollow noopener\">Pablo Urdangarin marca con la selecci\u00f3n espa\u00f1ola de balonmano en el triunfo ante Suecia<\/a>&nbsp;&nbsp;La Voz de Galicia<\/li>\n<li><a href=\"https:\/\/news.google.com\/rss\/articles\/CBMi8AFBVV95cUxNbUUyWlE3R2phYUZ2eUxNLVhBdGh5S0xiVEFPa0hadkdUTDdJd0wyM3VLMWVTRlN2aHlQUXhIN0EzLTBodHpmOXF4Tmk1U1p3NGhQN1RPR2JDTHlxNHZ6WU5IeWNtU0otR1BROGRMNXBUT00yZkJpUk5BaUxkQXVLeVdjcFNDaE5jOWZOQVF2U3lNd2taRWxaU1VodTYtQU1KblZ0cVZLYXJnaGFqZ0RRV19ock1RTnVWT29iT1Fuc0U3V19FWUtJYkRqaWVIczNUWG5iTU1DVmJYQkR4czAwV1BIMlFxOWY3czBzT0VvNnE?oc=5\" target=\"_blank\" rel=\"nofollow noopener\">Pablo Urdangarin: \u201cMe bromean con que soy un enchufado, les respondo que ya se enterar\u00e1n en la pista, y se han enterado\u201d<\/a>&nbsp;&nbsp;EL PA\u00cdS<\/li>\n<li><a href=\"https:\/\/news.google.com\/rss\/articles\/CBMiqAFBVV95cUxQWWJFeWNXczJNSVU1VGlzV2lfZ2lLX3BsTlBDRVpxS1dkNlY1UDRBQnoyYjNRZjFuZjBDWmd5QTJOTXdKZ0tKSkowX1A2b0plZktOUjBaal9Vc1F1MGVkLUtZRHdsRXN4N1RseUF3MGliZXgzLWhCYnZHZWZtTzZsUS1VaktxSUFLWm1QeXZIU21zR3RPb2o4MDJMU1ZvMG5KOWNhNGtqVDE?oc=5\" target=\"_blank\" rel=\"nofollow noopener\">\u00abCuando suene el himno sentir\u00e9 un escalofr\u00edo\u00bb<\/a>&nbsp;&nbsp;El Diario Vasco<\/li>\n<li><a href=\"https:\/\/news.google.com\/rss\/articles\/CBMihAFBVV95cUxQT1BjMWlTS3R0cnlqa3VFbXN0T1JwNzhSU29QSzZnRnRsc0ZLczBQbXVadTJXb3NneTQ0NFlLOFhmUS14ck53VUFVNXlwQVlUcG9SSjd3d054d1RxQUNaQVk1Y1psQlNMelUwNDR2al9WYnM5bDhPcXh6Y1VoYUQ0UURRd2I?oc=5\" target=\"_blank\" rel=\"nofollow noopener\">La nueva hornada de Hispanos se doctora ante Suecia<\/a>&nbsp;&nbsp;RFEBM<\/li>\n<li><a href=\"https:\/\/news.google.com\/rss\/articles\/CBMiygFBVV95cUxNY2xNZm1rMVMxcU9CaUJZWVVBY2U4RHlwMXNoSGRldkdVWjNNSWNSWEdWbFZPWWxmcWxoVWJ4MzNGbEU5NXhUMjRVNDYxVGY5VU9UMUJfZXBkcVgwcXFCallfVHVDbnZZQ05GQ2VQWXQtOU41djkzOWZkaXFHanhaSkR6VFk3aU9aUDNyWFBfQjVuY29INHJGNUdZa3lEaWpMLS1OZnllRER2eU1aR0pxMnJMcWl5Y0dxWEdyNWU0b1lyMnJSb0gyR0hB0gHPAUFVX3lxTFBocHQ4b0hueVpmaTY5X1VKLWJNSkpRS3BLNF9GeWVSeGM3WEppVFZFdFd5V25LZXR3ZFdobTlWV2JoandIcHRSM3QxTHliTWpZMmg0R0JFWkRQUkRPcFB5MTJkakFUVjBpOHhEUm52LXlDcG9FUFZSUUJ5Q1VPMzh3OEt5T2xlUTRjZ1hzQ1pTX2trTjdkZ21PdFFDZXhELS1HckRDbGNPVTYyTVJaWUxIN3VPeklvOE1LeVBNRkdGdXdSRDJ1YTBtTWI2MDRxaw?oc=5\" target=\"_blank\" rel=\"nofollow noopener\">Las declaraciones m\u00e1s sorprendentes de Pablo Urdangarin ante su debut con la Selecci\u00f3n: insultos, psic\u00f3logo y charlas con el rey<\/a>&nbsp;&nbsp;Mujerhoy<\/li>\n<\/ol>\n","protected":false},"excerpt":{"rendered":"Pablo Urdangarin marca con la selecci\u00f3n espa\u00f1ola de balonmano en el triunfo ante Suecia&nbsp;&nbsp;La Voz de Galicia Pablo&hellip;\n","protected":false},"author":2,"featured_media":209844,"comment_status":"","ping_status":"","sticky":false,"template":"","format":"standard","meta":{"footnotes":""},"categories":[93],"tags":[376,168,25,24,10215,23,167],"class_list":{"0":"post-209843","1":"post","2":"type-post","3":"status-publish","4":"format-standard","5":"has-post-thumbnail","7":"category-deportes","8":"tag-balonmano","9":"tag-deportes","10":"tag-es","11":"tag-espana","12":"tag-inaki-urdangarin","13":"tag-spain","14":"tag-sports"},"share_on_mastodon":{"url":"https:\/\/pubeurope.com\/@es\/115465826239895664","error":""},"_links":{"self":[{"href":"https:\/\/www.europesays.com\/es\/wp-json\/wp\/v2\/posts\/209843","targetHints":{"allow":["GET"]}}],"collection":[{"href":"https:\/\/www.europesays.com\/es\/wp-json\/wp\/v2\/posts"}],"about":[{"href":"https:\/\/www.europesays.com\/es\/wp-json\/wp\/v2\/types\/post"}],"author":[{"embeddable":true,"href":"https:\/\/www.europesays.com\/es\/wp-json\/wp\/v2\/users\/2"}],"replies":[{"embeddable":true,"href":"https:\/\/www.europesays.com\/es\/wp-json\/wp\/v2\/comments?post=209843"}],"version-history":[{"count":0,"href":"https:\/\/www.europesays.com\/es\/wp-json\/wp\/v2\/posts\/209843\/revisions"}],"wp:featuredmedia":[{"embeddable":true,"href":"https:\/\/www.europesays.com\/es\/wp-json\/wp\/v2\/media\/209844"}],"wp:attachment":[{"href":"https:\/\/www.europesays.com\/es\/wp-json\/wp\/v2\/media?parent=209843"}],"wp:term":[{"taxonomy":"category","embeddable":true,"href":"https:\/\/www.europesays.com\/es\/wp-json\/wp\/v2\/categories?post=209843"},{"taxonomy":"post_tag","embeddable":true,"href":"https:\/\/www.europesays.com\/es\/wp-json\/wp\/v2\/tags?post=209843"}],"curies":[{"name":"wp","href":"https:\/\/api.w.org\/{rel}","templated":true}]}}