{"id":209860,"date":"2025-10-31T00:09:21","date_gmt":"2025-10-31T00:09:21","guid":{"rendered":"https:\/\/www.europesays.com\/es\/209860\/"},"modified":"2025-10-31T00:09:21","modified_gmt":"2025-10-31T00:09:21","slug":"veronica-guillen-teniente-coronel-de-la-guardia-civil-y-deportista-tras-el-cancer-de-mama-no-puedes-cuidar-a-nadie-si-no-te-cuidas-tu-mas-deportes","status":"publish","type":"post","link":"https:\/\/www.europesays.com\/es\/209860\/","title":{"rendered":"Ver\u00f3nica Guill\u00e9n, teniente coronel de la Guardia Civil y deportista tras el c\u00e1ncer de mama: \u00abNo puedes cuidar a nadie si no te cuidas t\u00fa\u00bb | M\u00e1s deportes"},"content":{"rendered":"<p class=\"loc\">Grano de Oro (Costa Rica)<\/p>\n<p>Despu\u00e9s de una merecida jornada de descanso la expedici\u00f3n del Reto Pelayo Vida reemprende el rumbo. Quedan por delante cinco etapas para llegar al Caribe y el aire cada vez m\u00e1s h\u00famedo indica que, despu\u00e9s de haber estado por encima de los 3.000 metros, la altitud es cada vez m\u00e1s baja. Pero para ir descendiendo hacia el mar, Costa Rica no entiende de pendientes continuas y prolongadas. En la sexta jornada de desaf\u00edo, que transcurre \u00edntegramente en bicicleta entre las afueras de Turrialba y Grano de Oro, el sube y baja se mantiene como la t\u00f3nica habitual del trayecto.<\/p>\n<p>Hace una semana, a Mapi e Idoia les temblaban las piernas ante una bajada t\u00e9cnica con terreno inestable, ahora la historia es diferente: \u201cHemos perdido gran parte del miedo cuando, sin que nos encante lo estamos llegando a disfrutar\u201d, relatan. Y para To\u00f1i y Vero, con poca experiencia en bici de monta\u00f1a antes del Reto, las rampas que antes eran imposibles de subir ahora empiezan a ser accesibles. \u201cVa, va, va, va\u2026\u201d se repite To\u00f1i mientras asciende por una pendiente de m\u00e1s de un 10%. Un trabajo, que durante la cena de grupo, el director deportivo Carlos Mart\u00ednez les reconoce p\u00fablicamente: \u201cHoy me ha emocionado veros, ver el avance que hab\u00e9is experimentado en s\u00f3lo una semana. En los 40 kil\u00f3metros tan duros de hoy se ha demostrado la dedicaci\u00f3n y esfuerzo que le hab\u00e9is puesto estos meses\u201d.<\/p>\n<p><img decoding=\"async\" src=\"https:\/\/www.europesays.com\/es\/wp-content\/uploads\/2025\/10\/NJODGN6WIJHMPJGLQQDZX5TYME.jpg\" alt=\"Las participantes del Reto Pelayo siguen avanzando hacia el Caribe\" width=\"4\" height=\"3\"  loading=\"lazy\"\/><\/p>\n<p>Las participantes del Reto Pelayo siguen avanzando hacia el Caribe<\/p>\n<p>Ampliar<img decoding=\"async\" src=\"https:\/\/www.europesays.com\/es\/wp-content\/uploads\/2025\/10\/1761869358_326_NJODGN6WIJHMPJGLQQDZX5TYME.jpg\" alt=\"Las participantes del Reto Pelayo siguen avanzando hacia el Caribe\" width=\"4\" height=\"3\" loading=\"lazy\"\/><\/p>\n<p>Las participantes del Reto Pelayo siguen avanzando hacia el Caribe<\/p>\n<p>Cerrar<\/p>\n<p>Desde su sitio en la mesa, Vero asiente: \u201cEs para que estemos muy orgullosas\u201d. Y es que esta albacete\u00f1a afincada en Madrid llevaba a\u00f1os sin hacer deporte con asiduidad: \u201cYo sal\u00eda a correr, pero hace a\u00f1os, por mantenerme en forma\u2026 Lo dej\u00e9 todo cuando di a luz a mis dos hijas y tambi\u00e9n por mi trabajo. Fue a ra\u00edz del c\u00e1ncer de mama cuando me dijeron que para paliar los efectos secundarios de la operaci\u00f3n ten\u00eda que introducir el deporte en mi rutina\u201d. Tras superar el c\u00e1ncer, encontr\u00f3 en el Reto Pelayo Vida un objetivo que alcanzar. Se qued\u00f3 a las puertas de ser elegida para Patagonia\u201923, pero dos a\u00f1os despu\u00e9s ha llegado la oportunidad.<\/p>\n<p>Ver\u00f3nica Guill\u00e9n es teniente coronel de la Guardia Civil, y adem\u00e1s es la jefa del \u00c1rea de Derechos Humanos, Igualdad y Diversidad del cuerpo. Con m\u00e1s de veinte a\u00f1os de experiencia, fue una de las primeras mujeres oficiales. \u201cDe mi trabajo traslado en estos d\u00edas la serenidad, la tranquilidad o el trabajo en equipo. En mi departamento queremos darle valor y visibilidad a lo que las mujeres pueden hacer, y eso es extrapolable a este reto\u201d.<\/p>\n<p><img decoding=\"async\" src=\"https:\/\/www.europesays.com\/es\/wp-content\/uploads\/2025\/10\/EEB7T3XEKVFVRF2D6QKOE3LLRU.jpg\" alt=\"Ver\u00f3nica Guill\u00e9n, teniente coronel de la Guardia Civil, en el Reto Pelayo\" width=\"4\" height=\"3\"  loading=\"lazy\"\/><\/p>\n<p>Ver\u00f3nica Guill\u00e9n, teniente coronel de la Guardia Civil, en el Reto Pelayo<\/p>\n<p>Ampliar<img decoding=\"async\" src=\"https:\/\/www.europesays.com\/es\/wp-content\/uploads\/2025\/10\/1761869361_362_EEB7T3XEKVFVRF2D6QKOE3LLRU.jpg\" alt=\"Ver\u00f3nica Guill\u00e9n, teniente coronel de la Guardia Civil, en el Reto Pelayo\" width=\"4\" height=\"3\" loading=\"lazy\"\/><\/p>\n<p>Ver\u00f3nica Guill\u00e9n, teniente coronel de la Guardia Civil, en el Reto Pelayo<\/p>\n<p>Cerrar<\/p>\n<p>Ni en su trabajo ni en su casa se sorprenden de que Vero se haya preparado a conciencia para apuntarse y conseguir una de las cinco plazas del Reto Pelayo Vida. Al mismo tiempo, ella misma reconoce que el \u00e1mbito familiar y laboral le absorbieron demasiado antes del c\u00e1ncer, y que esa situaci\u00f3n cambi\u00f3 radicalmente con la enfermedad: \u201cHay que tener un equilibrio entre tres esferas: la familiar, la laboral y t\u00fa mismo. Me dediqu\u00e9 en cuerpo y alma al trabajo y sobre todo a mis dos hijas, pero no puedes cuidar a nadie si no te cuidas t\u00fa. Es necesario planificarse, encontrar 30 minutos para hacer deporte cada d\u00eda. Yo los encontr\u00e9 por la ma\u00f1ana antes de trabajar\u201d. Cada vez que menciona a sus dos hijas (de 13 y 11 a\u00f1os), Vero se emociona: \u201cQuiero ense\u00f1arles que todo esfuerzo conlleva su sacrificio. Me han visto entrenar mucho y quiero que entiendan que deben tener tiempo para cuidarse a s\u00ed mismas, que el deporte es algo necesario para implementar en la vida de cualquiera, y que si alg\u00fan d\u00eda el c\u00e1ncer les toca a ellas c\u00f3mo hay que afrontarlo\u201d.<\/p>\n","protected":false},"excerpt":{"rendered":"Grano de Oro (Costa Rica) Despu\u00e9s de una merecida jornada de descanso la expedici\u00f3n del Reto Pelayo Vida&hellip;\n","protected":false},"author":2,"featured_media":209861,"comment_status":"","ping_status":"","sticky":false,"template":"","format":"standard","meta":{"footnotes":""},"categories":[273],"tags":[313,312,168,25,24,23,167],"class_list":{"0":"post-209860","1":"post","2":"type-post","3":"status-publish","4":"format-standard","5":"has-post-thumbnail","7":"category-ciclismo","8":"tag-ciclismo","9":"tag-cycling","10":"tag-deportes","11":"tag-es","12":"tag-espana","13":"tag-spain","14":"tag-sports"},"share_on_mastodon":{"url":"https:\/\/pubeurope.com\/@es\/115465877439616682","error":""},"_links":{"self":[{"href":"https:\/\/www.europesays.com\/es\/wp-json\/wp\/v2\/posts\/209860","targetHints":{"allow":["GET"]}}],"collection":[{"href":"https:\/\/www.europesays.com\/es\/wp-json\/wp\/v2\/posts"}],"about":[{"href":"https:\/\/www.europesays.com\/es\/wp-json\/wp\/v2\/types\/post"}],"author":[{"embeddable":true,"href":"https:\/\/www.europesays.com\/es\/wp-json\/wp\/v2\/users\/2"}],"replies":[{"embeddable":true,"href":"https:\/\/www.europesays.com\/es\/wp-json\/wp\/v2\/comments?post=209860"}],"version-history":[{"count":0,"href":"https:\/\/www.europesays.com\/es\/wp-json\/wp\/v2\/posts\/209860\/revisions"}],"wp:featuredmedia":[{"embeddable":true,"href":"https:\/\/www.europesays.com\/es\/wp-json\/wp\/v2\/media\/209861"}],"wp:attachment":[{"href":"https:\/\/www.europesays.com\/es\/wp-json\/wp\/v2\/media?parent=209860"}],"wp:term":[{"taxonomy":"category","embeddable":true,"href":"https:\/\/www.europesays.com\/es\/wp-json\/wp\/v2\/categories?post=209860"},{"taxonomy":"post_tag","embeddable":true,"href":"https:\/\/www.europesays.com\/es\/wp-json\/wp\/v2\/tags?post=209860"}],"curies":[{"name":"wp","href":"https:\/\/api.w.org\/{rel}","templated":true}]}}