{"id":209862,"date":"2025-10-31T00:11:10","date_gmt":"2025-10-31T00:11:10","guid":{"rendered":"https:\/\/www.europesays.com\/es\/209862\/"},"modified":"2025-10-31T00:11:10","modified_gmt":"2025-10-31T00:11:10","slug":"pedro-martinez-y-jurica-golemac-analizan-el-valencia-basket","status":"publish","type":"post","link":"https:\/\/www.europesays.com\/es\/209862\/","title":{"rendered":"Pedro Mart\u00ednez y Jurica Golemac analizan el Valencia Basket"},"content":{"rendered":"<p class=\"ft-text\">Tras la <a class=\"ft-link ft-link--decoration\" href=\"https:\/\/www.superdeporte.es\/valencia-basket\/2025\/10\/30\/taylor-moore-lideran-sufrida-victoria-123204555.html\" rel=\"nofollow noopener\" target=\"_blank\">ajustada victoria<\/a> ante el Dubai por <a class=\"ft-link ft-link--decoration\" href=\"https:\/\/www.euroleaguebasketball.net\/es\/euroleague\/game-center\/2025-26\/valencia-basket-dubai-basketball\/E2025\/75\/#box-score\" rel=\"nofollow noopener\" target=\"_blank\">80-78<\/a>, <strong>Pedro Mart\u00ednez destac\u00f3 el cambio defensivo que experiment\u00f3 su equipo en el \u00faltimo cuarto<\/strong> ,como clave en el triunfo. \u00abHa pasado as\u00ed. Hemos presionado muy bien y les hemos provocado p\u00e9rdidas. Creo que ha sido decisivo, hemos tenido un cambio de ritmo defensivo que nos ha ido muy bien\u00bb, asegur\u00f3 en la sala de prensa.<\/p>\n<p class=\"ft-text\">El t\u00e9cnico dijo que el rival, \u00abcon su estrategia defensiva\u00bb les sac\u00f3 del partido en la primera mitad. \u00abEstuvieron muy agresivos y hemos perdido muchas pelotas, <strong>en la segunda han estado m\u00e1s conservadores y eso nos ha llevado a ataques m\u00e1s largos<\/strong> pero creo que el balance no nos ha salido bien\u00bb, desgran\u00f3.<\/p>\n<p>Apoyo de la afici\u00f3n<\/p>\n<p class=\"ft-text\">\u00abHemos vivido del rebote en ataque y despu\u00e9s de ser mas agresivos en defensa en el \u00faltimo cuarto. Adem\u00e1s<strong> en los tres primeros hemos notado cierto fr\u00edo en el Roig Arena y en el \u00faltimo cuarto s\u00ed que hemos notado el calor de la grada<\/strong>. No se sabe nunca qu\u00e9 es primero\u00bb, apunt\u00f3.<\/p>\n<p>Braxton Key<\/p>\n<p class=\"ft-text\"><strong>El t\u00e9cnico habl\u00f3 de la <\/strong><a class=\"ft-link ft-link--decoration\" href=\"https:\/\/www.superdeporte.es\/valencia-basket\/2025\/10\/30\/braxton-key-valencia-basket-estilo-nba-juego-rapido-123193015.html\" rel=\"nofollow noopener\" target=\"_blank\"><strong>llegada del estadounidense Braxton Key<\/strong><\/a><strong>, que complet\u00f3 este jueves su fichaje por el club<\/strong>. \u00abLleg\u00f3 ayer y ha entrenado un poco fuera del grupo y a partir de ma\u00f1ana iniciamos el proceso de meterlo en din\u00e1mica. Tenemos que ense\u00f1are muchas cosas y no se trata de meterle sin suficiente trabajo. Ahora es un elemento extra\u00f1o y esperamos que deje de serlo pronto\u00bb, destac\u00f3.<\/p>\n<p><img decoding=\"async\" src=\"https:\/\/www.europesays.com\/es\/wp-content\/uploads\/2025\/10\/65d11b84-af18-4bf5-829c-df353e50aaac_alta-libre-aspect-ratio_default_0.jpg\" width=\"1200\" height=\"800\" alt=\"El entrenador del Dubai Basketball, Jurica Golemac, en el partido del Roig Arena.\" class=\"ft-helper-img-rd\" loading=\"lazy\" hasdataaida=\"true\"\/><\/p>\n<p class=\"ft-helper-fontColor-quaternary ft-helper-fontSize-body-S ft-helper-spacer-t-xxs\">El entrenador del Dubai Basketball, Jurica Golemac, en el partido del Roig Arena.  \/ EFE<\/p>\n<p>Jurica Golemac<\/p>\n<p class=\"ft-text\">Por su parte<strong> el t\u00e9cnico del Dubai Jurica Golemac felicit\u00f3 al Valencia BC<\/strong> por un triunfo que dijo fue \u00abduro\u00bb porque dominaron casi todo el choque, pero dijo que \u00abun par de p\u00e9rdidas\u00bb les condenaron.<\/p>\n<p class=\"ft-text\">\u00abEl Valencia BC es un muy buen equipo, especialmente cuando juegas como visitante. <strong>Es muy dif\u00edcil ganarle y m\u00e1s como visitante<\/strong>. Tres o cuatro muy malas decisiones cuando ten\u00edamos que haber jugado m\u00e1s largo y obligarles a defender les han permitido volver al partido\u00bb, concluy\u00f3.<\/p>\n","protected":false},"excerpt":{"rendered":"Tras la ajustada victoria ante el Dubai por 80-78, Pedro Mart\u00ednez destac\u00f3 el cambio defensivo que experiment\u00f3 su&hellip;\n","protected":false},"author":2,"featured_media":209863,"comment_status":"","ping_status":"","sticky":false,"template":"","format":"standard","meta":{"footnotes":""},"categories":[269],"tags":[299,1918,298,7556,10859,8850,168,6802,25,24,833,825,1822,12326,23,167,3667,235,2916],"class_list":{"0":"post-209862","1":"post","2":"type-post","3":"status-publish","4":"format-standard","5":"has-post-thumbnail","7":"category-baloncesto","8":"tag-baloncesto","9":"tag-basket","10":"tag-basketball","11":"tag-cambio","12":"tag-cuarto","13":"tag-defensivo","14":"tag-deportes","15":"tag-dubai","16":"tag-es","17":"tag-espana","18":"tag-euroliga","19":"tag-martinez","20":"tag-pedro","21":"tag-pedro-martinez","22":"tag-spain","23":"tag-sports","24":"tag-ultimo","25":"tag-valencia","26":"tag-valencia-basket"},"share_on_mastodon":{"url":"https:\/\/pubeurope.com\/@es\/115465885269860671","error":""},"_links":{"self":[{"href":"https:\/\/www.europesays.com\/es\/wp-json\/wp\/v2\/posts\/209862","targetHints":{"allow":["GET"]}}],"collection":[{"href":"https:\/\/www.europesays.com\/es\/wp-json\/wp\/v2\/posts"}],"about":[{"href":"https:\/\/www.europesays.com\/es\/wp-json\/wp\/v2\/types\/post"}],"author":[{"embeddable":true,"href":"https:\/\/www.europesays.com\/es\/wp-json\/wp\/v2\/users\/2"}],"replies":[{"embeddable":true,"href":"https:\/\/www.europesays.com\/es\/wp-json\/wp\/v2\/comments?post=209862"}],"version-history":[{"count":0,"href":"https:\/\/www.europesays.com\/es\/wp-json\/wp\/v2\/posts\/209862\/revisions"}],"wp:featuredmedia":[{"embeddable":true,"href":"https:\/\/www.europesays.com\/es\/wp-json\/wp\/v2\/media\/209863"}],"wp:attachment":[{"href":"https:\/\/www.europesays.com\/es\/wp-json\/wp\/v2\/media?parent=209862"}],"wp:term":[{"taxonomy":"category","embeddable":true,"href":"https:\/\/www.europesays.com\/es\/wp-json\/wp\/v2\/categories?post=209862"},{"taxonomy":"post_tag","embeddable":true,"href":"https:\/\/www.europesays.com\/es\/wp-json\/wp\/v2\/tags?post=209862"}],"curies":[{"name":"wp","href":"https:\/\/api.w.org\/{rel}","templated":true}]}}