{"id":209911,"date":"2025-10-31T00:48:10","date_gmt":"2025-10-31T00:48:10","guid":{"rendered":"https:\/\/www.europesays.com\/es\/209911\/"},"modified":"2025-10-31T00:48:10","modified_gmt":"2025-10-31T00:48:10","slug":"prision-provisional-para-los-4-miembros-de-la-nueva-manada-de-pamplona","status":"publish","type":"post","link":"https:\/\/www.europesays.com\/es\/209911\/","title":{"rendered":"Prisi\u00f3n provisional para los 4 miembros de la nueva manada de Pamplona"},"content":{"rendered":"<p>\n                    Publicado                 30\/10\/2025 &#8211; 19:49 CET<br \/>\n                \u2022Ultima actualizaci\u00f3n<br \/>\n                                     21:30\n                                        <\/p>\n<p>La titular del Juzgado de Violencia sobre la Mujer n\u00famero 1 de <a href=\"https:\/\/es.euronews.com\/tag\/pamplona\" rel=\"nofollow noopener\" target=\"_blank\">Pamplona<\/a> decret\u00f3 este jueves <strong>el ingreso en prisi\u00f3n de los cuatro acusados<\/strong> de cometer a principios de semana una violaci\u00f3n en grupo en la capital navarra. La v\u00edctima fue hallada semiinconsciente en las proximidades de una fiesta universitaria.<\/p>\n<p>En su resoluci\u00f3n, la juez considera que existe riesgo de fuga y de ocultaci\u00f3n de pruebas debido a que los cuatro detenidos, de entre 25 y 33 a\u00f1os de edad, son <strong>de nacionalidad argelina y se encuentran en Espa\u00f1a en situaci\u00f3n irregular<\/strong>. <\/p>\n<p>Los presuntos violadores viv\u00edan en un asentamiento de tiendas de campa\u00f1a en la zona y <strong>sobre tres de ellos pesaban \u00f3rdenes de expulsi\u00f3n<\/strong>, seg\u00fan informan medios locales. Agentes de la Polic\u00eda los arrestaron el martes tras visionar las grabaciones de las c\u00e1maras de seguridad ubicadas cerca de la escena del crimen. <\/p>\n<p>Prisi\u00f3n comunicada y sin fianza<\/p>\n<p>Seg\u00fan el auto judicial, los miembros de<a href=\"https:\/\/es.euronews.com\/cultura\/2025\/03\/27\/el-documental-espanol-sobre-la-manada-nominado-a-los-premios-bafta\" rel=\"nofollow noopener\" target=\"_blank\"> esta nueva manada<\/a> carecen de domicilio, recursos econ\u00f3micos y documentaci\u00f3n, lo que, a juicio de la magistrada, impide garantizar su comparecencia ante el tribunal si quedaran en libertad. Por ello, <strong>orden\u00f3 prisi\u00f3n provisional, comunicada y sin fianza<\/strong>, para los cuatro. <\/p>\n<p>La juez <strong>les imputa un delito de agresi\u00f3n sexual y otro de robo<\/strong>, al constatarse que la joven fue despojada de sus pertenencias personales tras la agresi\u00f3n. A la espera del resultado de las pruebas de ADN, los investigadores mantienen abierta la instrucci\u00f3n del caso. <\/p>\n<p>La Fiscal\u00eda, que se adhiri\u00f3 a la petici\u00f3n del Servicio de Atenci\u00f3n a la Mujer (SAM), solicit\u00f3 su ingreso inmediato en prisi\u00f3n. Las defensas reclamaron libertad provisional, alegando falta de pruebas concluyentes, pero <strong>el tribunal consider\u00f3 acreditados indicios suficientes,<\/strong> puesto que la ropa interior de la v\u00edctima fue hallada junto a las tiendas de campa\u00f1a donde resid\u00edan los acusados.<\/p>\n<p>El auto detalla que la joven fue encontrada \u00abtirada en un camino, encima de unas hojas, <strong>desvalida, desubicada y semiinconsciente<\/strong>\u00ab. Un grupo de j\u00f3venes que paseaba por la zona alert\u00f3 a los servicios de emergencia, lo que permiti\u00f3 activar el protocolo de agresiones sexuales. El informe forense posterior confirm\u00f3 la existencia de lesiones compatibles con una violaci\u00f3n.<\/p>\n<p>La magistrada subraya que \u00abexisti\u00f3 una relaci\u00f3n sexual con la v\u00edctima no consentida\u00bb y que <strong>los acusados incurrieron en \u00abcontradicciones\u00bb<\/strong> durante sus declaraciones. Los cuatro fueron detenidos el martes tras la localizaci\u00f3n de pruebas en el campamento donde viv\u00edan, cuyas tiendas de campa\u00f1a han sido retiradas por contravenir las ordenanzas municipales.<\/p>\n","protected":false},"excerpt":{"rendered":"Publicado 30\/10\/2025 &#8211; 19:49 CET \u2022Ultima actualizaci\u00f3n 21:30 La titular del Juzgado de Violencia sobre la Mujer n\u00famero&hellip;\n","protected":false},"author":2,"featured_media":209912,"comment_status":"","ping_status":"","sticky":false,"template":"","format":"standard","meta":{"footnotes":""},"categories":[8],"tags":[17,18,25,24,13,14,11,2158,19,20,9,10,15,16,23,12,21,22,3033],"class_list":{"0":"post-209911","1":"post","2":"type-post","3":"status-publish","4":"format-standard","5":"has-post-thumbnail","7":"category-espana","8":"tag-breaking-news","9":"tag-breakingnews","10":"tag-es","11":"tag-espana","12":"tag-featured-news","13":"tag-featurednews","14":"tag-headlines","15":"tag-justicia","16":"tag-latest-news","17":"tag-latestnews","18":"tag-news","19":"tag-noticias","20":"tag-noticias-destacadas","21":"tag-noticiasdestacadas","22":"tag-spain","23":"tag-titulares","24":"tag-ultimas-noticias","25":"tag-ultimasnoticias","26":"tag-violacion"},"share_on_mastodon":{"url":"","error":""},"_links":{"self":[{"href":"https:\/\/www.europesays.com\/es\/wp-json\/wp\/v2\/posts\/209911","targetHints":{"allow":["GET"]}}],"collection":[{"href":"https:\/\/www.europesays.com\/es\/wp-json\/wp\/v2\/posts"}],"about":[{"href":"https:\/\/www.europesays.com\/es\/wp-json\/wp\/v2\/types\/post"}],"author":[{"embeddable":true,"href":"https:\/\/www.europesays.com\/es\/wp-json\/wp\/v2\/users\/2"}],"replies":[{"embeddable":true,"href":"https:\/\/www.europesays.com\/es\/wp-json\/wp\/v2\/comments?post=209911"}],"version-history":[{"count":0,"href":"https:\/\/www.europesays.com\/es\/wp-json\/wp\/v2\/posts\/209911\/revisions"}],"wp:featuredmedia":[{"embeddable":true,"href":"https:\/\/www.europesays.com\/es\/wp-json\/wp\/v2\/media\/209912"}],"wp:attachment":[{"href":"https:\/\/www.europesays.com\/es\/wp-json\/wp\/v2\/media?parent=209911"}],"wp:term":[{"taxonomy":"category","embeddable":true,"href":"https:\/\/www.europesays.com\/es\/wp-json\/wp\/v2\/categories?post=209911"},{"taxonomy":"post_tag","embeddable":true,"href":"https:\/\/www.europesays.com\/es\/wp-json\/wp\/v2\/tags?post=209911"}],"curies":[{"name":"wp","href":"https:\/\/api.w.org\/{rel}","templated":true}]}}