{"id":209949,"date":"2025-10-31T01:22:11","date_gmt":"2025-10-31T01:22:11","guid":{"rendered":"https:\/\/www.europesays.com\/es\/209949\/"},"modified":"2025-10-31T01:22:11","modified_gmt":"2025-10-31T01:22:11","slug":"el-ultimo-acercamiento-en-cifras-de-enrique-iglesias-con-su-padre","status":"publish","type":"post","link":"https:\/\/www.europesays.com\/es\/209949\/","title":{"rendered":"El \u00faltimo acercamiento en cifras de Enrique Iglesias con su padre"},"content":{"rendered":"<p><strong>Enrique Iglesias<\/strong> ha hecho historia. La <a href=\"https:\/\/okdiario.com\/look\/actualidad\/anna-kournikova-pareja-enrique-iglesias-sorprende-imagen-actual-sus-tres-hijos-2405925\" rel=\"nofollow noopener\" target=\"_blank\">leyenda de la m\u00fasica<\/a> ha vuelto a la India trece a\u00f1os despu\u00e9s con un sold out ante 60.000 personas, tal y como ha podido conocer <strong>LOOK<\/strong>. De esta manera, el int\u00e9rprete de D\u00edmelo o Loco, se ha consagrado como el espa\u00f1ol m\u00e1s internacional de la m\u00fasica en activo y <a href=\"https:\/\/okdiario.com\/look\/actualidad\/julio-iglesias-jr-habla-como-nunca-miranda-rijnsburger-impresiona-2414113\" rel=\"nofollow noopener\" target=\"_blank\">cuyas cifras se acercan a las de su padre<\/a>.<\/p>\n<p>En sus memorias,<strong> Isabel Preysler<\/strong> quiso resaltar el papel de su hijo en la industria, pues en sus comienzos no lo tuvo nada f\u00e1cil, puesto que en un comienzo no se sinti\u00f3 apoyado del todo por su padre. Cuando la reina de corazones fue consciente de que su v\u00e1stago quer\u00eda seguir los pasos de su ex, trat\u00f3 de convencerle para que dedicara su futuro a otra disciplina. \u00ab<strong>No pude evitar preocuparme por su futuro<\/strong>. Le ped\u00ed que no dejara los estudios, que terminara su carrera y despu\u00e9s se dedicara de lleno\u00bb, dijo en sus memorias.<\/p>\n<p>\n<img decoding=\"async\" loading=\"lazy\" class=\"size-medium wp-image-2415108\" alt=\"Enrique Iglesias hace historia en la m\u00fasica. (Foto: Cedida)\" width=\"620\" height=\"349\"  src=\"https:\/\/www.europesays.com\/es\/wp-content\/uploads\/2025\/10\/placeholder.jpg\"  bad-src=\"https:\/\/www.europesays.com\/es\/wp-content\/uploads\/2025\/10\/placeholder.jpg\"\/><\/p>\n<p><img decoding=\"async\" loading=\"lazy\" class=\"size-medium wp-image-2415108\" src=\"https:\/\/www.europesays.com\/es\/wp-content\/uploads\/2025\/10\/fotojet-2025-10-30t155538.022-620x349.jpg\" alt=\"Enrique Iglesias hace historia en la m\u00fasica. (Foto: Cedida)\" width=\"620\" height=\"349\"  \/><\/p>\n<p> Enrique Iglesias hace historia en la m\u00fasica. (Foto: Cedida)\n<\/p>\n<p>Aunque no logr\u00f3 persuadirle, ya que <strong>Enrique quer\u00eda cumplir su sue\u00f1o de ser cantante<\/strong>, el tiempo le dio la raz\u00f3n a su hijo -que se puso el mundo por bandera a pesar de que su padre le dijo que no iba a conseguir \u00abnada sin \u00e9l\u00bb-, que actualmente llena estadios y recintos pese que en un comienzo no fue f\u00e1cil. \u00abCada uno reaccion\u00f3 de una manera diferente. Y me veo obligada a decir, sinti\u00e9ndolo mucho, que Julio en aquel momento y m\u00e1s adelante,\u00a0no se port\u00f3 con Enrique como un padre\u00a0deber\u00eda haber hecho con su hijo, sobre todo teniendo en cuenta que los dos ten\u00edan la misma profesi\u00f3n (\u2026). <strong>La actitud de Julio le doli\u00f3 profundamente a Enrique, y result\u00f3 ser, para m\u00ed,\u00a0una fuente de disgustos y tristezas<\/strong>\u00bb, cont\u00f3 la socialit\u00e9 sobre la reacci\u00f3n del int\u00e9rprete de Spanish Girl. Un testimonio que apoy\u00f3 Julio Jos\u00e9 Jr., que asegur\u00f3 que su padre, aunque \u00abse sent\u00eda muy orgulloso de todos, siempre quer\u00eda ganar\u00bb.<\/p>\n<p>Entonces, Enrique decidi\u00f3 hacer caso omiso y lograr un objetivo: ser mejor que su padre y vender m\u00e1s discos. Desde el lanzamiento de su \u00e1lbum hom\u00f3nimo en 1995, hace ahora treinta a\u00f1os,<strong> el \u00e9xito que ha cosechado nacional e internacionalmente no tiene parang\u00f3<\/strong>n. No solo ha conquistado escenarios y listas de \u00e9xitos a ambos lados del Atl\u00e1ntico, sino que su proyecci\u00f3n le ha llevado a los lugares m\u00e1s rec\u00f3nditos del globo: as\u00ed fue y as\u00ed seguir\u00e1 siendo.<\/p>\n<p>Enrique conquista el mundo<\/p>\n<p>Este pr\u00f3ximo fin de semana, <strong>Enrique tiene un gran reto<\/strong>. El peque\u00f1o de los hijos en com\u00fan de Preysler e Iglesias estar\u00e1 en Oriente Medio para celebrar tres conciertos que han agotado todas sus entradas en apenas unas horas.<\/p>\n<p>El primero, ayer en Mumbai, en el MMRDA Grounds, donde repetir\u00e1 tambi\u00e9n esta misma noche y<strong> donde actuar\u00e1 ante 60.000 personas. Otro hito para un Enrique Iglesias<\/strong> que forma parte de un grupo extremadamente selecto de artistas que han conseguido m\u00faltiples discos de platino tanto en formatos f\u00edsicos como en streaming, hasta conseguir <strong>m\u00e1s de 180 millones de \u00e1lbumes vendidos en todo el mundo.<\/strong><\/p>\n<p>\n<img decoding=\"async\" loading=\"lazy\" class=\"size-medium wp-image-2415111\" alt=\"Enrique Iglesias hace historia en la m\u00fasica y regresa a Oriente Medio trece a\u00f1os despu\u00e9s. (Foto: Cedida)\" width=\"620\" height=\"349\"  src=\"https:\/\/www.europesays.com\/es\/wp-content\/uploads\/2025\/10\/placeholder.jpg\"  bad-src=\"https:\/\/www.europesays.com\/es\/wp-content\/uploads\/2025\/10\/placeholder.jpg\"\/><\/p>\n<p><img decoding=\"async\" loading=\"lazy\" class=\"size-medium wp-image-2415111\" src=\"https:\/\/www.europesays.com\/es\/wp-content\/uploads\/2025\/10\/fotojet-2025-10-30t155603.193-620x349.jpg\" alt=\"Enrique Iglesias hace historia en la m\u00fasica y regresa a Oriente Medio trece a\u00f1os despu\u00e9s. (Foto: Cedida)\" width=\"620\" height=\"349\"  \/><\/p>\n<p> Enrique Iglesias hace historia en la m\u00fasica y regresa a Oriente Medio trece a\u00f1os despu\u00e9s. (Foto: Cedida)\n<\/p>\n<p>El segundo, dos d\u00edas despu\u00e9s, <strong>el 1 de noviembre, nada menos que en Abu Dabi<\/strong>; ser\u00e1 en el Etihad Arena, donde Enrique Iglesias tambi\u00e9n ha firmado un sold out hist\u00f3rico. Pocos son los artistas internacionales que ser\u00edan capaces de lograr esta gesta; muy pocos los artistas hispanohablantes en hacerlo; solo Enrique entre los artistas espa\u00f1oles firma tres sold outs en Oriente Medio congregando, en total, a <strong>casi 80.000 fan\u00e1ticos<\/strong>. No en vano hablamos del artista espa\u00f1ol l\u00edder en streamings a nivel mundial.<\/p>\n<p>El \u00faltimo \u00e1lbum de Enrique Iglesias Final (Vol.2) acumula cientos de millones de reproducciones en plataformas digitales y su hit As\u00ed es la vida, junto a Mar\u00eda Becerra, ha vuelto a marcar un hito global. <strong>En estos shows en Oriente Medio, Enrique Iglesias ha vuelto a demostrar que tiene un repertorio ic\u00f3nico<\/strong>, uno de los m\u00e1s importantes de la m\u00fasica en espa\u00f1ol, y que su trayectoria, a ambos lados del Atl\u00e1ntico, como pionero del pop urbano, ha sido la gu\u00eda sobre la que la industria musical espa\u00f1ola ha crecido a nivel internacional hasta convertirse en la referencia que es a d\u00eda de hoy: uno de los artistas latinos m\u00e1s grande de la historia, basado en sus ventas y n\u00fameros 1.<\/p>\n","protected":false},"excerpt":{"rendered":"Enrique Iglesias ha hecho historia. La leyenda de la m\u00fasica ha vuelto a la India trece a\u00f1os despu\u00e9s&hellip;\n","protected":false},"author":2,"featured_media":198901,"comment_status":"","ping_status":"","sticky":false,"template":"","format":"standard","meta":{"footnotes":""},"categories":[174],"tags":[255,12096,146,147,25,24,256,23],"class_list":{"0":"post-209949","1":"post","2":"type-post","3":"status-publish","4":"format-standard","5":"has-post-thumbnail","7":"category-famosos","8":"tag-celebrities","9":"tag-enrique","10":"tag-entertainment","11":"tag-entretenimiento","12":"tag-es","13":"tag-espana","14":"tag-famosos","15":"tag-spain"},"share_on_mastodon":{"url":"https:\/\/pubeurope.com\/@es\/115466164461609625","error":""},"_links":{"self":[{"href":"https:\/\/www.europesays.com\/es\/wp-json\/wp\/v2\/posts\/209949","targetHints":{"allow":["GET"]}}],"collection":[{"href":"https:\/\/www.europesays.com\/es\/wp-json\/wp\/v2\/posts"}],"about":[{"href":"https:\/\/www.europesays.com\/es\/wp-json\/wp\/v2\/types\/post"}],"author":[{"embeddable":true,"href":"https:\/\/www.europesays.com\/es\/wp-json\/wp\/v2\/users\/2"}],"replies":[{"embeddable":true,"href":"https:\/\/www.europesays.com\/es\/wp-json\/wp\/v2\/comments?post=209949"}],"version-history":[{"count":0,"href":"https:\/\/www.europesays.com\/es\/wp-json\/wp\/v2\/posts\/209949\/revisions"}],"wp:featuredmedia":[{"embeddable":true,"href":"https:\/\/www.europesays.com\/es\/wp-json\/wp\/v2\/media\/198901"}],"wp:attachment":[{"href":"https:\/\/www.europesays.com\/es\/wp-json\/wp\/v2\/media?parent=209949"}],"wp:term":[{"taxonomy":"category","embeddable":true,"href":"https:\/\/www.europesays.com\/es\/wp-json\/wp\/v2\/categories?post=209949"},{"taxonomy":"post_tag","embeddable":true,"href":"https:\/\/www.europesays.com\/es\/wp-json\/wp\/v2\/tags?post=209949"}],"curies":[{"name":"wp","href":"https:\/\/api.w.org\/{rel}","templated":true}]}}