{"id":209962,"date":"2025-10-31T01:32:14","date_gmt":"2025-10-31T01:32:14","guid":{"rendered":"https:\/\/www.europesays.com\/es\/209962\/"},"modified":"2025-10-31T01:32:14","modified_gmt":"2025-10-31T01:32:14","slug":"repsol-acusa-un-fuerte-retroceso-de-sus-beneficios-por-la-caida-de-los-precios-del-petroleo","status":"publish","type":"post","link":"https:\/\/www.europesays.com\/es\/209962\/","title":{"rendered":"Repsol acusa un fuerte retroceso de sus beneficios por la ca\u00edda de los precios del petr\u00f3leo"},"content":{"rendered":"<p>    <img src=\"https:\/\/www.europesays.com\/es\/wp-content\/uploads\/2025\/10\/2025-10-30T143A193A36Z-90253356.jpg\" width=\"1024\" height=\"697\" alt=\"\" loading=\"eager\" decoding=\"sync\" fetchpriority=\"high\"\/><\/p>\n<p>            afp_tickers        <\/p>\n<p>        Este contenido fue publicado en    <\/p>\n<p>        30 octubre 2025 &#8211; 15:19\n<\/p>\n<p>El grupo petrolero espa\u00f1ol Repsol anunci\u00f3 el jueves una ca\u00edda del 34% de su beneficio en los primeros nueve meses del a\u00f1o debido a la volatilidad de los mercados y el retroceso de los precios del petr\u00f3leo.\u00a0<\/p>\n<p>El grupo dirigido por Josu Jon Imaz, presente en m\u00e1s de 20 pa\u00edses, tuvo un resultado neto de 1.177 millones de euros entre enero y septiembre, frente a los 1.792 millones de euros en el mismo per\u00edodo hace un a\u00f1o, seg\u00fan sus resultados comunicados al regulador burs\u00e1til espa\u00f1ol (CNMV).\u00a0<\/p>\n<p>Su beneficio ajustado, indicador que mide el desempe\u00f1o de forma m\u00e1s espec\u00edfica y que los inversores toman como referencia, fue de 2.173 millones de euros al 30 de septiembre, lo que supone una ca\u00edda del 19%.\u00a0<\/p>\n<p>La deuda de Repsol tambi\u00e9n aument\u00f3 tras la fusi\u00f3n en el Reino Unido de su filial con Neo Energy.<\/p>\n<p>El grupo petrolero, que cuenta con m\u00e1s de 26.000 empleados, ya hab\u00eda visto caer su beneficio en el primer semestre, debido tambi\u00e9n a la volatilidad de los precios, as\u00ed como al impacto en su actividad del apag\u00f3n el\u00e9ctrico que afect\u00f3 a la pen\u00ednsula ib\u00e9rica el 28 de abril.\u00a0<\/p>\n<p>Los beneficios durante ese periodo ascendieron a 603 millones de euros, un resultado muy alejado de los 1.630 millones obtenidos en el primer semestre de 2024.<\/p>\n<p>rbj\/rs\/avl<\/p>\n","protected":false},"excerpt":{"rendered":"afp_tickers Este contenido fue publicado en 30 octubre 2025 &#8211; 15:19 El grupo petrolero espa\u00f1ol Repsol anunci\u00f3 el&hellip;\n","protected":false},"author":2,"featured_media":209963,"comment_status":"","ping_status":"","sticky":false,"template":"","format":"standard","meta":{"footnotes":""},"categories":[80],"tags":[82,9396,9397,95,94,84,14686,56535,756,25,24,7906,54558,14690,23,90],"class_list":{"0":"post-209962","1":"post","2":"type-post","3":"status-publish","4":"format-standard","5":"has-post-thumbnail","7":"category-economia","8":"tag-business","9":"tag-company-information","10":"tag-earnings","11":"tag-economia","12":"tag-economy","13":"tag-economy-general","14":"tag-energy-and-resource","15":"tag-energy-resources","16":"tag-environment","17":"tag-es","18":"tag-espana","19":"tag-natural-resources","20":"tag-oil-and-gas-downstream-activities","21":"tag-oil-and-gas-upstream-activities","22":"tag-spain","23":"tag-ticker"},"share_on_mastodon":{"url":"https:\/\/pubeurope.com\/@es\/115466203778215087","error":""},"_links":{"self":[{"href":"https:\/\/www.europesays.com\/es\/wp-json\/wp\/v2\/posts\/209962","targetHints":{"allow":["GET"]}}],"collection":[{"href":"https:\/\/www.europesays.com\/es\/wp-json\/wp\/v2\/posts"}],"about":[{"href":"https:\/\/www.europesays.com\/es\/wp-json\/wp\/v2\/types\/post"}],"author":[{"embeddable":true,"href":"https:\/\/www.europesays.com\/es\/wp-json\/wp\/v2\/users\/2"}],"replies":[{"embeddable":true,"href":"https:\/\/www.europesays.com\/es\/wp-json\/wp\/v2\/comments?post=209962"}],"version-history":[{"count":0,"href":"https:\/\/www.europesays.com\/es\/wp-json\/wp\/v2\/posts\/209962\/revisions"}],"wp:featuredmedia":[{"embeddable":true,"href":"https:\/\/www.europesays.com\/es\/wp-json\/wp\/v2\/media\/209963"}],"wp:attachment":[{"href":"https:\/\/www.europesays.com\/es\/wp-json\/wp\/v2\/media?parent=209962"}],"wp:term":[{"taxonomy":"category","embeddable":true,"href":"https:\/\/www.europesays.com\/es\/wp-json\/wp\/v2\/categories?post=209962"},{"taxonomy":"post_tag","embeddable":true,"href":"https:\/\/www.europesays.com\/es\/wp-json\/wp\/v2\/tags?post=209962"}],"curies":[{"name":"wp","href":"https:\/\/api.w.org\/{rel}","templated":true}]}}