{"id":209988,"date":"2025-10-31T01:53:19","date_gmt":"2025-10-31T01:53:19","guid":{"rendered":"https:\/\/www.europesays.com\/es\/209988\/"},"modified":"2025-10-31T01:53:19","modified_gmt":"2025-10-31T01:53:19","slug":"se-nos-ve-el-plumero-mucho","status":"publish","type":"post","link":"https:\/\/www.europesays.com\/es\/209988\/","title":{"rendered":"Se nos ve el plumero mucho"},"content":{"rendered":"<p class=\"article-text\">\n        <strong>Supervivientes All Stars <\/strong>pone fin a su segunda edici\u00f3n en <strong>Telecinco <\/strong>con la celebraci\u00f3n, este jueves 30 de octubre, de su <strong>gran final<\/strong>. Una gala en la que se coronar\u00e1 al ganador o ganadora del reality entre <strong>Miri P\u00e9rez Cabrero, Rub\u00e9n Torres, Tony Spina y Jessica Bueno<\/strong>, mientras en los programas de la misma cadena siguen haciendo sus quinielas.\n    <\/p>\n<p>    <a href=\"https:\/\/www.eldiario.es\/vertele\/noticias\/supervivientes-all-stars-telecinco-descubrir-verdad-condiciones-reality-final-isla-cuarzo-videos_1_12722591.html\" data-mrf-recirculation=\"saber-mas\" data-dl-event=\"saber-mas\" rel=\"nofollow noopener\" target=\"_blank\"><\/p>\n<p class=\"know-more__title\">&#8216;Supervivientes All Stars&#8217; llega a su final: as\u00ed fue nuestro d\u00eda a la deriva en la isla para descubrir toda la verdad del reality<\/p>\n<p>            <img decoding=\"async\" class=\"lazy\" loading=\"lazy\" data-src=\"https:\/\/static.eldiario.es\/clip\/e8b04e13-27f4-4648-8338-1dfbac2ecedd_16-9-aspect-ratio_default_0.jpg\" src=\"data:image\/svg+xml,%3Csvg xmlns=\" http:=\"\" viewbox=\"0 0 880 495\" alt=\"'Supervivientes All Stars' llega a su final: as\u00ed fue nuestro d\u00eda a la deriva en la isla para descubrir toda la verdad del reality\"\/><\/p>\n<p>                        <\/a><\/p>\n<p class=\"article-text\">\n        Tras el pron\u00f3stico de <a href=\"https:\/\/www.eldiario.es\/vertele\/noticias\/joaquin-prat-opina-debe-ganar-supervivientes-all-stars-daria-canto-dientes_1_12701387.html\" target=\"_blank\" data-mrf-recirculation=\"links-noticia\" class=\"link\" rel=\"nofollow noopener\">Joaqu\u00edn Prat <\/a>hace unos d\u00edas en El tiempo justo, esta vez ha sido <strong>Vamos a ver<\/strong>, formato del mismo canal y productora, el que se ha &#8216;mojado&#8217; sobre qui\u00e9n deber\u00eda vencer. Lo han hecho con <strong>unanimidad entre su presentadora Patricia Pardo y los colaboradores<\/strong>, diferenci\u00e1ndose de los nombres que dijo su excompa\u00f1ero de programa.\n    <\/p>\n<p class=\"article-text\">\n        Mientras el Prat se\u00f1al\u00f3 a <strong>Miri, Adara o Carlos<\/strong> -los dos \u00faltimos ya no optan-, en el magac\u00edn matinal han apuntado a una \u00fanica ganadora posible:<strong> Jessica Bueno<\/strong>. As\u00ed lo expresaban este mi\u00e9rcoles, tras ver unas im\u00e1genes del Puente de las emociones que la concursante protagoniz\u00f3 en<strong> Tierra de Nadie<\/strong> y que<strong> convenci\u00f3 a todos<\/strong> para verla como su clara aspirante al triunfo.\n    <\/p>\n<p>            <img decoding=\"async\" class=\"lazy\" loading=\"lazy\" data-src=\"https:\/\/static.eldiario.es\/clip\/17eaf650-0a27-4840-8083-b7a82af25a76_16-9-discover-aspect-ratio_default_0.jpg\" src=\"data:image\/svg+xml,%3Csvg xmlns=\" http:=\"\" viewbox=\"0 0 1200 675\" alt=\"La tertulia sobre 'Supervivientes All Stars' en 'Vamos a ver'\"\/><\/p>\n<p class=\"article-text\">\n        \u201c<strong>Ayer Jessica gan\u00f3 el concurso con este Puente de las emociones<\/strong> que a todos nos emocion\u00f3. Es incre\u00edble ver c\u00f3mo se ha transformado y se ha convertido en la mujer que es ahora, y ver c\u00f3mo lo cuenta sabiendo c\u00f3mo se ha ca\u00eddo y se ha levantado&#8230; <strong>es una superviviente de la vida y por eso tiene que ganar <\/strong><strong>Supervivientes<\/strong>\u201d, dijo, rotunda, Adriana Dorronsoro.\n    <\/p>\n<p class=\"article-text\">\n        \u201c<strong>Se nos ve el plumero mucho en este programa<\/strong>\u201d, brome\u00f3 Pardo, coincidiendo con su compa\u00f1era. \u201cLo siento, es lo que pienso\u201d, justific\u00f3 la primera, mientras Pepe del Real se sub\u00eda tambi\u00e9n a su &#8216;barco&#8217; : \u201cYo ya hab\u00eda dicho que mi ganadora era Jessica, y para muestra un bot\u00f3n. Todo el mundo lo puede ver en su casa\u201d, apunt\u00f3.\n    <\/p>\n<p>    <a href=\"https:\/\/www.eldiario.es\/vertele\/noticias\/telecinco-adelanta-final-supervivientes-all-stars-2-votacion-expres-proclamar-ganador_1_12727365.html\" data-mrf-recirculation=\"saber-mas-abajo\" data-dl-event=\"saber-mas-abajo\" rel=\"nofollow noopener\" target=\"_blank\"><\/p>\n<p class=\"know-more__title\">Telecinco adelanta c\u00f3mo va a ser la final de &#8216;Supervivientes All Stars 2&#8217;, con votaci\u00f3n expr\u00e9s para proclamar ganador\n<\/p>\n<p>            <img decoding=\"async\" class=\"lazy\" loading=\"lazy\" data-src=\"https:\/\/static.eldiario.es\/clip\/4950c91c-aa5c-47cc-8c20-ae936c64df4c_16-9-aspect-ratio_default_0.jpg\" src=\"data:image\/svg+xml,%3Csvg xmlns=\" http:=\"\" viewbox=\"0 0 880 495\" alt=\"Telecinco adelanta c\u00f3mo va a ser la final de 'Supervivientes All Stars 2', con votaci\u00f3n expr\u00e9s para proclamar ganador\"\/><\/p>\n<p>                        <\/a><\/p>\n<p class=\"article-text\">\n        Por su parte, <strong>Cristina T\u00e1rrega<\/strong> asegur\u00f3 que tambi\u00e9n est\u00e1 <strong>a favor de Jessica<\/strong> tras la expulsi\u00f3n de su ganadora, que era Gloria Camila. <strong>Alessandro Lequio<\/strong>, en cambio, fue la \u00fanica voz discordante que adem\u00e1s critic\u00f3 a Bueno por su vida personal.\n    <\/p>\n","protected":false},"excerpt":{"rendered":"Supervivientes All Stars pone fin a su segunda edici\u00f3n en Telecinco con la celebraci\u00f3n, este jueves 30 de&hellip;\n","protected":false},"author":2,"featured_media":209989,"comment_status":"","ping_status":"","sticky":false,"template":"","format":"standard","meta":{"footnotes":""},"categories":[91],"tags":[11286,8194,146,147,25,24,5241,56899,23,11287,3947,56869,7096,809],"class_list":{"0":"post-209988","1":"post","2":"type-post","3":"status-publish","4":"format-standard","5":"has-post-thumbnail","7":"category-entretenimiento","8":"tag-all","9":"tag-elige","10":"tag-entertainment","11":"tag-entretenimiento","12":"tag-es","13":"tag-espana","14":"tag-ganadora","15":"tag-plumero","16":"tag-spain","17":"tag-stars","18":"tag-supervivientes","19":"tag-unanimidad","20":"tag-ve","21":"tag-ver"},"share_on_mastodon":{"url":"https:\/\/pubeurope.com\/@es\/115466286085299399","error":""},"_links":{"self":[{"href":"https:\/\/www.europesays.com\/es\/wp-json\/wp\/v2\/posts\/209988","targetHints":{"allow":["GET"]}}],"collection":[{"href":"https:\/\/www.europesays.com\/es\/wp-json\/wp\/v2\/posts"}],"about":[{"href":"https:\/\/www.europesays.com\/es\/wp-json\/wp\/v2\/types\/post"}],"author":[{"embeddable":true,"href":"https:\/\/www.europesays.com\/es\/wp-json\/wp\/v2\/users\/2"}],"replies":[{"embeddable":true,"href":"https:\/\/www.europesays.com\/es\/wp-json\/wp\/v2\/comments?post=209988"}],"version-history":[{"count":0,"href":"https:\/\/www.europesays.com\/es\/wp-json\/wp\/v2\/posts\/209988\/revisions"}],"wp:featuredmedia":[{"embeddable":true,"href":"https:\/\/www.europesays.com\/es\/wp-json\/wp\/v2\/media\/209989"}],"wp:attachment":[{"href":"https:\/\/www.europesays.com\/es\/wp-json\/wp\/v2\/media?parent=209988"}],"wp:term":[{"taxonomy":"category","embeddable":true,"href":"https:\/\/www.europesays.com\/es\/wp-json\/wp\/v2\/categories?post=209988"},{"taxonomy":"post_tag","embeddable":true,"href":"https:\/\/www.europesays.com\/es\/wp-json\/wp\/v2\/tags?post=209988"}],"curies":[{"name":"wp","href":"https:\/\/api.w.org\/{rel}","templated":true}]}}