{"id":210001,"date":"2025-10-31T02:04:11","date_gmt":"2025-10-31T02:04:11","guid":{"rendered":"https:\/\/www.europesays.com\/es\/210001\/"},"modified":"2025-10-31T02:04:11","modified_gmt":"2025-10-31T02:04:11","slug":"movistar-team-reorganiza-su-area-deportiva-bajo-el-lidera","status":"publish","type":"post","link":"https:\/\/www.europesays.com\/es\/210001\/","title":{"rendered":"Movistar Team reorganiza su \u00c1rea Deportiva bajo el lidera&#8230;"},"content":{"rendered":"<p>                    El conjunto telef\u00f3nico da un nuevo paso adelante en su proceso de transformaci\u00f3n, y anuncia la creaci\u00f3n y consolidaci\u00f3n de\u00a0cuatro departamentos clave:\u00a0Rendimiento, Carrera, Salud y Corredores.<\/p>\n<p class=\"c-news-list__author\">Ciclismoafondo.es. Fotos: Movistar Team<\/p>\n<p class=\"c-mainarticle__date\">\n<p>                    29 de octubre de 2025 (16:30 CET)<\/p>\n<p>                                                                                                                                        <img fetchpriority=\"high\" decoding=\"async\" src=\"https:\/\/www.europesays.com\/es\/wp-content\/uploads\/2025\/10\/movistar-team-reorganiza-su-area-deportiva-bajo-el-liderazgo-de-sebastian-unzue.jpeg\" alt=\"Movistar Team reorganiza su \u00c1rea Deportiva bajo el liderazgo de Sebasti\u00e1n Unzu\u00e9\" title=\"Movistar Team reorganiza su \u00c1rea Deportiva bajo el liderazgo de Sebasti\u00e1n Unzu\u00e9\" class=\"c-mainarticle__img\" loading=\"eager\" width=\"790\" height=\"454\"\/><\/p>\n<p>                    Movistar Team reorganiza su \u00c1rea Deportiva bajo el liderazgo de Sebasti\u00e1n Unzu\u00e9<\/p>\n<p><strong>Movistar Team\u00a0da un nuevo paso adelante en su proceso de transformaci\u00f3n<\/strong> y anuncia una <strong>profunda reorganizaci\u00f3n de su \u00c1rea Deportiva<\/strong>, con el objetivo de optimizar su funcionamiento interno y afrontar con mayores garant\u00edas los retos deportivos de las pr\u00f3ximas temporadas.<\/p>\n<p><strong>La reestructuraci\u00f3n, liderada por\u00a0Sebasti\u00e1n Unzu\u00e9<\/strong>, quien asume el cargo de\u00a0<strong>Head of Sports,<\/strong> contempla la creaci\u00f3n y consolidaci\u00f3n de<strong>\u00a0cuatro departamentos clave:\u00a0Rendimiento, Carrera, Salud y Corredores<\/strong>, cada uno con responsables especializados que coordinar\u00e1n sus respectivas \u00e1reas.<\/p>\n<p>\u201c<strong>Queremos seguir evolucionando como organizaci\u00f3n y dotar al equipo de una estructura moderna, eficaz <\/strong>y alineada con las exigencias del ciclismo actual\u201d<strong>,<\/strong> se\u00f1ala\u00a0Sebasti\u00e1n Unzu\u00e9. \u201cEste nuevo modelo nos permitir\u00e1 optimizar procesos y fortalecer la colaboraci\u00f3n entre todos los departamentos\u201d.<\/p>\n<p><img decoding=\"async\" loading=\"lazy\" alt=\"Departamento de Rendimiento\" data-id=\"14596512\" data-resize=\"null\" height=\"800\" src=\"https:\/\/www.europesays.com\/es\/wp-content\/uploads\/2025\/10\/departamento-de-rendimiento.jpeg\" title=\"Departamento de Rendimiento\" width=\"800\"\/>&#13;<br \/>\nXabier Muriel&#13;<\/p>\n<p>\u00a0<\/p>\n<p>CUATRO PILARES PARA UN MODELO INTEGRAL<\/p>\n<p>En el\u00a0<strong>Departamento de Rendimiento<\/strong>,\u00a0<strong>Iv\u00e1n Velasco\u00a0y\u00a0Xabier Muriel<\/strong>\u00a0liderar\u00e1n las \u00e1reas de rendimiento, ingenier\u00eda y biomec\u00e1nica, nutrici\u00f3n e I+D con el objetivo de maximizar el potencial competitivo de los corredores.<\/p>\n<p>El\u00a0<strong>Departamento de Carrera<\/strong>\u00a0estar\u00e1 encabezado por\u00a0<strong>Chente Garc\u00eda Acosta\u00a0y\u00a0Matthew White,<\/strong> nueva incorporaci\u00f3n al equipo. Ambos coordinar\u00e1n la planificaci\u00f3n y\u00a0Direcci\u00f3n Deportiva, fundamentales para la estrategia en competici\u00f3n.<\/p>\n<p><img decoding=\"async\" loading=\"lazy\" alt=\"Matthew White\" data-id=\"14596422\" data-resize=\"null\" height=\"520\" src=\"https:\/\/www.europesays.com\/es\/wp-content\/uploads\/2025\/10\/matthew-white.jpeg\" title=\"Matthew White\" width=\"800\"\/>&#13;<br \/>\nMatthew White&#13;<\/p>\n<p>\u201cTras m\u00e1s de 15 a\u00f1os como Director Deportivo, inicio una nueva etapa muy ilusionante, <strong>con muchas ganas de aportar mi experiencia y contribuir al \u00e9xito del equipo <\/strong>-comenta el australiano\u00a0<strong>Matthew White<\/strong>-. El Movistar Team es una estructura a la que siempre he tenido un profundo respeto, y poder formar parte de ella desde dentro es algo que me motiva enormemente.\u201d<\/p>\n<p>En el\u00a0<strong>\u00e1rea de Salud,\u00a0I\u00f1igo Michelena<\/strong>\u00a0ser\u00e1 el responsable de coordinar todos los aspectos m\u00e9dicos y de bienestar de los corredores.<\/p>\n<p>Finalmente, <strong>se crea un\u00a0Departamento de Corredores<\/strong>, con <strong>representantes de los ciclistas<\/strong> en las diferentes estructuras del equipo.<\/p>\n<p><img decoding=\"async\" loading=\"lazy\" alt=\"staff Movistar Team\" data-id=\"14596432\" data-resize=\"null\" height=\"674\" src=\"https:\/\/www.europesays.com\/es\/wp-content\/uploads\/2025\/10\/staff-movistar-team.jpeg\" title=\"staff Movistar Team\" width=\"800\"\/><\/p>\n<p>\u00abCon esta nueva organizaci\u00f3n,\u00a0Abarca Sports\u00a0y\u00a0Movistar Team\u00a0refuerzan su compromiso con la excelencia deportiva, la innovaci\u00f3n y la gesti\u00f3n integral de talento, consolidando su posici\u00f3n como una de las estructuras m\u00e1s s\u00f3lidas y avanzadas del pelot\u00f3n internacional\u00bb, se\u00f1alan en un comunicado desde el equipo telef\u00f3nico.\u00a0<\/p>\n<p>\u00a0<\/p>\n","protected":false},"excerpt":{"rendered":"El conjunto telef\u00f3nico da un nuevo paso adelante en su proceso de transformaci\u00f3n, y anuncia la creaci\u00f3n y&hellip;\n","protected":false},"author":2,"featured_media":210002,"comment_status":"","ping_status":"","sticky":false,"template":"","format":"standard","meta":{"footnotes":""},"categories":[273],"tags":[313,312,168,25,24,23,167],"class_list":{"0":"post-210001","1":"post","2":"type-post","3":"status-publish","4":"format-standard","5":"has-post-thumbnail","7":"category-ciclismo","8":"tag-ciclismo","9":"tag-cycling","10":"tag-deportes","11":"tag-es","12":"tag-espana","13":"tag-spain","14":"tag-sports"},"share_on_mastodon":{"url":"https:\/\/pubeurope.com\/@es\/115466329468699810","error":""},"_links":{"self":[{"href":"https:\/\/www.europesays.com\/es\/wp-json\/wp\/v2\/posts\/210001","targetHints":{"allow":["GET"]}}],"collection":[{"href":"https:\/\/www.europesays.com\/es\/wp-json\/wp\/v2\/posts"}],"about":[{"href":"https:\/\/www.europesays.com\/es\/wp-json\/wp\/v2\/types\/post"}],"author":[{"embeddable":true,"href":"https:\/\/www.europesays.com\/es\/wp-json\/wp\/v2\/users\/2"}],"replies":[{"embeddable":true,"href":"https:\/\/www.europesays.com\/es\/wp-json\/wp\/v2\/comments?post=210001"}],"version-history":[{"count":0,"href":"https:\/\/www.europesays.com\/es\/wp-json\/wp\/v2\/posts\/210001\/revisions"}],"wp:featuredmedia":[{"embeddable":true,"href":"https:\/\/www.europesays.com\/es\/wp-json\/wp\/v2\/media\/210002"}],"wp:attachment":[{"href":"https:\/\/www.europesays.com\/es\/wp-json\/wp\/v2\/media?parent=210001"}],"wp:term":[{"taxonomy":"category","embeddable":true,"href":"https:\/\/www.europesays.com\/es\/wp-json\/wp\/v2\/categories?post=210001"},{"taxonomy":"post_tag","embeddable":true,"href":"https:\/\/www.europesays.com\/es\/wp-json\/wp\/v2\/tags?post=210001"}],"curies":[{"name":"wp","href":"https:\/\/api.w.org\/{rel}","templated":true}]}}