{"id":210011,"date":"2025-10-31T02:12:07","date_gmt":"2025-10-31T02:12:07","guid":{"rendered":"https:\/\/www.europesays.com\/es\/210011\/"},"modified":"2025-10-31T02:12:07","modified_gmt":"2025-10-31T02:12:07","slug":"los-legendarios-freddie-mercury-y-montserrat-caballe-tendran-una-estatua-como-homenaje-en-barcelona","status":"publish","type":"post","link":"https:\/\/www.europesays.com\/es\/210011\/","title":{"rendered":"Los legendarios Freddie Mercury y Montserrat Caball\u00e9 tendr\u00e1n una estatua como homenaje en Barcelona"},"content":{"rendered":"<p>Los ic\u00f3nicos int\u00e9rpretes de la banda sonora de los Juegos Ol\u00edmpicos de Barcelona, en 1992, <b>Freddie Mercury y Montserrat Caball\u00e9, tendr\u00e1n una estatua en la popular ciudad espa\u00f1ola.<\/b><\/p>\n<p>La futura figura, a\u00fan por dise\u00f1ar, reconocer\u00e1 en el parque Gl\u00f2ries el himno &#8216;Barcelona&#8217; y recordar\u00e1 en el nuevo pulm\u00f3n verde de la capital catalana el esp\u00edritu ol\u00edmpico, seg\u00fan avanz\u00f3 el alcalde de Barcelona, Jaume Collboni, en el p\u00f3dcast de Catalunya R\u00e0dio &#8216;Raps\u00f2dia bohemia&#8217;.\u00a0<\/p>\n<p>\u00abBarcelona le har\u00e1 un homenaje a Freddie Mercury y Montserrat Caball\u00e9, dedic\u00e1ndole un espacio monumental en el renovado parque de Gl\u00f2ries, que tambi\u00e9n servir\u00e1 para rememorar un momento hist\u00f3rico para la ciudad\u00bb, dijo Collboni.\u00a0<\/p>\n<p>El alcalde, &#8216;fan&#8217; confeso de Queen, se\u00f1al\u00f3 que espera que la pieza est\u00e9 lista \u00abantes de fin de a\u00f1o\u00bb. \u00abEl monumento har\u00e1 referencia a los dos artistas, pero tambi\u00e9n a la canci\u00f3n &#8216;Barcelona&#8217; y a lo que simboliz\u00f3 durante los Juegos Ol\u00edmpicos esta pieza, convertida en el himno de la ciudad\u00bb, a\u00f1adi\u00f3.\u00a0<\/p>\n<p>En los \u00faltimos a\u00f1os, diferentes grupos municipales han lanzado ideas sobre posibles homenajes de la ciudad a Mercury y Caball\u00e9. El propio Collboni propuso en 2018 que ambos cantantes tuvieran cada uno una calle, porque la ciudad ten\u00eda \u00abuna deuda pendiente\u00bb con la pareja art\u00edstica, ya desaparecida.\u00a0<\/p>\n<p>En 2023, ya como alcalde, Collboni anunci\u00f3 que tendr\u00edan un mirador sobre Gl\u00f2ries, pero finalmente ser\u00e1 una estatua, que ha resultado la propuesta ganadora.\u00a0<\/p>\n<p><b>Freddie Mercury<\/b> falleci\u00f3 el 24 de noviembre de 1991 falleci\u00f3 y fue el vocalista principal de la banda \u2018Queen\u2019. En 2025, casi 34 a\u00f1os despu\u00e9s, su vida personal volvi\u00f3 a ser noticia tanto para sus fan\u00e1ticos como para curiosos del mundo del entretenimiento.\u00a0\u00bfLa raz\u00f3n? Una posible hija que no fue reconocida.<\/p>\n<p>Seg\u00fan el medio de comunicaci\u00f3n \u2018Daily Mail\u2019, una biograf\u00eda que se publicar\u00e1 en los pr\u00f3ximos meses desvela la existencia de una descendiente del rockero.<\/p>\n<p>Los rumores de que una mujer que naci\u00f3 en 1976 puede ser la \u00fanica hija del cantante, apuntan a que fue producto de un v\u00ednculo que sostuvo con la esposa de un amigo hace 48 a\u00f1os. Los detalles de esto se conocer\u00edan en el libro &#8216;Love, Freddie: Freddie Mercury&#8217;s Secret Life and Love&#8217;.<\/p>\n<p class=\"c-cuerpo__media__txt\">Freddie Mercury muri\u00f3 el 24 de noviembre de 1991, a la edad de 45 a\u00f1os. Foto:<\/p>\n<p>Este a\u00f1o, su nombre tambi\u00e9n son\u00f3 cuando Mary Austin, exnovia y heredera de Freddie Mercury,\u00a0 decidi\u00f3 subastar m\u00e1s de mil art\u00edculos personales del ic\u00f3nico cantante de Queen, lo que\u00a0 provoc\u00f3 un fuerte malestar en el entorno familiar del artista, en particular en su hermana, Kashmira Bulsara.<\/p>\n<p>De acuerdo con el diario brit\u00e1nico &#8216;The Sun&#8217;, Bulsara desembols\u00f3 3 millones de libras esterlinas de su propio dinero para recuperar algunas de las pertenencias m\u00e1s preciadas de su hermano.<\/p>\n<p><b>Freddie Mercury<\/b> mantuvo una relaci\u00f3n con Mary Austin desde 1969 hasta finales de los a\u00f1os 70. Aunque el romance termin\u00f3, ambos conservaron una estrecha relaci\u00f3n.<\/p>\n<p>Ella lo acompa\u00f1\u00f3 durante su enfermedad y fue designada como la principal beneficiaria de su herencia. El cantante incluso le dedic\u00f3 la canci\u00f3n &#8216;Love of My Life&#8217;, considerada uno de los temas m\u00e1s emotivos del repertorio de Queen.<\/p>\n","protected":false},"excerpt":{"rendered":"Los ic\u00f3nicos int\u00e9rpretes de la banda sonora de los Juegos Ol\u00edmpicos de Barcelona, en 1992, Freddie Mercury y&hellip;\n","protected":false},"author":2,"featured_media":210012,"comment_status":"","ping_status":"","sticky":false,"template":"","format":"standard","meta":{"footnotes":""},"categories":[170],"tags":[56902,146,147,25,24,56900,56901,41824,184,185,23,1511],"class_list":{"0":"post-210011","1":"post","2":"type-post","3":"status-publish","4":"format-standard","5":"has-post-thumbnail","7":"category-musica","8":"tag-caballe","9":"tag-entertainment","10":"tag-entretenimiento","11":"tag-es","12":"tag-espana","13":"tag-freddie","14":"tag-mercury","15":"tag-montserrat","16":"tag-music","17":"tag-musica","18":"tag-spain","19":"tag-y"},"share_on_mastodon":{"url":"https:\/\/pubeurope.com\/@es\/115466360911572495","error":""},"_links":{"self":[{"href":"https:\/\/www.europesays.com\/es\/wp-json\/wp\/v2\/posts\/210011","targetHints":{"allow":["GET"]}}],"collection":[{"href":"https:\/\/www.europesays.com\/es\/wp-json\/wp\/v2\/posts"}],"about":[{"href":"https:\/\/www.europesays.com\/es\/wp-json\/wp\/v2\/types\/post"}],"author":[{"embeddable":true,"href":"https:\/\/www.europesays.com\/es\/wp-json\/wp\/v2\/users\/2"}],"replies":[{"embeddable":true,"href":"https:\/\/www.europesays.com\/es\/wp-json\/wp\/v2\/comments?post=210011"}],"version-history":[{"count":0,"href":"https:\/\/www.europesays.com\/es\/wp-json\/wp\/v2\/posts\/210011\/revisions"}],"wp:featuredmedia":[{"embeddable":true,"href":"https:\/\/www.europesays.com\/es\/wp-json\/wp\/v2\/media\/210012"}],"wp:attachment":[{"href":"https:\/\/www.europesays.com\/es\/wp-json\/wp\/v2\/media?parent=210011"}],"wp:term":[{"taxonomy":"category","embeddable":true,"href":"https:\/\/www.europesays.com\/es\/wp-json\/wp\/v2\/categories?post=210011"},{"taxonomy":"post_tag","embeddable":true,"href":"https:\/\/www.europesays.com\/es\/wp-json\/wp\/v2\/tags?post=210011"}],"curies":[{"name":"wp","href":"https:\/\/api.w.org\/{rel}","templated":true}]}}