{"id":210023,"date":"2025-10-31T02:19:07","date_gmt":"2025-10-31T02:19:07","guid":{"rendered":"https:\/\/www.europesays.com\/es\/210023\/"},"modified":"2025-10-31T02:19:07","modified_gmt":"2025-10-31T02:19:07","slug":"pasajeros-hospitalizados-tras-aterrizaje-de-emergencia-de-un-avion-de-jetblue-en-la-florida","status":"publish","type":"post","link":"https:\/\/www.europesays.com\/es\/210023\/","title":{"rendered":"Pasajeros hospitalizados tras aterrizaje de emergencia de un avi\u00f3n de JetBlue en la Florida"},"content":{"rendered":"<p class=\"mb-4 text-lg md:leading-8 break-words\">Varios pasajeros resultaron heridos luego de que un Airbus de la aerol\u00ednea JetBlue, que se dirig\u00eda de M\u00e9xico a Nueva Jersey, se vio forzado a hacer un aterrizaje de emergencia en Tampa, Florida, seg\u00fan informan varios medios.<\/p>\n<p class=\"mb-4 text-lg md:leading-8 break-words\">El Airbus 320 sali\u00f3 del Aeropuerto Internacional de Canc\u00fan (M\u00e9xico) con destino al Aeropuerto Internacional Newark Liberty y empez\u00f3 a perder altura, por lo que tuvo que desviarse a Tampa, donde aterriz\u00f3 poco antes de las 2.30 de la tarde, hora local (6.30 GMT).<\/p>\n<p class=\"mb-4 text-lg md:leading-8 break-words\">JetBlue inform\u00f3 que la aeronave experiment\u00f3 una ca\u00edda de altitud y que el \u201cpersonal m\u00e9dico recibi\u00f3 a los pasajeros y a la tripulaci\u00f3n, y aquellos que necesitaban atenci\u00f3n adicional fueron trasladados a un hospital local\u201d, aunque no indic\u00f3 el n\u00famero de pasajeros afectados.<\/p>\n<p class=\"mb-4 text-lg md:leading-8 break-words\">La aerol\u00ednea a\u00f1adi\u00f3 adem\u00e1s que la nave fue retirada de servicio para su inspecci\u00f3n y que llevar\u00e1 a cabo una investigaci\u00f3n para determinar lo sucedido.<\/p>\n<p class=\"mb-4 text-lg md:leading-8 break-words\">De acuerdo con aviationnews.eu, informes preliminares apuntan a que el problema involucr\u00f3 a uno de los sistemas de control de vuelo del avi\u00f3n, componentes esenciales para gestionar la estabilidad y la direcci\u00f3n de la aeronave.<\/p>\n<p class=\"mb-4 text-lg md:leading-8 break-words\">El portal indica adem\u00e1s que el Airbus se desvi\u00f3 a Florida como medida de precauci\u00f3n por la seguridad de los pasajeros y que notific\u00f3, a los servicios de emergencia, que estaban en alerta al aterrizar.<\/p>\n<p class=\"mb-4 text-lg md:leading-8 break-words\"><a href=\"https:\/\/www.elnuevoherald.com\/noticias\/mundo\/article312678786.html\" rel=\"nofollow noopener\" target=\"_blank\" data-ylk=\"slk:Desv\u00edan un vuelo en EEUU despu\u00e9s de que un hombre apu\u00f1alara con un tenedor a dos menores;elm:context_link;itc:0;sec:content-canvas\" class=\"link \">Desv\u00edan un vuelo en EEUU despu\u00e9s de que un hombre apu\u00f1alara con un tenedor a dos menores<\/a><\/p>\n<p class=\"mb-4 text-lg md:leading-8 break-words\"><a href=\"https:\/\/www.elnuevoherald.com\/noticias\/mundo\/article312571165.html\" rel=\"nofollow noopener\" target=\"_blank\" data-ylk=\"slk:Investigan la p\u00e9rdida de control de un Boeing 747-481 de carga al aterrizar en Hong Kong;elm:context_link;itc:0;sec:content-canvas\" class=\"link \">Investigan la p\u00e9rdida de control de un Boeing 747-481 de carga al aterrizar en Hong Kong<\/a><\/p>\n<p class=\"mb-4 text-lg md:leading-8 break-words\"><a href=\"https:\/\/www.elnuevoherald.com\/noticias\/tiempo-noticias\/huracanes\/article312713606.html\" rel=\"nofollow noopener\" target=\"_blank\" data-ylk=\"slk:Cazahuracanes de EEUU trabajan sin pago durante hurac\u00e1n Melissa ante el cierre del gobierno;elm:context_link;itc:0;sec:content-canvas\" class=\"link \">Cazahuracanes de EEUU trabajan sin pago durante hurac\u00e1n Melissa ante el cierre del gobierno<\/a><\/p>\n","protected":false},"excerpt":{"rendered":"Varios pasajeros resultaron heridos luego de que un Airbus de la aerol\u00ednea JetBlue, que se dirig\u00eda de M\u00e9xico&hellip;\n","protected":false},"author":2,"featured_media":210024,"comment_status":"","ping_status":"","sticky":false,"template":"","format":"standard","meta":{"footnotes":""},"categories":[42],"tags":[56905,17,18,13,14,421,11,61,62,63,64,56904,19,20,1906,9,10,15,16,56907,56906,12,21,22,65,66,67],"class_list":{"0":"post-210023","1":"post","2":"type-post","3":"status-publish","4":"format-standard","5":"has-post-thumbnail","7":"category-internacional","8":"tag-airbus","9":"tag-breaking-news","10":"tag-breakingnews","11":"tag-featured-news","12":"tag-featurednews","13":"tag-florida","14":"tag-headlines","15":"tag-internacional","16":"tag-international","17":"tag-international-news","18":"tag-internationalnews","19":"tag-jetblue","20":"tag-latest-news","21":"tag-latestnews","22":"tag-mexico","23":"tag-news","24":"tag-noticias","25":"tag-noticias-destacadas","26":"tag-noticiasdestacadas","27":"tag-sistemas-de-control","28":"tag-tampa","29":"tag-titulares","30":"tag-ultimas-noticias","31":"tag-ultimasnoticias","32":"tag-world","33":"tag-world-news","34":"tag-worldnews"},"share_on_mastodon":{"url":"https:\/\/pubeurope.com\/@es\/115466388343883248","error":""},"_links":{"self":[{"href":"https:\/\/www.europesays.com\/es\/wp-json\/wp\/v2\/posts\/210023","targetHints":{"allow":["GET"]}}],"collection":[{"href":"https:\/\/www.europesays.com\/es\/wp-json\/wp\/v2\/posts"}],"about":[{"href":"https:\/\/www.europesays.com\/es\/wp-json\/wp\/v2\/types\/post"}],"author":[{"embeddable":true,"href":"https:\/\/www.europesays.com\/es\/wp-json\/wp\/v2\/users\/2"}],"replies":[{"embeddable":true,"href":"https:\/\/www.europesays.com\/es\/wp-json\/wp\/v2\/comments?post=210023"}],"version-history":[{"count":0,"href":"https:\/\/www.europesays.com\/es\/wp-json\/wp\/v2\/posts\/210023\/revisions"}],"wp:featuredmedia":[{"embeddable":true,"href":"https:\/\/www.europesays.com\/es\/wp-json\/wp\/v2\/media\/210024"}],"wp:attachment":[{"href":"https:\/\/www.europesays.com\/es\/wp-json\/wp\/v2\/media?parent=210023"}],"wp:term":[{"taxonomy":"category","embeddable":true,"href":"https:\/\/www.europesays.com\/es\/wp-json\/wp\/v2\/categories?post=210023"},{"taxonomy":"post_tag","embeddable":true,"href":"https:\/\/www.europesays.com\/es\/wp-json\/wp\/v2\/tags?post=210023"}],"curies":[{"name":"wp","href":"https:\/\/api.w.org\/{rel}","templated":true}]}}