{"id":210025,"date":"2025-10-31T02:20:09","date_gmt":"2025-10-31T02:20:09","guid":{"rendered":"https:\/\/www.europesays.com\/es\/210025\/"},"modified":"2025-10-31T02:20:09","modified_gmt":"2025-10-31T02:20:09","slug":"el-original-inedito-de-la-colmena-que-cela-envio-a-la-censura-en-1946-aparece-en-un-archivo-de-madrid","status":"publish","type":"post","link":"https:\/\/www.europesays.com\/es\/210025\/","title":{"rendered":"El original in\u00e9dito de &#8216;La colmena&#8217; que Cela envi\u00f3 a la censura en 1946 aparece en un archivo de Madrid"},"content":{"rendered":"<p class=\"article-text\">\n        Dentro de un sobre marr\u00f3n, ra\u00eddo con el paso de las d\u00e9cadas y completamente abierto por un lateral, con el membrete y el logo del Ministerio de Informaci\u00f3n y Turismo, hay 100 cuartillas mecanoscritas que constituyen el texto original completo de La colmena que <a href=\"https:\/\/www.eldiario.es\/cultura\/libros\/censor-censurado-camilo-jose-cela_1_4002270.html\" data-mrf-recirculation=\"links-noticia\" class=\"link\" rel=\"nofollow noopener\" target=\"_blank\">Camilo Jos\u00e9 Cela <\/a>envi\u00f3 a la censura el 7 de enero de 1946. La obra cumbre del <a href=\"https:\/\/www.eldiario.es\/cultura\/libros\/laszlo-krasznahorkai-gana-premio-nobel-literatura-2025_1_12669502.html\" data-mrf-recirculation=\"links-noticia\" class=\"link\" rel=\"nofollow noopener\" target=\"_blank\">Nobel<\/a>, tal y como la redact\u00f3 en 1945 para ser publicada, contin\u00faa 80 a\u00f1os despu\u00e9s en el Archivo General de la Administraci\u00f3n en Alcal\u00e1 de Henares dependiente del Ministerio de Cultura.\n    <\/p>\n<p>    <a href=\"https:\/\/www.eldiario.es\/cultura\/invisible-censura-franquista-sigue-libros_1_1585501.html\" data-mrf-recirculation=\"saber-mas\" data-dl-event=\"saber-mas\" rel=\"nofollow noopener\" target=\"_blank\"><\/p>\n<p class=\"know-more__title\">La invisible censura franquista que sigue viva en los libros que lees<\/p>\n<p>            <img decoding=\"async\" class=\"lazy\" loading=\"lazy\" data-src=\"https:\/\/static.eldiario.es\/clip\/ca89fb68-4ce8-4d2a-b5b8-4d0cbda8ca1a_16-9-aspect-ratio_default_0.jpg\" src=\"data:image\/svg+xml,%3Csvg xmlns=\" http:=\"\" viewbox=\"0 0 880 495\" alt=\"La invisible censura franquista que sigue viva en los libros que lees\"\/><\/p>\n<p>                        <\/a><\/p>\n<p class=\"article-text\">\n        El sobre con la inscripci\u00f3n a mano, 61 bis 47, est\u00e1 dentro de la caja 21\/07931 en el apartado A-350, el que corresponde <a href=\"https:\/\/www.eldiario.es\/cultura\/invisible-censura-franquista-sigue-libros_1_1585501.html\" data-mrf-recirculation=\"links-noticia\" class=\"link\" rel=\"nofollow noopener\" target=\"_blank\">a la censura,<\/a> y contiene otros dos documentos muy valiosos: las anotaciones de Cela para el pr\u00f3logo de La colmena y un listado de recomendaciones de autores sobre sus obras. Elogios de D\u00e1maso Alonso, P\u00edo Baroja, Leopoldo Panero o Torrente Ballester a la prosa de Cela para tratar de ablandar a la censura.\n    <\/p>\n<p class=\"article-text\">\n        No funcion\u00f3: solo once d\u00edas despu\u00e9s de presentar la solicitud \u2014esos papeles tambi\u00e9n constan en el expediente\u2014, el 18 de enero de 1946, el r\u00e9gimen prohibi\u00f3 la publicaci\u00f3n de La colmena por contravenir \u201cel dogma y la moral\u201d. El informe, que se incluye en la misma carpeta del archivo de Alcal\u00e1, concluy\u00f3 que la novela sacaba \u201ca relucir los defectos y vicios actuales, especialmente los de tipo sexual\u201d. El diagn\u00f3stico del censor estipul\u00f3 adem\u00e1s que la obra \u201cno tiene m\u00e9rito literario alguno\u201d y es \u201cfrancamente inmoral y a veces pornogr\u00e1fica y en ocasiones irreverente\u201d.\n    <\/p>\n<p class=\"article-text\">\n        Fue precisamente la persistencia de la censura, que prohibi\u00f3 la publicaci\u00f3n de La colmena en Espa\u00f1a al menos cuatro veces entre 1946 y 1957, la que ha logrado que este material in\u00e9dito no haya visto la luz en casi ocho d\u00e9cadas. Aquella sucesi\u00f3n de prohibiciones propici\u00f3 que el texto original fuese pasando por diferentes expedientes, hasta acabar en uno que no le corresponde. En lugar de figurar en el del a\u00f1o 1946, cuando Cela solicit\u00f3 el primer permiso, las cuartillas permanecen en un archivo fechado en enero de 1953 que coincide con otra petici\u00f3n de Cela para que el r\u00e9gimen franquista reconsiderase su decisi\u00f3n de prohibir la importaci\u00f3n de La colmena desde Buenos Aires, donde ya se hab\u00eda publicado una versi\u00f3n ampliada en 1951.\n    <\/p>\n<p class=\"article-text\">\n        El r\u00e9gimen volvi\u00f3 a prohibir la importaci\u00f3n, ci\u00f1\u00e9ndose a los reparos que ya hab\u00eda hecho al texto de 1946: \u201cVisto que persisten las causas que mantuvieron nuestra resoluci\u00f3n, esta Direcci\u00f3n General de Informaci\u00f3n ha resuelto mantener nuestro anterior criterio. Dios guarde a vd. muchos a\u00f1os. Madrid, 28 de enero de 1953\u201d.\n    <\/p>\n<p>            <img decoding=\"async\" class=\"lazy\" loading=\"lazy\" data-src=\"https:\/\/static.eldiario.es\/clip\/ae850923-0348-4242-b9b4-a263b682c59c_16-9-discover-aspect-ratio_default_0.jpg\" src=\"data:image\/svg+xml,%3Csvg xmlns=\" http:=\"\" viewbox=\"0 0 1200 675\" alt=\"Sobre donde se guard\u00f3 el original de 'La colmena', en el Archivo General de la Administraci\u00f3n de Alcal\u00e1 de Henares.\"\/><\/p>\n<p class=\"article-text\">\n        Es en ese segundo expediente donde ha estado guardado \u00edntegro el mecanoscrito original de hace 80 a\u00f1os sin que nadie lo encontrara. Hasta el pasado 29 de septiembre, cuando un investigador que no lo estaba buscando abri\u00f3 un sobre y se top\u00f3 con el texto in\u00e9dito de La colmena entre una mara\u00f1a de documentaci\u00f3n de la censura franquista. <a href=\"https:\/\/www.eldiario.es\/cultura\/caminos-inciertos-archivo-alcala_129_12729816.html\" data-mrf-recirculation=\"links-noticia\" class=\"link\" rel=\"nofollow noopener\" target=\"_blank\">\u00c1lex Alonso<\/a>, profesor de Literatura Contempor\u00e1nea en el Brooklyn College de la City University of New York, estaba haciendo catas en el archivo para obtener muestras de la censura entre 1950 y 1954 y compararlas con la que se aplic\u00f3 al autor Ignacio Aldecoa, cuya obra sigue estudiando.\n    <\/p>\n<p class=\"article-text\">\n        La hip\u00f3tesis de Alonso parte de que la censura no fue un rodillo monol\u00edtico, sino que depend\u00eda mucho de en qu\u00e9 manos iba cayendo cada libro: no ten\u00edan el mismo list\u00f3n ni las mismas sensibilidades ni siquiera los mismos intereses los censores falangistas que los reaccionarios cat\u00f3licos o aquellos que eran meros funcionarios del r\u00e9gimen.\n    <\/p>\n<p class=\"article-text\">\n        En la sala de investigadores del archivo de Alcal\u00e1, el \u00faltimo lunes del pasado septiembre, Alonso despleg\u00f3 las cuartillas sobre la mesa, fotografi\u00f3 una a una las cien p\u00e1ginas \u2014algo que ahora puede hacerse gracias al cambio de regulaci\u00f3n del Ministerio de Cultura que abri\u00f3 la mano con los archivos\u2014 y ya desde su casa cotej\u00f3 el material recopilado en su tel\u00e9fono m\u00f3vil con las diferentes ediciones publicadas de La colmena y la bibliograf\u00eda sobre el autor.\n    <\/p>\n<p class=\"article-text\">\n        Cela hab\u00eda contado varias veces que remiti\u00f3 la obra a la censura en enero de 1946 y que recibi\u00f3 una contundente y r\u00e1pida negativa. Las fechas casan con el expediente, donde figura la solicitud del 7 de enero y la respuesta con la prohibici\u00f3n 11 d\u00edas m\u00e1s tarde.\n    <\/p>\n<p>    Seis cap\u00edtulos y ep\u00edlogo, como el texto definitivo<\/p>\n<p class=\"article-text\">\n        La primera hoja del mecanoscrito lleva adem\u00e1s el t\u00edtulo de lo que Cela imagin\u00f3 como una trilog\u00eda que no lleg\u00f3 a completarse: \u201cCaminos inciertos. Libro primero. La colmena. Dedicado, A mi hermano Juan Carlos, guardamarina de la armada espa\u00f1ola\u201d. La estructura de las hojas es id\u00e9ntica a la del texto definitivo: seis cap\u00edtulos, de extensi\u00f3n similar, rematados por un ep\u00edlogo, y que relatan la vida de la posguerra en aquel Madrid de pensiones y caf\u00e9s a trav\u00e9s de una mir\u00edada de personajes que tratan de subsistir entre tanta miseria.\n    <\/p>\n<p class=\"article-text\">\n        La documentaci\u00f3n que lo acompa\u00f1a en el expediente tambi\u00e9n apunta a que se trata de la versi\u00f3n in\u00e9dita del primer texto de La colmena que intent\u00f3 publicar Cela, uno de los autores m\u00e1s estudiados de la literatura contempor\u00e1nea espa\u00f1ola, ganador del Premio Nobel en 1989.\n    <\/p>\n<p class=\"article-text\">\n        En una visita realizada al archivo este mismo lunes, elDiario.es ha comprobado la existencia de esa caja de cart\u00f3n blanco, y dentro del sobre que amarille\u00f3 el paso del tiempo, las 100 cuartillas junto a las notas del propio autor para el pr\u00f3logo, las recomendaciones de escritores coet\u00e1neos de gran prestigio y la solicitud a la censura: se ped\u00eda permiso para publicar 5000 ejemplares en la editorial Zodiaco.\n    <\/p>\n<p class=\"article-text\">\n        Indicios todos que apuntan a que el documento que ahora ve la luz es la obra original tal y como Cela la concibi\u00f3 y la remiti\u00f3 a la censura, seg\u00fan figura en el expediente administrativo que custodia el archivo de Alcal\u00e1. As\u00ed lo afirma el investigador que protagoniz\u00f3 el hallazgo, \u00c1lex Alonso, quien no tiene dudas: \u201cEs el original de La colmena que se acab\u00f3 en 1945 y se present\u00f3 a la censura en enero del 46. Un\u00a0mecanoscrito de 100 p\u00e1ginas que se conoc\u00eda parcialmente porque algunas de ellas fueron entregadas a la Biblioteca Nacional por la hija de N\u00f6el Salomon [un hispanista franc\u00e9s estudioso de la obra de Cela al que el autor le regal\u00f3 algunas hojas originales] y que va acompa\u00f1ado de unos textos preliminares que Cela entiendo que quiso escribir a manera de pr\u00f3logo, como hizo en otras muchas obras, como en La familia de Pascual Duarte. Son tambi\u00e9n notas desconocidas y que en el expediente que env\u00eda a la censura acompa\u00f1a con una serie de juicios de cr\u00edticos que avalar\u00edan la calidad de su trabajo para, de alg\u00fan modo, abrir la puerta de la censura. \u00c9l\u00a0hace una selecci\u00f3n de citas sobre sus trabajos anteriores: en los a\u00f1os 50 Cela es un novelista muy conocido, sobre todo por el impacto de La Familia de Pascual Duarte, que fue una obra que capta esa especie de violencia brutal que se vivi\u00f3 en Espa\u00f1a y que se respiraba a\u00fan en el a\u00f1o 41, 42, 43\u201d.\u00a0\n    <\/p>\n<p class=\"article-text\">\n        Sobre c\u00f3mo evolucion\u00f3 la novela hasta desembocar en la versi\u00f3n definitiva de 206 p\u00e1ginas, tal y como se acab\u00f3 publicando, recuerda el propio Alonso, se han trazado multitud de investigaciones. Las \u00faltimas, de 2014, cuando vieron la luz esa treintena de cuartillas, tambi\u00e9n procedentes de documentos originales de Cela que el autor hab\u00eda legado a su amigo el hispanista franc\u00e9s, N\u00f6el Salomon. Fue una hija de Salomon quien las entreg\u00f3 a la Biblioteca Nacional y, con ese material, la Real Academia de la Lengua impuls\u00f3 una edici\u00f3n especial de La colmena en 2016. El hallazgo fue saludado como un gran acontecimiento en los c\u00edrculos literarios y acad\u00e9micos. El descubierto ahora es el texto completo, sin saltos ni interrupciones, que Cela escribi\u00f3 en el 45.\n    <\/p>\n<p>    \u201cAtaca a la moral y al dogma\u201d<\/p>\n<p class=\"article-text\">\n        A lo largo de las 98 cuartillas que permanecen en el archivo de Alcal\u00e1, (faltan la 64 y la 65, pero en el encabezado del folio 63 se aclara que engloba las tres p\u00e1ginas, y as\u00ed se llegar\u00eda a las 100) lucen enormes tachones del l\u00e1piz rojo de la censura que van a m\u00e1s a partir del primer tercio de la novela en todo aquello que pod\u00eda ofender a la moral cat\u00f3lica y a lo que la dictadura consideraba buenas costumbres. Las frecuentes alusiones en la trama a cuestiones sexuales y aquellas, m\u00e1s espor\u00e1dicas, que pudieran interpretarse como cr\u00edticas a la iglesia fueron desechadas por el censor hasta llegar a su conclusi\u00f3n: prohibida.\n    <\/p>\n<p class=\"article-text\">\n        En la clasificaci\u00f3n del libro, el censor apunt\u00f3 que en esas 100 cuartillas de Cela no atacaba al r\u00e9gimen, pero s\u00ed \u201cal dogma o a la moral\u201d y que \u201csu valor literario o documental\u201d era \u201cescaso\u201d.\n    <\/p>\n<p class=\"article-text\">\n        Y en las \u201crazones circunstanciales que aconsejan una u otra decisi\u00f3n\u201d, el censor acaba escribiendo: \u201cBreves cuadros de la vida madrile\u00f1a actual hechos a base de conversaciones entre los distintos personajes, a quienes une una breve ligaz\u00f3n, pero sin que exista en mal llamada novela un argumento serio. Se sacan a relucir los defectos y vicios actuales, especialmente los de tipo sexual. El estilo, muy realista, a base de conversaciones chabacanas y salpicado de frases groseras no tiene m\u00e9rito literario alguno. La obra es francamente inmoral y a veces resulta pornogr\u00e1fica y en ocasiones irreverente. Ve\u00e1nse las p\u00e1ginas 31, 38, 39, 50, 51, 53, 54, 63, 66, 67, 69, 76, 77, 83 a 98, etc, etc\u201d.\n    <\/p>\n<p class=\"article-text\">\n        Son las mismas p\u00e1ginas que contienen tachones rojos en el primer texto que Cela quiso publicar de La colmena y que 80 a\u00f1os despu\u00e9s de ser escrito ha visto la luz, por una suma de casualidades, en el archivo de Alcal\u00e1.\n    <\/p>\n<p>    <a href=\"https:\/\/www.eldiario.es\/cultura\/caminos-inciertos-archivo-alcala_129_12729816.html\" data-mrf-recirculation=\"saber-mas-abajo\" data-dl-event=\"saber-mas-abajo\" rel=\"nofollow noopener\" target=\"_blank\"><\/p>\n<p class=\"know-more__title\">&#8216;Caminos inciertos en el Archivo de Alcal\u00e1&#8217;, por \u00c1lex Alonso Nogueira<\/p>\n<p>            <img decoding=\"async\" class=\"lazy\" loading=\"lazy\" data-src=\"https:\/\/static.eldiario.es\/clip\/b359e963-f569-4b9c-8fa7-9ac298a7a0dd_16-9-aspect-ratio_default_0.jpg\" src=\"data:image\/svg+xml,%3Csvg xmlns=\" http:=\"\" viewbox=\"0 0 880 495\" alt=\"Caminos inciertos en el Archivo de Alcal\u00e1\"\/><\/p>\n<p>                        <\/a><\/p>\n<p>            <img decoding=\"async\" class=\"lazy\" loading=\"lazy\" data-src=\"https:\/\/static.eldiario.es\/clip\/b359e963-f569-4b9c-8fa7-9ac298a7a0dd_16-9-discover-aspect-ratio_default_0.jpg\" src=\"data:image\/svg+xml,%3Csvg xmlns=\" http:=\"\" viewbox=\"0 0 1200 675\" alt=\"El mecanoscrito in\u00e9dito de 'La colmena', doblado como se guard\u00f3 en el sobre, bajo la cartulina que identifica el expediente, en el archivo de Alcal\u00e1.\"\/><\/p>\n<p class=\"article-text\">\n        [Los documentos que se reproducen en las im\u00e1genes son propiedad del Ministerio de Cultura y figuran en el Archivo General de la Administraci\u00f3n de Alcal\u00e1 de Henares, caja 21\/07931].\n    <\/p>\n","protected":false},"excerpt":{"rendered":"Dentro de un sobre marr\u00f3n, ra\u00eddo con el paso de las d\u00e9cadas y completamente abierto por un lateral,&hellip;\n","protected":false},"author":2,"featured_media":210026,"comment_status":"","ping_status":"","sticky":false,"template":"","format":"standard","meta":{"footnotes":""},"categories":[8],"tags":[56909,12335,21083,17,18,56908,3374,1874,22889,25,24,13,14,11,26994,19,20,205,9,10,15,16,9361,23,12,21,22],"class_list":{"0":"post-210025","1":"post","2":"type-post","3":"status-publish","4":"format-standard","5":"has-post-thumbnail","7":"category-espana","8":"tag-56909","9":"tag-aparece","10":"tag-archivo","11":"tag-breaking-news","12":"tag-breakingnews","13":"tag-cela","14":"tag-censura","15":"tag-colmena","16":"tag-envio","17":"tag-es","18":"tag-espana","19":"tag-featured-news","20":"tag-featurednews","21":"tag-headlines","22":"tag-inedito","23":"tag-latest-news","24":"tag-latestnews","25":"tag-madrid","26":"tag-news","27":"tag-noticias","28":"tag-noticias-destacadas","29":"tag-noticiasdestacadas","30":"tag-original","31":"tag-spain","32":"tag-titulares","33":"tag-ultimas-noticias","34":"tag-ultimasnoticias"},"share_on_mastodon":{"url":"","error":""},"_links":{"self":[{"href":"https:\/\/www.europesays.com\/es\/wp-json\/wp\/v2\/posts\/210025","targetHints":{"allow":["GET"]}}],"collection":[{"href":"https:\/\/www.europesays.com\/es\/wp-json\/wp\/v2\/posts"}],"about":[{"href":"https:\/\/www.europesays.com\/es\/wp-json\/wp\/v2\/types\/post"}],"author":[{"embeddable":true,"href":"https:\/\/www.europesays.com\/es\/wp-json\/wp\/v2\/users\/2"}],"replies":[{"embeddable":true,"href":"https:\/\/www.europesays.com\/es\/wp-json\/wp\/v2\/comments?post=210025"}],"version-history":[{"count":0,"href":"https:\/\/www.europesays.com\/es\/wp-json\/wp\/v2\/posts\/210025\/revisions"}],"wp:featuredmedia":[{"embeddable":true,"href":"https:\/\/www.europesays.com\/es\/wp-json\/wp\/v2\/media\/210026"}],"wp:attachment":[{"href":"https:\/\/www.europesays.com\/es\/wp-json\/wp\/v2\/media?parent=210025"}],"wp:term":[{"taxonomy":"category","embeddable":true,"href":"https:\/\/www.europesays.com\/es\/wp-json\/wp\/v2\/categories?post=210025"},{"taxonomy":"post_tag","embeddable":true,"href":"https:\/\/www.europesays.com\/es\/wp-json\/wp\/v2\/tags?post=210025"}],"curies":[{"name":"wp","href":"https:\/\/api.w.org\/{rel}","templated":true}]}}