{"id":210038,"date":"2025-10-31T02:31:08","date_gmt":"2025-10-31T02:31:08","guid":{"rendered":"https:\/\/www.europesays.com\/es\/210038\/"},"modified":"2025-10-31T02:31:08","modified_gmt":"2025-10-31T02:31:08","slug":"si-en-el-canto-del-loco-hubiera-entrado-la-droga-no-estariamos-en-el-estado-de-salud-en-el-que-estoy-yo","status":"publish","type":"post","link":"https:\/\/www.europesays.com\/es\/210038\/","title":{"rendered":"\u00abSi en El Canto del Loco hubiera entrado la droga no estar\u00edamos en el estado de salud en el que estoy yo\u00bb"},"content":{"rendered":"<p style=\"\"><strong>Dani Mart\u00edn<\/strong> se encuentra de celebraci\u00f3n con motivo de los <strong>25 a\u00f1os de carrera<\/strong>. De ah\u00ed su nueva gira &#8217;25 P*t*s A\u00f1os&#8217; o su aparici\u00f3n este jueves en El Hormiguero, junto a Pablo Motos, donde presentar\u00e1 en primicia su nuevo &#8216;single&#8217;. <\/p>\n<p class=\"voc-p\" style=\"\">El exvocalista y l\u00edder de <strong>El Canto del Loco<\/strong>, banda que anunci\u00f3 su <strong>disoluci\u00f3n en 2010<\/strong>, iniciar\u00e1 su gira a finales de este a\u00f1o con hasta diez conciertos en Madrid. Concretamente, los d\u00edas 14, 15, 21, 22, 28 y 29 de noviembre y el 12, 13, 19 y 20 de diciembre.<\/p>\n<p class=\"voc-p\" style=\"\">Ser\u00e1 en 2026 cuando retome la actividad durante el mes de abril con una actuaci\u00f3n en Navarra que marcar\u00e1 el comienzo de un amplio recorrido por la geograf\u00eda espa\u00f1ola, incluido Toledo, <a href=\"https:\/\/www.abc.es\/espana\/castilla-la-mancha\/toledo\/dani-martin-actuara-toledo-junio-2026-entradas-20251029163721-nt.html\" data-voc-vtm-id=\"in-text-traffic\" title=\"la \u00faltima ciudad en sumarse a una larga lista\" data-mrf-link=\"www.abc.es\" rel=\"nofollow noopener\" target=\"_blank\">la \u00faltima ciudad en sumarse a una larga lista<\/a>.<\/p>\n<p class=\"voc-p\" style=\"\">El Canto del Loco se convirti\u00f3 en uno de los referentes de la m\u00fasica en nuestro pa\u00eds y consigui\u00f3 vender <a href=\"https:\/\/www.abc.es\/gente\/amarga-historia-separacion-canto-loco-quince-anos-20250418043044-nt.html\" title=\"www.abc.es\" data-voc-vtm-id=\"in-text-traffic\" data-mrf-link=\"www.abc.es\" rel=\"nofollow noopener\" target=\"_blank\">m\u00e1s de un mill\u00f3n de copias de sus discos. Junto a Dani Mart\u00edn, <strong>su primo, David Otero<\/strong>, que tambi\u00e9n emprendi\u00f3 su carrera en solitario con el final de la banda.<\/p>\n<p class=\"voc-title\">\u00abTonte\u00e9 con las drogas en mi adolescencia\u00bb<\/p>\n<p class=\"voc-p\" style=\"\">Dani Mart\u00edn a\u00fan sigue interpretando muchos de los grandes \u00e9xitos de El Canto del Loco en sus conciertos como solista. Una carrera duradera, aunque no tanto todav\u00eda como la de <strong>Jos\u00e9 Ram\u00f3n de la Morena<\/strong> en el mundo de la comunicaci\u00f3n. El periodista, ligado a la radio deportiva nocturna durante tantos y tantos a\u00f1os, ahora <strong>contin\u00faa entrevistando a diferentes personalidades<\/strong> en el podcast de la Fundaci\u00f3n Jos\u00e9 Ram\u00f3n de la Morena.<\/p>\n<p class=\"voc-p\" style=\"\">Dani Mart\u00edn ha sido su \u00faltimo invitado. Un recorrido de m\u00e1s de una hora por la carrera profesional del cantante madrile\u00f1o en la que ha contado, entre otras muchas cuestiones, que las drogas nunca han formado parte del d\u00eda a d\u00eda de la banda.<\/p>\n<p class=\"voc-p\" style=\"\">\u00ab<strong>Si en El canto del Loco hubiera entrado la droga, no estar\u00edamos en el estado de salud en el que estoy yo<\/strong>, en el que est\u00e1 mi primo, en el que est\u00e1 Chema, en el que est\u00e1 Iv\u00e1n, o sea, en ning\u00fan momento habr\u00edamos llegado hasta aqu\u00ed como les ha pasado a otras bandas que s\u00ed que han tonteado con las drogas\u00bb, afirm\u00f3 Dani Mart\u00edn.<\/p>\n<p class=\"voc-p\" style=\"\">En cambio, \u00abyo tonte\u00e9 con las drogas en mi adolescencia, antes de empezar con El Canto del Loco. <strong>Lo hac\u00eda por llamar la atenci\u00f3n de mis padres<\/strong>\u00bb, revel\u00f3. \u00abMis padres trabajaban y llegaban a las tantas y yo era un ni\u00f1o que <strong>necesitaba m\u00e1s l\u00edmites que mi hermana<\/strong>. Ahora, vi\u00e9ndolo con perspectiva, creo que fue la manera de llamar la atenci\u00f3n de mis padres\u00bb.<\/p>\n<p class=\"voc-p\" style=\"\">\u00abYo tal vez era un chaval m\u00e1s vulnerable, un chaval m\u00e1s sensible, y fue mi manera de llamar la atenci\u00f3n a mis padres. Pero <strong>el miedo a todo<\/strong> que he tenido siempre en la vida <strong>fue el que me salv\u00f3 de no quedarme anclado en esas cosas<\/strong>\u00bb. Porque, a ra\u00edz de El Canto del Loco, aparc\u00f3 todo eso. \u00abSab\u00eda que mi trabajo era ese y que si quer\u00eda cantar me ten\u00eda que ir a dormir. Si quer\u00eda estar perfecto, me ten\u00eda que ir a dormir. El que tocaba la bater\u00eda se pod\u00eda ir de fiesta, pero yo no. <strong>Ten\u00eda que estar dando la cara y creo que no he fallado nunca a ning\u00fan concierto<\/strong>, a ning\u00fan promotor\u00bb.<\/p>\n","protected":false},"excerpt":{"rendered":"Dani Mart\u00edn se encuentra de celebraci\u00f3n con motivo de los 25 a\u00f1os de carrera. De ah\u00ed su nueva&hellip;\n","protected":false},"author":2,"featured_media":210039,"comment_status":"","ping_status":"","sticky":false,"template":"","format":"standard","meta":{"footnotes":""},"categories":[174],"tags":[4328,26544,255,1996,13979,146,56914,147,25,24,693,256,22451,1730,166,23],"class_list":{"0":"post-210038","1":"post","2":"type-post","3":"status-publish","4":"format-standard","5":"has-post-thumbnail","7":"category-famosos","8":"tag-cantante","9":"tag-canto","10":"tag-celebrities","11":"tag-dani","12":"tag-droga","13":"tag-entertainment","14":"tag-entrado","15":"tag-entretenimiento","16":"tag-es","17":"tag-espana","18":"tag-estado","19":"tag-famosos","20":"tag-loco","21":"tag-martin","22":"tag-salud","23":"tag-spain"},"share_on_mastodon":{"url":"https:\/\/pubeurope.com\/@es\/115466435465470611","error":""},"_links":{"self":[{"href":"https:\/\/www.europesays.com\/es\/wp-json\/wp\/v2\/posts\/210038","targetHints":{"allow":["GET"]}}],"collection":[{"href":"https:\/\/www.europesays.com\/es\/wp-json\/wp\/v2\/posts"}],"about":[{"href":"https:\/\/www.europesays.com\/es\/wp-json\/wp\/v2\/types\/post"}],"author":[{"embeddable":true,"href":"https:\/\/www.europesays.com\/es\/wp-json\/wp\/v2\/users\/2"}],"replies":[{"embeddable":true,"href":"https:\/\/www.europesays.com\/es\/wp-json\/wp\/v2\/comments?post=210038"}],"version-history":[{"count":0,"href":"https:\/\/www.europesays.com\/es\/wp-json\/wp\/v2\/posts\/210038\/revisions"}],"wp:featuredmedia":[{"embeddable":true,"href":"https:\/\/www.europesays.com\/es\/wp-json\/wp\/v2\/media\/210039"}],"wp:attachment":[{"href":"https:\/\/www.europesays.com\/es\/wp-json\/wp\/v2\/media?parent=210038"}],"wp:term":[{"taxonomy":"category","embeddable":true,"href":"https:\/\/www.europesays.com\/es\/wp-json\/wp\/v2\/categories?post=210038"},{"taxonomy":"post_tag","embeddable":true,"href":"https:\/\/www.europesays.com\/es\/wp-json\/wp\/v2\/tags?post=210038"}],"curies":[{"name":"wp","href":"https:\/\/api.w.org\/{rel}","templated":true}]}}