{"id":210044,"date":"2025-10-31T02:36:11","date_gmt":"2025-10-31T02:36:11","guid":{"rendered":"https:\/\/www.europesays.com\/es\/210044\/"},"modified":"2025-10-31T02:36:11","modified_gmt":"2025-10-31T02:36:11","slug":"se-estrena-en-buenos-aires-el-documental-la-ola-celeste-que-revive-el-triunfo-provida-en-2018","status":"publish","type":"post","link":"https:\/\/www.europesays.com\/es\/210044\/","title":{"rendered":"Se estrena en Buenos Aires el documental \u201cLa Ola Celeste\u201d, que revive el triunfo provida en 2018"},"content":{"rendered":"<p>                              <a href=\"https:\/\/www.aciprensa.com\/autor\/56\/julieta-villar\" rel=\"nofollow noopener\" target=\"_blank\"><br \/>\n                  <img loading=\"lazy\" decoding=\"async\" alt=\"Julieta Villar\" class=\"author-image m-0 mr-4\" height=\"48\" src=\"https:\/\/www.europesays.com\/es\/wp-content\/uploads\/2025\/10\/julieta-villar.jpg\" width=\"48\"\/><br \/>\n                <\/a><\/p>\n<p> Por<br \/>\n                                  <a href=\"https:\/\/www.aciprensa.com\/autor\/56\/julieta-villar\" rel=\"nofollow noopener\" target=\"_blank\">Julieta Villar<\/a>\n                                <\/p>\n<p class=\"post-info date-author\">\n                                  30 de octubre de 2025<br \/>12:34 p. m.\n                              <\/p>\n<p class=\"post-info date-author-mobile\">\n                  Oct. 30, 2025<br \/>12:34 p. m.\n                <\/p>\n<p>El documental \u201cLa Ola Celeste. El despertar de un gigante\u201d, que registra la formaci\u00f3n del movimiento provida que en 2018 fren\u00f3 la ley de aborto en Argentina, tendr\u00e1 su avant premiere el pr\u00f3ximo mi\u00e9rcoles 5 de noviembre.<\/p>\n<p>La cita es a las 19:00 horas en la Fundaci\u00f3n Beethoven (Av. Santa Fe 1452) de la Ciudad de Buenos Aires, donde adem\u00e1s de la proyecci\u00f3n del documental se ofrecer\u00e1 un c\u00f3ctel.<\/p>\n<p>\tRecibe las principales noticias de ACI Prensa por WhatsApp y Telegram<\/p>\n<p class=\"box-desc\">Cada vez es m\u00e1s dif\u00edcil ver noticias cat\u00f3licas en las redes sociales. Suscr\u00edbete a nuestros canales gratuitos hoy:<\/p>\n<p>La producci\u00f3n de aproximadamente 90 minutos relata los momentos m\u00e1s relevantes del debate pol\u00edtico y social sobre el aborto en Argentina, las manifestaciones p\u00fablicas y las votaciones en el Congreso.\u00a0<\/p>\n<p>Adem\u00e1s, re\u00fane los testimonios de l\u00edderes provida y referentes del movimiento, tanto del \u00e1mbito pol\u00edtico como civil, como Lupe Batall\u00e1n, Agust\u00edn Laje y Gabriel Ballerini. Tambi\u00e9n aparecen figuras internacionales como Eduardo Ver\u00e1stegui, Patricia Sandoval, Jorge Serrano y Montse Alvarado.<\/p>\n<p>El filme repasa las distintas marchas, eventos y entrevistas realizadas en 2018 y a\u00f1os posteriores, tanto en Argentina como en Estados Unidos, e incluso algunas incorporadas en 2025.<\/p>\n<p>El documental, precisan desde Faro Films, tiene dos grandes prop\u00f3sitos: \u201cEl primero es dejar un legado hist\u00f3rico visual de lo que fue una gesta heroica de la sociedad civil, que espont\u00e1neamente se moviliz\u00f3 en defensa de los ni\u00f1os por nacer y triunf\u00f3 contra todo pron\u00f3stico, venciendo a una inmensa maquinaria pro aborto financiada con millones de d\u00f3lares desde el exterior\u201d.<\/p>\n<p>Por otro lado, \u201cvolver a unir y movilizar al movimiento provida, que se fortaleci\u00f3 en 2018, para seguir adelante con una lucha que persiste hasta hoy, luego de la aprobaci\u00f3n de la Ley de Aborto en 2020 bajo el gobierno de Alberto Fern\u00e1ndez\u201d, indican.<\/p>\n<p>Desde que entr\u00f3 en vigencia la ley 27.610, denominada \u201cde interrupci\u00f3n legal del embarazo\u201d, en 2021 hasta 2024 se reportaron \u2014seg\u00fan datos oficiales del Estado Nacional\u2014 un total de 314.492 abortos. Es decir, un promedio de 78.623 al a\u00f1o.<\/p>\n<p>Quienes deseen participar de la avant premiere de La Ola Celeste pueden adquirir sus entradas en <a href=\"https:\/\/farofilms.org\/la-ola-celeste\" rel=\"noopener noreferrer nofollow\" target=\"_blank\">https:\/\/farofilms.org\/la-ola-celeste<\/a>.\u00a0<\/p>\n<p>M\u00e1s informaci\u00f3n en el sitio web <a href=\"http:\/\/farofilms.org\" rel=\"noopener noreferrer nofollow\" target=\"_blank\">farofilms.org<\/a>, en <a href=\"https:\/\/instagram.com\/faro.films\" rel=\"noopener noreferrer nofollow\" target=\"_blank\">Instagram<\/a>, <a href=\"http:\/\/www.youtube.com\/FaroFilms\" rel=\"noopener noreferrer nofollow\" target=\"_blank\">YouTube<\/a>, <a href=\"http:\/\/facebook.com\/farofilmsok\" rel=\"noopener noreferrer nofollow\" target=\"_blank\">Facebook<\/a> y <a href=\"http:\/\/x.com\/farofilmsok\" rel=\"noopener noreferrer nofollow\">X<\/a>, o por correo electr\u00f3nico a <a href=\"https:\/\/www.aciprensa.com\/noticias\/118661\/mailto:info@farofilms.org\" rel=\"noopener noreferrer nofollow\" target=\"_blank\">info@farofilms.org<\/a>. Quienes deseen realizar su aporte pueden hacerlo en <a href=\"http:\/\/farofilms.org\/sumate\" rel=\"noopener noreferrer nofollow\" target=\"_blank\">farofilms.org\/sumate<\/a>.<\/p>\n<p>                    <a href=\"https:\/\/www.aciprensa.com\/autor\/56\/julieta-villar\" rel=\"nofollow noopener\" target=\"_blank\"><br \/>\n                      <img decoding=\"async\" alt=\"Julieta Villar\" src=\"https:\/\/www.europesays.com\/es\/wp-content\/uploads\/2025\/10\/1761878171_786_julieta-villar.jpg\"\/><br \/>\n                    <\/a><\/p>\n<p>\n                    <b>Julieta Villar<\/b> <br \/>Soy periodista, licenciada en comunicaci\u00f3n por la Universidad Nacional de La Matanza en Argentina. Tengo experiencia laboral en organizaciones no gubernamentales. Desde 2016 me dedico al periodismo cat\u00f3lico, primero en la Agencia Informativa Cat\u00f3lica Argentina (AICA) y, desde 2022, como corresponsal de ACI Prensa para Argentina, Chile, Uruguay y Bolivia.\n                  <\/p>\n<p>                  <script async src=\"\/\/www.instagram.com\/embed.js\"><\/script><\/p>\n","protected":false},"excerpt":{"rendered":"Por Julieta Villar 30 de octubre de 202512:34 p. m. Oct. 30, 202512:34 p. m. El documental \u201cLa&hellip;\n","protected":false},"author":2,"featured_media":210045,"comment_status":"","ping_status":"","sticky":false,"template":"","format":"standard","meta":{"footnotes":""},"categories":[169],"tags":[889,177,146,147,25,24,176,56916,175,56915,23],"class_list":{"0":"post-210044","1":"post","2":"type-post","3":"status-publish","4":"format-standard","5":"has-post-thumbnail","7":"category-cine","8":"tag-america","9":"tag-cine","10":"tag-entertainment","11":"tag-entretenimiento","12":"tag-es","13":"tag-espana","14":"tag-film","15":"tag-iglesia-catolica-en-argentina","16":"tag-movies","17":"tag-provida","18":"tag-spain"},"share_on_mastodon":{"url":"https:\/\/pubeurope.com\/@es\/115466455497289054","error":""},"_links":{"self":[{"href":"https:\/\/www.europesays.com\/es\/wp-json\/wp\/v2\/posts\/210044","targetHints":{"allow":["GET"]}}],"collection":[{"href":"https:\/\/www.europesays.com\/es\/wp-json\/wp\/v2\/posts"}],"about":[{"href":"https:\/\/www.europesays.com\/es\/wp-json\/wp\/v2\/types\/post"}],"author":[{"embeddable":true,"href":"https:\/\/www.europesays.com\/es\/wp-json\/wp\/v2\/users\/2"}],"replies":[{"embeddable":true,"href":"https:\/\/www.europesays.com\/es\/wp-json\/wp\/v2\/comments?post=210044"}],"version-history":[{"count":0,"href":"https:\/\/www.europesays.com\/es\/wp-json\/wp\/v2\/posts\/210044\/revisions"}],"wp:featuredmedia":[{"embeddable":true,"href":"https:\/\/www.europesays.com\/es\/wp-json\/wp\/v2\/media\/210045"}],"wp:attachment":[{"href":"https:\/\/www.europesays.com\/es\/wp-json\/wp\/v2\/media?parent=210044"}],"wp:term":[{"taxonomy":"category","embeddable":true,"href":"https:\/\/www.europesays.com\/es\/wp-json\/wp\/v2\/categories?post=210044"},{"taxonomy":"post_tag","embeddable":true,"href":"https:\/\/www.europesays.com\/es\/wp-json\/wp\/v2\/tags?post=210044"}],"curies":[{"name":"wp","href":"https:\/\/api.w.org\/{rel}","templated":true}]}}