{"id":210073,"date":"2025-10-31T02:58:11","date_gmt":"2025-10-31T02:58:11","guid":{"rendered":"https:\/\/www.europesays.com\/es\/210073\/"},"modified":"2025-10-31T02:58:11","modified_gmt":"2025-10-31T02:58:11","slug":"serj-tankian-dice-que-system-of-a-down-esta-en-su-mejor-momento-como-banda-es-lo-que-siempre-he-querido","status":"publish","type":"post","link":"https:\/\/www.europesays.com\/es\/210073\/","title":{"rendered":"Serj Tankian dice que System of a Down est\u00e1 en su mejor momento como banda: \u00abEs lo que siempre he querido\u00bb"},"content":{"rendered":"<p data-start=\"288\" data-end=\"926\">\u00bfQui\u00e9n no ha querido tocar en una banda de rock en la adolescencia? Es una idea que seduce a todo mel\u00f3mano, aunque a veces no resulta tan ut\u00f3pica como parece, porque puede convertirse en una espiral de altibajos que transforma la traves\u00eda musical en una aut\u00e9ntica monta\u00f1a rusa. Esta premisa es algo que, a d\u00eda de hoy, no les sucede a los aclamados <strong data-start=\"615\" data-end=\"635\">System of a Down<\/strong>.<\/p>\n<p data-start=\"288\" data-end=\"926\"><a target=\"_blank\" href=\"https:\/\/www.kerrang.com\/serj-tankian-interview-system-of-a-down-new-album-covers-collaborations-collages-songwriting-humour-memoir-stadium-tour\" rel=\"nofollow noopener\"><strong>En una entrevista con la revista Kerrang!<\/strong><\/a>, su vocalista <strong data-start=\"703\" data-end=\"719\">Serj Tankian<\/strong> habl\u00f3 sobre su relaci\u00f3n actual con sus compa\u00f1eros de banda (el guitarrista y vocalista <strong data-start=\"807\" data-end=\"825\">Daron Malakian<\/strong>, el baterista <strong data-start=\"840\" data-end=\"857\">John Dolmayan<\/strong> y el bajista <strong data-start=\"871\" data-end=\"900\">Shavarsh \u00abShavo\u00bb Odadjian<\/strong>) contando lo siguiente:\u201cAhora mismo estamos viviendo el mejor momento de nuestras vidas como banda. Nos lo estamos pasando genial de gira. El ambiente es muy acogedor; estamos muy involucrados en la vida personal de cada uno. Es lo que siempre he querido para nosotros. Tuvimos que volver a nuestros respectivos \u00e1mbitos, reflexionar sobre las cosas y reunirnos para valorar de verdad todo lo que tenemos\u00bb.<\/p>\n<p style=\"text-align: center;\" data-start=\"288\" data-end=\"926\"><a target=\"_blank\" href=\"https:\/\/www.europesays.com\/es\/wp-content\/uploads\/2025\/10\/system-of-a-down-facebook-2021-dest2.jpg\"><img fetchpriority=\"high\" decoding=\"async\" class=\"alignnone wp-image-363680\" src=\"https:\/\/www.europesays.com\/es\/wp-content\/uploads\/2025\/10\/system-of-a-down-facebook-2021-dest2.jpg\" alt=\"\" width=\"857\" height=\"524\"  \/><\/a><\/p>\n<p data-start=\"1316\" data-end=\"1660\">El mes pasado <a target=\"_blank\" href=\"https:\/\/mariskalrock.com\/actualidad\/system-of-a-down-anuncia-siete-conciertos-en-europa-junto-a-queens-of-the-stone-age-y-espana\/\" rel=\"nofollow noopener\"><strong data-start=\"1330\" data-end=\"1350\">System of a Down<\/strong><\/a> anunci\u00f3 que llegar\u00e1 al continente europeo con siete fechas de conciertos que han confirmado para el <strong>pr\u00f3ximo verano de 2026<\/strong>, en los que estar\u00e1n acompa\u00f1ados por <strong data-start=\"1510\" data-end=\"1537\">Queens of the Stone Age<\/strong> y <strong data-start=\"1540\" data-end=\"1553\">Acid Bath<\/strong>. Lamentablemente, Espa\u00f1a, de momento, no se encuentra entre los pa\u00edses que se visitar\u00e1n en esta ocasi\u00f3n.<\/p>\n<p data-start=\"1662\" data-end=\"2443\">Serj dijo sobre la gira: \u201cNo damos tantos conciertos. Elegimos lo que queremos hacer y, de hecho, hablamos de ello. No hacemos giras. Simplemente decimos: \u00abOye, \u00bfad\u00f3nde quieres ir?\u00bb. Por ejemplo, empezamos en Estocolmo, y no era algo que \u00edbamos a hacer originalmente, pero Daron lo recomend\u00f3 porque quer\u00eda ir. Y yo le dije: \u00ab\u00bfEn serio quieres ir all\u00ed? \u00a1Empecemos por ah\u00ed!\u00bb. \u00c9l me dijo: \u00ab\u00bfDe verdad?\u00bb, y yo le dije: \u00ab\u00a1S\u00ed! \u00a1Porque mi amigo quiere ir!\u00bb. Esa ha sido nuestra actitud, y ha sido incre\u00edble. Nos importa m\u00e1s lo que pensamos como amigos que lo que se supone que debe hacer una banda profesional, algo que nos desanim\u00f3 bastante cuando hicimos la pausa. Sin duda para m\u00ed, pero tambi\u00e9n quiero decirlo para el resto de los chicos, porque ellos tambi\u00e9n lo han admitido\u00bb<\/p>\n<p style=\"text-align: center;\">Estas son las siete fechas confirmadas:<br \/><strong>29 de junio &#8211; Estocolmo (Suecia) &#8211; Strawberry Arena<\/strong><br \/><strong>2 de julio &#8211; Par\u00eds (Francia) &#8211; Stade de France<\/strong><br \/><strong>6 de julio &#8211; Mil\u00e1n (Italia) &#8211; Ippodromo Snai La Maura<\/strong><br \/><strong>8 de julio &#8211; Berl\u00edn (Alemania) &#8211; Olympiastadium<\/strong><br \/><strong>10 de julio &#8211; Dusseldorf (Alemania) &#8211; Open Air Park D\u00fcsseldorf<\/strong><br \/><strong>13 de julio &#8211; Londres (Inglaterra) &#8211; Tottenham Hotspur Stadium<\/strong><br \/><strong>18 de julio &#8211; Varsovia (Polonia) &#8211; PGE Narodowy<\/strong><\/p>\n<p data-start=\"2445\" data-end=\"3371\">Pero la conversaci\u00f3n no termin\u00f3 ah\u00ed: el vocalista continu\u00f3 hablando sobre el tour y explicando por qu\u00e9 no ofrecen tantos conciertos: \u201cNo vendemos productos. Somos artistas y queremos seguir si\u00e9ndolo. Queremos ser cautelosos y no sobreexponernos, as\u00ed que somos selectivos. Ahora damos entre 10 y 15 conciertos al a\u00f1o y tocamos en estadios en lugar de pabellones, lo cual nos parece alucinante. Nunca pensamos que esto llegar\u00eda a suceder en nuestras carreras\u2026 Para nosotros, es una locura. Y dice mucho de la gente y sus hijos que vienen a los conciertos y del poder generacional de la m\u00fasica, y en particular de la m\u00fasica de System conecta profundamente con el p\u00fablico; no sabemos exactamente por qu\u00e9, pero estamos muy agradecidos. Desaparecimos durante muchos a\u00f1os por motivos personales, y luego reaparecimos, y hay una demanda enorme, y estamos simplemente asombrados. Solo queremos ser cautelosos y hacer feliz a la gente con nuestras actuaciones, pero sin pasarnos\u00bb.<\/p>\n<p style=\"text-align: center;\" data-start=\"2445\" data-end=\"3371\"><a target=\"_blank\" href=\"https:\/\/www.europesays.com\/es\/wp-content\/uploads\/2025\/10\/system-of-a-down-cartel-gira-europea-2026-1.jpg\"><img loading=\"lazy\" decoding=\"async\" class=\"alignnone size-full wp-image-363682\" src=\"https:\/\/www.europesays.com\/es\/wp-content\/uploads\/2025\/10\/system-of-a-down-cartel-gira-europea-2026-1.jpg\" alt=\"\" width=\"600\" height=\"751\"  \/><\/a><\/p>\n<p data-start=\"3373\" data-end=\"3868\">La banda a\u00fan no ha encontrado la clave para dar continuidad a su potente discograf\u00eda, que mantiene desde hace dos d\u00e9cadas los discos <strong data-start=\"3506\" data-end=\"3521\">\u2018Mezmerize\u2019<\/strong> e <strong data-start=\"3524\" data-end=\"3539\">\u2018Hypnotize\u2019<\/strong> como \u00faltimas creaciones. En una reciente entrevista con el podcast<a target=\"_blank\" href=\"https:\/\/open.spotify.com\/show\/7sn7uKfSg9q9fj7RaFkPck\" rel=\"nofollow noopener\"> <strong data-start=\"3607\" data-end=\"3628\">\u00abTalk Is Jericho\u00bb<\/strong><\/a>, presentado por <strong data-start=\"3645\" data-end=\"3662\">Chris Jericho<\/strong>, vocalista de <strong data-start=\"3677\" data-end=\"3686\">Fozzy<\/strong> y superestrella de la lucha libre, el guitarrista de la agrupaci\u00f3n, <strong data-start=\"3755\" data-end=\"3773\">Daron Malakian<\/strong>, habl\u00f3 sobre la popularidad duradera de su banda a pesar de no haber lanzado un nuevo \u00e1lbum:\u201cLo que me parece incre\u00edble es que a la gente todav\u00eda le importe. Acabamos de regresar de Sudam\u00e9rica y llenamos todos los estadios de f\u00fatbol que hab\u00eda. No s\u00e9 si han visto alg\u00fan video, pero fue una locura. Una locura total. Llevo tiempo en esto y nunca hab\u00eda vivido algo as\u00ed. Y ahora estamos a punto de dar conciertos en la Costa Este, la banda est\u00e1 tocando en estadios y no hemos sacado un disco en m\u00e1s de 20 a\u00f1os\u00bb.<\/p>\n<p style=\"text-align: center;\" data-start=\"3373\" data-end=\"3868\">\n<p data-start=\"4291\" data-end=\"5267\">Al explicar por qu\u00e9 System of a Down puede ofrecer conciertos tan multitudinarios despu\u00e9s de m\u00e1s de 30 a\u00f1os de carrera, Daron coment\u00f3: \u201cCreo que en parte se debe a que nos retiramos en la cima. Siempre ha habido incertidumbre: \u2018\u00bfVolver\u00e1n a tocar alguna vez? \u00bfNo volver\u00e1n a tocar?\u2019 Y ese tipo de cosas pasan. Y luego, cuando tocamos, la gente piensa: \u2018Oh, esta podr\u00eda ser la \u00faltima vez que los o\u00edmos tocar\u2019. Y nada de eso ha sido intencional. Simplemente ha sido as\u00ed, de forma natural. Tambi\u00e9n creo que son las canciones. Las canciones han acompa\u00f1ado a la gente, y en algunos casos se han convertido en parte esencial de sus vidas. Han pasado tantos a\u00f1os&#8230; Porque cuando tocamos frente a este p\u00fablico, no veo personas de 50 a\u00f1os. Veo j\u00f3venes de 18, de 25, chicos que probablemente nacieron incluso despu\u00e9s de que lanz\u00e1ramos <strong>\u2018Mezmerize\u2019<\/strong> e <strong>\u2018Hypnotize\u2019.<\/strong> Pero est\u00e1n ah\u00ed, apasionados, entregados, y para ellos es algo nuevo. Y, de nuevo, me siento muy, muy afortunado\u00bb.<\/p>\n<p data-start=\"5269\" data-end=\"5719\"><strong data-start=\"5269\" data-end=\"5289\">System of a Down<\/strong> solo ha grabado dos canciones en los \u00faltimos 20 a\u00f1os: <strong data-start=\"5344\" data-end=\"5366\">\u00abProtect The Land\u00bb<\/strong> y <strong data-start=\"5369\" data-end=\"5394\">\u00abGenocidal Humanoidz\u00bb<\/strong>, lanzadas en noviembre de 2020. Estos cortes se inspiraron en el conflicto entre Artsaj y Azerbaiy\u00e1n, y todos los beneficios se destinaron a labores humanitarias en Armenia, la tierra ancestral de la agrupaci\u00f3n. Junto con otras donaciones de sus fans a trav\u00e9s de sus redes sociales, recaudaron m\u00e1s de 600 000 d\u00f3lares.<\/p>\n<p>                         <a target=\"_blank\" href=\"http:\/\/www.mariskalrock.com\" class=\"url\" title=\"Alfonso Herreros\" rel=\"nofollow noopener\"> <img loading=\"lazy\" decoding=\"async\" alt=\"Alfonso Herreros\" src=\"https:\/\/www.europesays.com\/es\/wp-content\/uploads\/2025\/10\/1761879491_40_26c6e9bbf17d5bd012e077614c37eae6ad0f217989dda0aede0e4c1fcfe3ae72\"  class=\"avatar avatar-250 photo\" height=\"250\" width=\"250\"\/><\/a>  <a href=\"http:\/\/www.mariskalrock.com\" class=\"url\" target=\"_blank\" title=\"Alfonso Herreros\" rel=\"nofollow noopener\"><img loading=\"lazy\" decoding=\"async\" alt=\"Alfonso Herreros\" src=\"https:\/\/www.europesays.com\/es\/wp-content\/uploads\/2025\/10\/1761879491_40_26c6e9bbf17d5bd012e077614c37eae6ad0f217989dda0aede0e4c1fcfe3ae72\"  class=\"avatar avatar-250 photo\" height=\"250\" width=\"250\"\/><\/a>\u00daltimas entradas de Alfonso Herreros (<a target=\"_blank\" href=\"https:\/\/mariskalrock.com\/author\/alfonso-herreros\/\" rel=\"nofollow noopener\">ver todo<\/a>)  <\/p>\n","protected":false},"excerpt":{"rendered":"\u00bfQui\u00e9n no ha querido tocar en una banda de rock en la adolescencia? Es una idea que seduce&hellip;\n","protected":false},"author":2,"featured_media":210074,"comment_status":"","ping_status":"","sticky":false,"template":"","format":"standard","meta":{"footnotes":""},"categories":[170],"tags":[56922,146,147,25,24,4622,184,185,56923,56924,23,3058],"class_list":{"0":"post-210073","1":"post","2":"type-post","3":"status-publish","4":"format-standard","5":"has-post-thumbnail","7":"category-musica","8":"tag-acid-bath","9":"tag-entertainment","10":"tag-entretenimiento","11":"tag-es","12":"tag-espana","13":"tag-mr2022","14":"tag-music","15":"tag-musica","16":"tag-queens-of-the-stone-age","17":"tag-serj-tankian","18":"tag-spain","19":"tag-system-of-a-down"},"share_on_mastodon":{"url":"https:\/\/pubeurope.com\/@es\/115466543085681215","error":""},"_links":{"self":[{"href":"https:\/\/www.europesays.com\/es\/wp-json\/wp\/v2\/posts\/210073","targetHints":{"allow":["GET"]}}],"collection":[{"href":"https:\/\/www.europesays.com\/es\/wp-json\/wp\/v2\/posts"}],"about":[{"href":"https:\/\/www.europesays.com\/es\/wp-json\/wp\/v2\/types\/post"}],"author":[{"embeddable":true,"href":"https:\/\/www.europesays.com\/es\/wp-json\/wp\/v2\/users\/2"}],"replies":[{"embeddable":true,"href":"https:\/\/www.europesays.com\/es\/wp-json\/wp\/v2\/comments?post=210073"}],"version-history":[{"count":0,"href":"https:\/\/www.europesays.com\/es\/wp-json\/wp\/v2\/posts\/210073\/revisions"}],"wp:featuredmedia":[{"embeddable":true,"href":"https:\/\/www.europesays.com\/es\/wp-json\/wp\/v2\/media\/210074"}],"wp:attachment":[{"href":"https:\/\/www.europesays.com\/es\/wp-json\/wp\/v2\/media?parent=210073"}],"wp:term":[{"taxonomy":"category","embeddable":true,"href":"https:\/\/www.europesays.com\/es\/wp-json\/wp\/v2\/categories?post=210073"},{"taxonomy":"post_tag","embeddable":true,"href":"https:\/\/www.europesays.com\/es\/wp-json\/wp\/v2\/tags?post=210073"}],"curies":[{"name":"wp","href":"https:\/\/api.w.org\/{rel}","templated":true}]}}