{"id":210090,"date":"2025-10-31T03:13:17","date_gmt":"2025-10-31T03:13:17","guid":{"rendered":"https:\/\/www.europesays.com\/es\/210090\/"},"modified":"2025-10-31T03:13:17","modified_gmt":"2025-10-31T03:13:17","slug":"sebastian-unzue-liderara-la-revolucion-en-el-seno-del-equipo-movistar","status":"publish","type":"post","link":"https:\/\/www.europesays.com\/es\/210090\/","title":{"rendered":"Sebasti\u00e1n Unzue liderar\u00e1 la revoluci\u00f3n en el seno del equipo Movistar"},"content":{"rendered":"<p>El equipo Movistar da un nuevo paso adelante en su proceso de transformaci\u00f3n y anuncia una profunda reorganizaci\u00f3n de su \u00c1rea Deportiva, con el objetivo de optimizar su funcionamiento interno y afrontar con mayores garant\u00edas los retos deportivos de las pr\u00f3ximas temporadas. Sebasti\u00e1n Unzue ser\u00e1 la nueva cara visible de esta nueva secci\u00f3n.<\/p>\n<p>La reestructuraci\u00f3n, liderada por <strong>Sebasti\u00e1n Unzu\u00e9<\/strong>, quien asume el cargo de <strong>Head of Sports<\/strong>, contempla la creaci\u00f3n y consolidaci\u00f3n de <strong>cuatro departamentos<\/strong> clave: <strong>Rendimiento, Carrera, Salud y Corredores<\/strong>, cada uno con responsables especializados que coordinar\u00e1n sus respectivas \u00e1reas.<\/p>\n<p>\u00abQueremos seguir evolucionando como organizaci\u00f3n y dotar al equipo de una <strong>estructura moderna, eficaz<\/strong> y alineada con las exigencias del ciclismo actual\u00bb, se\u00f1ala Sebasti\u00e1n Unzu\u00e9 en la nota oficial del equipo. \u00abEste nuevo modelo nos permitir\u00e1 optimizar procesos y fortalecer la colaboraci\u00f3n entre todos los departamentos\u00bb.<\/p>\n<p>En el Departamento de Rendimiento, <strong>Iv\u00e1n Velasco y Xabier Muriel<\/strong> liderar\u00e1n las \u00e1reas de rendimiento, ingenier\u00eda y biomec\u00e1nica, nutrici\u00f3n e I+D con el objetivo de maximizar el potencial competitivo de los corredores.<\/p>\n<p>El Departamento de Carrera estar\u00e1 encabezado por <strong>Chente Garc\u00eda Acosta y Matthew White<\/strong>, nueva incorporaci\u00f3n al equipo. Ambos coordinar\u00e1n la planificaci\u00f3n y Direcci\u00f3n Deportiva, fundamentales para la estrategia en competici\u00f3n.<\/p>\n<p><strong>Matthew White<\/strong> comenta: \u201cTras m\u00e1s de 15 a\u00f1os como Director Deportivo, inicio una nueva etapa muy ilusionante, con muchas ganas de aportar mi experiencia y contribuir al \u00e9xito del equipo. El Movistar Team es una estructura a la que siempre he tenido un profundo respeto, y poder formar parte de ella desde dentro es algo que me motiva enormemente.\u201d<\/p>\n<p>En el \u00e1rea de Salud, <strong>I\u00f1igo Michelena<\/strong> ser\u00e1 el responsable de coordinar todos los aspectos m\u00e9dicos y de bienestar de los corredores.<\/p>\n<p>Finalmente, se crea un Departamento de Corredores, con representantes de los ciclistas en las diferentes estructuras del equipo.<\/p>\n","protected":false},"excerpt":{"rendered":"El equipo Movistar da un nuevo paso adelante en su proceso de transformaci\u00f3n y anuncia una profunda reorganizaci\u00f3n&hellip;\n","protected":false},"author":2,"featured_media":210091,"comment_status":"","ping_status":"","sticky":false,"template":"","format":"standard","meta":{"footnotes":""},"categories":[273],"tags":[313,312,168,25,24,23,167],"class_list":{"0":"post-210090","1":"post","2":"type-post","3":"status-publish","4":"format-standard","5":"has-post-thumbnail","7":"category-ciclismo","8":"tag-ciclismo","9":"tag-cycling","10":"tag-deportes","11":"tag-es","12":"tag-espana","13":"tag-spain","14":"tag-sports"},"share_on_mastodon":{"url":"https:\/\/pubeurope.com\/@es\/115466600659206733","error":""},"_links":{"self":[{"href":"https:\/\/www.europesays.com\/es\/wp-json\/wp\/v2\/posts\/210090","targetHints":{"allow":["GET"]}}],"collection":[{"href":"https:\/\/www.europesays.com\/es\/wp-json\/wp\/v2\/posts"}],"about":[{"href":"https:\/\/www.europesays.com\/es\/wp-json\/wp\/v2\/types\/post"}],"author":[{"embeddable":true,"href":"https:\/\/www.europesays.com\/es\/wp-json\/wp\/v2\/users\/2"}],"replies":[{"embeddable":true,"href":"https:\/\/www.europesays.com\/es\/wp-json\/wp\/v2\/comments?post=210090"}],"version-history":[{"count":0,"href":"https:\/\/www.europesays.com\/es\/wp-json\/wp\/v2\/posts\/210090\/revisions"}],"wp:featuredmedia":[{"embeddable":true,"href":"https:\/\/www.europesays.com\/es\/wp-json\/wp\/v2\/media\/210091"}],"wp:attachment":[{"href":"https:\/\/www.europesays.com\/es\/wp-json\/wp\/v2\/media?parent=210090"}],"wp:term":[{"taxonomy":"category","embeddable":true,"href":"https:\/\/www.europesays.com\/es\/wp-json\/wp\/v2\/categories?post=210090"},{"taxonomy":"post_tag","embeddable":true,"href":"https:\/\/www.europesays.com\/es\/wp-json\/wp\/v2\/tags?post=210090"}],"curies":[{"name":"wp","href":"https:\/\/api.w.org\/{rel}","templated":true}]}}