{"id":210117,"date":"2025-10-31T03:39:17","date_gmt":"2025-10-31T03:39:17","guid":{"rendered":"https:\/\/www.europesays.com\/es\/210117\/"},"modified":"2025-10-31T03:39:17","modified_gmt":"2025-10-31T03:39:17","slug":"ander-okamika-preparado-para-su-sexta-campana-en-el-burgos-burpellet-bh","status":"publish","type":"post","link":"https:\/\/www.europesays.com\/es\/210117\/","title":{"rendered":"Ander Okamika, preparado para su sexta campa\u00f1a en el Burgos Burpellet BH"},"content":{"rendered":"<p>Okamika comenz\u00f3 la temporada demostrando el car\u00e1cter aguerrido y combativo que le caracteriza. Se escap\u00f3 el primer d\u00eda de la Vuelta a Andaluc\u00eda, a la que llegaba tras recuperarse de una ca\u00edda en la Volta a la Comunitat Valenciana, y volvi\u00f3 a mostrarse al ataque en O Gran Cami\u00f1o. Dos fugas en las dos primeras etapas le permitieron enfundarse el maillot azul de la monta\u00f1a, el cual le fue arrebatado en la etapa final. No falt\u00f3 a la carrera de casa, la Itzulia Basque Country, donde tambi\u00e9n se dej\u00f3 ver desde la escapada. En primavera complet\u00f3 buenas actuaciones en el Tour de Doubs y la Vuelta a Asturias, logrando sendos top-20.&#13;<br \/>\n&#13;<br \/>\n<br \/>En la Ruta de Occitania confirm\u00f3 la evoluci\u00f3n que ha experimentado como escalador, acabando 13\u00ba en la clasificaci\u00f3n general, como antesala de su gran actuaci\u00f3n en el Campeonato de Espa\u00f1a. En una carrera con casi 4000 metros de desnivel acumulado, Ander logr\u00f3 la quinta posici\u00f3n, el mejor resultado del Burgos Burpellet BH en los \u00faltimos a\u00f1os. En la posterior Vuelta a Burgos volvi\u00f3 a escaparse en la etapa con final en Buniel y tras ello lleg\u00f3 su campa\u00f1a de cl\u00e1sicas en Italia. Enlaz\u00f3 hasta 13 carreras de un d\u00eda en este pa\u00eds, siendo el mejor morado en la mitad de ellas. Su actuaci\u00f3n m\u00e1s destacada tuvo lugar en el Giro della Romagna, donde acab\u00f3 noveno tras pelear por el podio hasta el \u00faltimo kil\u00f3metro.&#13;<br \/>\n&#13;<br \/><\/p>\n","protected":false},"excerpt":{"rendered":"Okamika comenz\u00f3 la temporada demostrando el car\u00e1cter aguerrido y combativo que le caracteriza. Se escap\u00f3 el primer d\u00eda&hellip;\n","protected":false},"author":2,"featured_media":210118,"comment_status":"","ping_status":"","sticky":false,"template":"","format":"standard","meta":{"footnotes":""},"categories":[273],"tags":[313,312,168,25,24,23,167],"class_list":{"0":"post-210117","1":"post","2":"type-post","3":"status-publish","4":"format-standard","5":"has-post-thumbnail","7":"category-ciclismo","8":"tag-ciclismo","9":"tag-cycling","10":"tag-deportes","11":"tag-es","12":"tag-espana","13":"tag-spain","14":"tag-sports"},"share_on_mastodon":{"url":"https:\/\/pubeurope.com\/@es\/115466702915636900","error":""},"_links":{"self":[{"href":"https:\/\/www.europesays.com\/es\/wp-json\/wp\/v2\/posts\/210117","targetHints":{"allow":["GET"]}}],"collection":[{"href":"https:\/\/www.europesays.com\/es\/wp-json\/wp\/v2\/posts"}],"about":[{"href":"https:\/\/www.europesays.com\/es\/wp-json\/wp\/v2\/types\/post"}],"author":[{"embeddable":true,"href":"https:\/\/www.europesays.com\/es\/wp-json\/wp\/v2\/users\/2"}],"replies":[{"embeddable":true,"href":"https:\/\/www.europesays.com\/es\/wp-json\/wp\/v2\/comments?post=210117"}],"version-history":[{"count":0,"href":"https:\/\/www.europesays.com\/es\/wp-json\/wp\/v2\/posts\/210117\/revisions"}],"wp:featuredmedia":[{"embeddable":true,"href":"https:\/\/www.europesays.com\/es\/wp-json\/wp\/v2\/media\/210118"}],"wp:attachment":[{"href":"https:\/\/www.europesays.com\/es\/wp-json\/wp\/v2\/media?parent=210117"}],"wp:term":[{"taxonomy":"category","embeddable":true,"href":"https:\/\/www.europesays.com\/es\/wp-json\/wp\/v2\/categories?post=210117"},{"taxonomy":"post_tag","embeddable":true,"href":"https:\/\/www.europesays.com\/es\/wp-json\/wp\/v2\/tags?post=210117"}],"curies":[{"name":"wp","href":"https:\/\/api.w.org\/{rel}","templated":true}]}}