{"id":210121,"date":"2025-10-31T03:42:09","date_gmt":"2025-10-31T03:42:09","guid":{"rendered":"https:\/\/www.europesays.com\/es\/210121\/"},"modified":"2025-10-31T03:42:09","modified_gmt":"2025-10-31T03:42:09","slug":"la-asamblea-del-athletic-en-directo-deia","status":"publish","type":"post","link":"https:\/\/www.europesays.com\/es\/210121\/","title":{"rendered":"La Asamblea del Athletic, en directo &#8211; Deia"},"content":{"rendered":"<ol>\n<li><a href=\"https:\/\/news.google.com\/rss\/articles\/CBMihwFBVV95cUxNLVhPS3FkRlhybW1kVndMX1cwSl9ZV0FrRjlqTEF3aHI1NnFGMUZvVHRXQ0hTenpZTzVNRjhQd0EtZ3RTMUcta20xbVpkemhfdFBxcVZDMzZnS2hvU3I2Y2w2eFBlZUxKWUNjS2lGY0lmdjA4QmhRaUxuZGp5aVdfQ2RzNWdBMU3SAYwBQVVfeXFMTU9mQzJab25BaEV3bS13WnpkMVBuOHVkSHZJNndDaExmMkNncHBUOGlaQVBpTG56dVVYa0dGRGlPbVlnVTE0V1lIN2dyT0VVSXpmWXRVekhfYjNSc2d6SU02WGVFSGtDZkRRUUJKNmtzMDBuOWxfa2NOZExxTVpnUk1YbHg1aFpudHFTRDY?oc=5\" target=\"_blank\" rel=\"nofollow noopener\">La Asamblea del Athletic, en directo<\/a>&nbsp;&nbsp;Deia<\/li>\n<li><a href=\"https:\/\/news.google.com\/rss\/articles\/CBMikAFBVV95cUxQRm53eEFGb3JkQm1BWFN2ZDhqUHE2Z2hjSUtVYmpkN2YzUG4xY3I4Y0dwUXhpYzNYZHdENEZ3WjNZRkZXSHNaMDJMZmxrM25KUTN1T0pUbi1aUmhXLW0yT3FHNzF6TjZObWlxVGNwWkZUZ25raEg4MDI2bFFwMUNKNDZsNFNEMmpVeXpjMURLSGE?oc=5\" target=\"_blank\" rel=\"nofollow noopener\">Directo TV: sigue la asamblea del Athletic<\/a>&nbsp;&nbsp;El Correo<\/li>\n<li><a href=\"https:\/\/news.google.com\/rss\/articles\/CBMi8wFBVV95cUxPTXN4Z001UDlwOVhUZmJoWTNIVHRQOUdWRGxRWTRMVGJUXzliUmhZblZYOXZpUm9OMEtzbW94WndWV3NwSjBxcGpIcHQ3MHBKQVJ2dFdRd2R0WkhxOTJmWjJjMmhDUEdWUHR6SWItNlowcElwaEZ1RjFGM1drUllPcXUzVUs4dnp6bm5hZW0yM29IU0JBQVVKdzJhX2dUSWhiajBVcEVLbHVlUGZaWHVFM1ZFVk8yM0N2OG5XSlA1dGIxX1VDOE52MFRwMGh5OHEwSTRnaUVhSVN3N3p0S1c2UGRmemQ2WGt1NkFBcEE4NS03WnfSAfMBQVVfeXFMUG5ma0x1TzdMM25HbzFCV3lOOUl1SmhNanEwZHBEZjgxMzU4TzNpaGZiMkN0VklWdGpleHdLMmN2NC1FUVdobXlVSnc1SFQ1UUZRU3FYZnV0cy0wMVViTVo5MmdoZnVfQmlTU0hhN1VaVUhhcjd3T2pvUjRfQXI0ZGJ5SW02Z3VPSHpaazQtc0ZEZENsRmNhd2JPa1NvSUdwS083SzVPcDBrd1ZleHk1N1VZWG9CUDdwUk5OeFM3aEpPWWZPandHV1NWZHNLelVVanZnODAtcmVMSUdaNHNTeHVOSjBhT1J4cF9ZaU1lQ1VJSWg4?oc=5\" target=\"_blank\" rel=\"nofollow noopener\">Los socios del Athletic avalan con amplia mayor\u00eda las cuentas de Uriarte y el presupuesto para 2025-26<\/a>&nbsp;&nbsp;EITB<\/li>\n<li><a href=\"https:\/\/news.google.com\/rss\/articles\/CBMiogFBVV95cUxOVDdQOEgtdDNQQ2lTSTJoOWJNdmpST0ZKVEVkeFNRZThsMzVzc3FsVEl0ZGNxNmdDNFExeXBuczVVWk1LMmQtM2ZSUXAtQkZxNkVmb3ZxdWhrTmMyUXM0R3pXNnNFV2MwMmVGZ2tCeVExOWJ2SkhzZDZmMWt5NXZzTkpvMldzYkhPNUNaU29WaFVjUk1HMWtkN1ppMEZGbnMtbkHSAacBQVVfeXFMUGwwb3Z6MTNld0kzRXRFS0VNU3dPOWh1MC03eUk1cUdmS2dHeGw2LTZxM1RvWnRMa2hPaTcxOEw2ZElDNXFtajBZMng5VVp0bEJjd2dmTTFSRGIyYkNTcnJ3SEsyc1l0LU5QNUdIZXJaR0FWMmpweXE5eG03MC1pOFNIclBBaDRBT1VfMHk2T0thamNucHptOVQtNUQzQlN6S2xTRF9uQlk?oc=5\" target=\"_blank\" rel=\"nofollow noopener\">Uriarte: \u00abSobran esos silbidos sin ning\u00fan sentido a los jugadores\u00bb<\/a>&nbsp;&nbsp;Deia<\/li>\n<li><a href=\"https:\/\/news.google.com\/rss\/articles\/CBMi0gFBVV95cUxOUGlwWF8tTVBkQm1CYmIwbDFCRjl0bUx2OWxvalVxR01kZzdiOHg1bElzQy1HTzl0N0ZVVHozZ0dwUk81el9aNjFwZVRTbGdTTlVfMVB5SFc3WXVEandNYWtBQ3F0M0w4N1pMaUZZQVMwQVp4UG9kRjE3VWY4eUN5ZUVYQXViczN3amJ5bGZ6c29ZdG8yQUxoM1RkZ3B1dEhBdGFGRDM2NjcycXF3QS1pNXlYaUVaYUlmeC1sWVBGVkpLVWdvX2hheGlNd1lld3dTV1E?oc=5\" target=\"_blank\" rel=\"nofollow noopener\">Uriarte supera sin problemas su \u00faltima asamblea del primer mandato, la m\u00e1s corta en d\u00e9cadas<\/a>&nbsp;&nbsp;naiz:<\/li>\n<\/ol>\n","protected":false},"excerpt":{"rendered":"La Asamblea del Athletic, en directo&nbsp;&nbsp;Deia Directo TV: sigue la asamblea del Athletic&nbsp;&nbsp;El Correo Los socios del Athletic&hellip;\n","protected":false},"author":2,"featured_media":210122,"comment_status":"","ping_status":"","sticky":false,"template":"","format":"standard","meta":{"footnotes":""},"categories":[268],"tags":[19345,2182,168,2125,25,24,280,282,281,23,167],"class_list":{"0":"post-210121","1":"post","2":"type-post","3":"status-publish","4":"format-standard","5":"has-post-thumbnail","7":"category-futbol","8":"tag-asamblea","9":"tag-athletic","10":"tag-deportes","11":"tag-directo","12":"tag-es","13":"tag-espana","14":"tag-football","15":"tag-futbol","16":"tag-soccer","17":"tag-spain","18":"tag-sports"},"share_on_mastodon":{"url":"https:\/\/pubeurope.com\/@es\/115466715227158569","error":""},"_links":{"self":[{"href":"https:\/\/www.europesays.com\/es\/wp-json\/wp\/v2\/posts\/210121","targetHints":{"allow":["GET"]}}],"collection":[{"href":"https:\/\/www.europesays.com\/es\/wp-json\/wp\/v2\/posts"}],"about":[{"href":"https:\/\/www.europesays.com\/es\/wp-json\/wp\/v2\/types\/post"}],"author":[{"embeddable":true,"href":"https:\/\/www.europesays.com\/es\/wp-json\/wp\/v2\/users\/2"}],"replies":[{"embeddable":true,"href":"https:\/\/www.europesays.com\/es\/wp-json\/wp\/v2\/comments?post=210121"}],"version-history":[{"count":0,"href":"https:\/\/www.europesays.com\/es\/wp-json\/wp\/v2\/posts\/210121\/revisions"}],"wp:featuredmedia":[{"embeddable":true,"href":"https:\/\/www.europesays.com\/es\/wp-json\/wp\/v2\/media\/210122"}],"wp:attachment":[{"href":"https:\/\/www.europesays.com\/es\/wp-json\/wp\/v2\/media?parent=210121"}],"wp:term":[{"taxonomy":"category","embeddable":true,"href":"https:\/\/www.europesays.com\/es\/wp-json\/wp\/v2\/categories?post=210121"},{"taxonomy":"post_tag","embeddable":true,"href":"https:\/\/www.europesays.com\/es\/wp-json\/wp\/v2\/tags?post=210121"}],"curies":[{"name":"wp","href":"https:\/\/api.w.org\/{rel}","templated":true}]}}