{"id":210134,"date":"2025-10-31T03:53:08","date_gmt":"2025-10-31T03:53:08","guid":{"rendered":"https:\/\/www.europesays.com\/es\/210134\/"},"modified":"2025-10-31T03:53:08","modified_gmt":"2025-10-31T03:53:08","slug":"de-nuno-a-bottazzini-nuevo-baile-de-directivos-en-el-corte-ingles-expansion","status":"publish","type":"post","link":"https:\/\/www.europesays.com\/es\/210134\/","title":{"rendered":"De Nu\u00f1o a Bottazzini: nuevo baile de directivos en El Corte Ingl\u00e9s &#8211; Expansi\u00f3n"},"content":{"rendered":"<ol>\n<li><a href=\"https:\/\/news.google.com\/rss\/articles\/CBMikgFBVV95cUxOVmhWblduX0dOVjYzcnhmREdDdnlmOUNJYkNZV0p6VTdUOFFwR2MyZENscFBJTF9SMmZ5b2FiS1RSWTJ1RjQ5UmxybVI3UnRua3lYR2g2Vnhzb0xJZHREUWxzRGdiRVA4RkpydkstUU94ZVBwdi1NTHhnOWlERXNCamRvUEg0djZBUnBMc1c5MkhSd9IBkgFBVV95cUxPOUNGRTFXT2xTMW5hdnBGdlVTTVUwOEhNejFIcktMejFjWllqWW9KSFU0QVhlY1VVOVN4SmV3bUdWX21FYUNjWWRMLUlOVlNRRUpxUkJBZGhod2lPV0MyeXZxX0s5TFhkNkJKS1FON1FEdTdLS1ZuUF9RUW1zdVBpQ3NucW44cjRUbDlZcF9zU1p2UQ?oc=5\" target=\"_blank\" rel=\"nofollow noopener\">De Nu\u00f1o a Bottazzini: nuevo baile de directivos en El Corte Ingl\u00e9s<\/a>&nbsp;&nbsp;Expansi\u00f3n<\/li>\n<li><a href=\"https:\/\/news.google.com\/rss\/articles\/CBMiiAFBVV95cUxQQVFQU2ljbWtBNFFoSkxwTGc3Wlc1by15eHdNa2RwaFRsQTJYM2VSS29HVUZYV0FPeW1FU3QzeFdodEcyeThMcDd3blFKN3pwRU12dzJjcFlzcXY4Q2h5cGVELTgtY0NVbDlwcnR4Q2dSTThxb2lQUHYwVU5PTld2V0NNZVdwTjg40gGIAUFVX3lxTE5DX1Y0dFI1YnJ4aGVfMmwtaldvNk9uU3ZIN2p2SGhETmp3aFBuQ1k4MWwtV3FUal9mNnZwTGpMNEJKVFZxMkJIWWQyVk1EWm5kUENnZHZ2MXk0VUo5M3BKd1FsYmx0bDVDdExsTHVIR1lYZjM4cHl4RkZBVjhFYUdfSnVoZzZneG0?oc=5\" target=\"_blank\" rel=\"nofollow noopener\">Marta \u00c1lvarez prescinde de la figura de consejero delegado en El Corte Ingl\u00e9s en la segunda remodelaci\u00f3n de su c\u00fapula en un a\u00f1o: los retos de Santiago Bau como director general<\/a>&nbsp;&nbsp;El Mundo<\/li>\n<li><a href=\"https:\/\/news.google.com\/rss\/articles\/CBMikgFBVV95cUxOZjRjbVhpYmhmdVdKa1hZWHZGRFlaS1pjZ1NhbllKNzFYRENHVzlaSVQ2UHJndnBaNmYyQkxNN1doT1c1Z1RuMm9CdWN1QTFmMDB6VHdMTlR1Vzl3dmdGbGJ5X0NqanJPUlpvVWFsdTFVRU40WjJKcldUcmR2bjEwbWlGQ1Y3QWFoREJwWTZ6b241QdIBkgFBVV95cUxOZi1HeS14WU13WmM1WF9YdjFKYlRSMnVOcTZ2NWdna1RLc05DZEJHc0E5dWowVUl0ZktERmtUN3R4dUFpSFh0dEd5b05SaXVmdWVGbjJSNnZBbE03VEk4US1wNTg3X0FJREpRXzlyU1VEVV9jZmx6djhJcXdnaERVa21EdmhjTHRkelhIS3lPNjg5QQ?oc=5\" target=\"_blank\" rel=\"nofollow noopener\">El Corte Ingl\u00e9s reforma su c\u00fapula por cuarta vez en seis a\u00f1os tras el cese del CEO<\/a>&nbsp;&nbsp;Expansi\u00f3n<\/li>\n<li><a href=\"https:\/\/news.google.com\/rss\/articles\/CBMinAFBVV95cUxPWjB6QXNNaDJuak9hcmJEckUyMktxNTB6Mks0VzVYSEdBZkZIbkZ0QTNNOVMyVGU2OUZUSWtPM24zaWRlZmVick9wbVNCSHg5WkhybER3eWhjMW1jUzFmV3Z5YmN3VkdFeEpWZng2VDhTQjU1MDBLOEVPQ0l5ekk3MUkzc0YwMklDOG8xWWFSVkFCV1BySjV4bTRiSU8?oc=5\" target=\"_blank\" rel=\"nofollow noopener\">El Corte Ingl\u00e9s destituye a su consejero delegado tras poco m\u00e1s de un a\u00f1o en el cargo<\/a>&nbsp;&nbsp;El Confidencial<\/li>\n<li><a href=\"https:\/\/news.google.com\/rss\/articles\/CBMixAFBVV95cUxONjZJa0dXZ1gwMm1NQU5HU1BjblpKaV9jS2RpUlk4YktIV0NwZ1NkY3hNemdUbEU5RE55b3Q4UkZkVEZ2cXQ1ZlF2dVMxOUxBMnVTQjVVZzM2b1hXZzFPcjBQeGhIZElnT1hRWVhMeHFpWTA3U2FPT09MWkZJX2RvT1VKMGR3NzE0aTU3eFkwZ1JPOHRQQ29vbGszcl96UUgxM3RBcWNUeVMtQ0gwTUlqMXBvMnplejZscGFjTHhrbXBnS05Y?oc=5\" target=\"_blank\" rel=\"nofollow noopener\">Tormenta interminable en la c\u00fapula de El Corte Ingl\u00e9s: cuatro CEOs en siete a\u00f1os<\/a>&nbsp;&nbsp;Vozp\u00f3puli<\/li>\n<\/ol>\n","protected":false},"excerpt":{"rendered":"De Nu\u00f1o a Bottazzini: nuevo baile de directivos en El Corte Ingl\u00e9s&nbsp;&nbsp;Expansi\u00f3n Marta \u00c1lvarez prescinde de la figura&hellip;\n","protected":false},"author":2,"featured_media":210135,"comment_status":"","ping_status":"","sticky":false,"template":"","format":"standard","meta":{"footnotes":""},"categories":[80],"tags":[3214,82,11085,95,94,13043,2308,20864,25,24,23],"class_list":{"0":"post-210134","1":"post","2":"type-post","3":"status-publish","4":"format-standard","5":"has-post-thumbnail","7":"category-economia","8":"tag-alimentacion","9":"tag-business","10":"tag-distribucion","11":"tag-economia","12":"tag-economy","13":"tag-el-corte-ingles","14":"tag-empresas","15":"tag-empresas-distribucion","16":"tag-es","17":"tag-espana","18":"tag-spain"},"share_on_mastodon":{"url":"https:\/\/pubeurope.com\/@es\/115466757969647342","error":""},"_links":{"self":[{"href":"https:\/\/www.europesays.com\/es\/wp-json\/wp\/v2\/posts\/210134","targetHints":{"allow":["GET"]}}],"collection":[{"href":"https:\/\/www.europesays.com\/es\/wp-json\/wp\/v2\/posts"}],"about":[{"href":"https:\/\/www.europesays.com\/es\/wp-json\/wp\/v2\/types\/post"}],"author":[{"embeddable":true,"href":"https:\/\/www.europesays.com\/es\/wp-json\/wp\/v2\/users\/2"}],"replies":[{"embeddable":true,"href":"https:\/\/www.europesays.com\/es\/wp-json\/wp\/v2\/comments?post=210134"}],"version-history":[{"count":0,"href":"https:\/\/www.europesays.com\/es\/wp-json\/wp\/v2\/posts\/210134\/revisions"}],"wp:featuredmedia":[{"embeddable":true,"href":"https:\/\/www.europesays.com\/es\/wp-json\/wp\/v2\/media\/210135"}],"wp:attachment":[{"href":"https:\/\/www.europesays.com\/es\/wp-json\/wp\/v2\/media?parent=210134"}],"wp:term":[{"taxonomy":"category","embeddable":true,"href":"https:\/\/www.europesays.com\/es\/wp-json\/wp\/v2\/categories?post=210134"},{"taxonomy":"post_tag","embeddable":true,"href":"https:\/\/www.europesays.com\/es\/wp-json\/wp\/v2\/tags?post=210134"}],"curies":[{"name":"wp","href":"https:\/\/api.w.org\/{rel}","templated":true}]}}