{"id":210136,"date":"2025-10-31T03:54:07","date_gmt":"2025-10-31T03:54:07","guid":{"rendered":"https:\/\/www.europesays.com\/es\/210136\/"},"modified":"2025-10-31T03:54:07","modified_gmt":"2025-10-31T03:54:07","slug":"vuelo-de-cancun-a-eeuu-aterriza-de-emergencia-en-florida-reportan-varios-heridos","status":"publish","type":"post","link":"https:\/\/www.europesays.com\/es\/210136\/","title":{"rendered":"Vuelo de Canc\u00fan a EEUU aterriza de emergencia en Florida; reportan varios heridos"},"content":{"rendered":"<p><img alt=\"Un avi\u00f3n de JetBlue aterriz\u00f3\" class=\"global-image\" decoding=\"async\" fetchpriority=\"high\" height=\"2126\" loading=\"eager\" src=\"https:\/\/www.europesays.com\/es\/wp-content\/uploads\/2025\/10\/VG75XCLDHNAT3ID5IHRJGEHD44.JPG\" width=\"3188\"\/>Un avi\u00f3n de JetBlue aterriz\u00f3 de emergencia en Florida, iba de Canc\u00fan a New Jersey, se reportan varias personas lesionadas.  REUTERS\/Mike Blake\/File Photo<\/p>\n<p class=\"paragraph\">Este 30 de octubre de 2025, se ha dado a conocer que un avi\u00f3n de la aerol\u00ednea <b>JetBlue<\/b>, proveniente de <b>Canc\u00fan <\/b>tuvo que aterrizar de emergencia en <b>Florida<\/b>, al momento se reportan varias personas heridas.<\/p>\n<p class=\"paragraph\">Medios internacionales reportan que el vuelo con destino a New Jersey fue desviado a Tampa, debido a \u201c<b>problemas en el control de vuelo<\/b>\u201d, lo cual provoc\u00f3 lesiones en algunos pasajeros. <\/p>\n<p class=\"paragraph\">Se sabe que el avi\u00f3n parti\u00f3 del Aeropuerto Internacional de Canc\u00fan, en M\u00e9xico, teniendo previsto su aterrizaje en el Aeropuerto Internacional Newark Liberty de Nueva Jersey, pero <b>tuvo que aterrizar en Tampa, Florida, alrededor de las 14:00 horas<\/b>; por lo que contin\u00faan las investigaciones.<\/p>\n<p class=\"paragraph\">Seg\u00fan lo informado por la agencia AP, se trata de un Airbus A320, que conforme a los audios de control de tr\u00e1fico capt\u00f3 una llamada donde se mencionaba a<b> tres personas lesionadas<\/b>, \u201cuna laceraci\u00f3n en la cabeza\u201d.<\/p>\n<p class=\"paragraph\">La informaci\u00f3n se\u00f1ala que JetBlue indic\u00f3 que <b>la aeronave de servicio fue retirada<\/b> \u201cpara su inspecci\u00f3n y llevaremos a cabo una investigaci\u00f3n exhaustiva para determinar la causa\u201d. Cabe destacar que este avi\u00f3n cuenta con 162 asientos.<\/p>\n<p class=\"paragraph\">Tras la perdida de altitud del vuelo 1320 se inform\u00f3 que los pasajeros fueron trasladados a un hospital local, para brindarles pronta atenci\u00f3n m\u00e9dica.<\/p>\n<p class=\"paragraph\">El\u00a0Departamento de Transporte de los Estados Unidos (<b>DOT<\/b>)\u00a0emiti\u00f3 disposiciones que impactan las operaciones a\u00e9reas entre\u00a0M\u00e9xico\u00a0y\u00a0el pa\u00eds del norte, afectando de manera directa tanto al\u00a0Aeropuerto Internacional Felipe \u00c1ngeles (AI<b>F<\/b>A)\u00a0como al\u00a0Aeropuerto Internacional Benito Ju\u00e1rez (<b>AICM<\/b>). <\/p>\n<p class=\"paragraph\">La\u00a0Secretar\u00eda de Infraestructura, Comunicaciones y Transportes (<b>SICT<\/b>)\u00a0inform\u00f3 que la posible prohibici\u00f3n para que aerol\u00edneas mexicanas realicen transporte de carga combinada en vuelos de pasajeros entre el\u00a0Aeropuerto Internacional Benito Ju\u00e1rez\u00a0y\u00a0Estados Unidos\u00a0podr\u00eda entrar en vigor exactamente <b>108 d\u00edas h\u00e1biles despu\u00e9s de la confirmaci\u00f3n oficial de la medida por parte del\u00a0DOT.<\/b><\/p>\n<p class=\"paragraph\">Seg\u00fan el comunicado difundido por la\u00a0SICT\u00a0el 29 de octubre de 2025, la autoridad estadounidense otorg\u00f3 un plazo de 14 d\u00edas, hasta el 11 de noviembre de 2025, para que las partes interesadas presenten observaciones sobre la propuesta. <\/p>\n<p class=\"paragraph\">Posteriormente, se concedieron 7 d\u00edas m\u00e1s, hasta el 18 de noviembre de 2025, para que se realicen posibles r\u00e9plicas. De ser ratificada la orden al finalizar estos periodos, el c\u00f3mputo de los 108 d\u00edas h\u00e1biles se iniciar\u00eda de inmediato, determinando la fecha oficial en la que dejar\u00e1 de permitirse operar bajo el esquema mencionado.<\/p>\n","protected":false},"excerpt":{"rendered":"Un avi\u00f3n de JetBlue aterriz\u00f3 de emergencia en Florida, iba de Canc\u00fan a New Jersey, se reportan varias&hellip;\n","protected":false},"author":2,"featured_media":210137,"comment_status":"","ping_status":"","sticky":false,"template":"","format":"standard","meta":{"footnotes":""},"categories":[42],"tags":[17,18,13,14,11,61,62,63,64,4560,19,20,9,3119,10,15,16,12,21,22,65,66,67],"class_list":{"0":"post-210136","1":"post","2":"type-post","3":"status-publish","4":"format-standard","5":"has-post-thumbnail","7":"category-internacional","8":"tag-breaking-news","9":"tag-breakingnews","10":"tag-featured-news","11":"tag-featurednews","12":"tag-headlines","13":"tag-internacional","14":"tag-international","15":"tag-international-news","16":"tag-internationalnews","17":"tag-las-vegas","18":"tag-latest-news","19":"tag-latestnews","20":"tag-news","21":"tag-north-america","22":"tag-noticias","23":"tag-noticias-destacadas","24":"tag-noticiasdestacadas","25":"tag-titulares","26":"tag-ultimas-noticias","27":"tag-ultimasnoticias","28":"tag-world","29":"tag-world-news","30":"tag-worldnews"},"share_on_mastodon":{"url":"https:\/\/pubeurope.com\/@es\/115466762239582112","error":""},"_links":{"self":[{"href":"https:\/\/www.europesays.com\/es\/wp-json\/wp\/v2\/posts\/210136","targetHints":{"allow":["GET"]}}],"collection":[{"href":"https:\/\/www.europesays.com\/es\/wp-json\/wp\/v2\/posts"}],"about":[{"href":"https:\/\/www.europesays.com\/es\/wp-json\/wp\/v2\/types\/post"}],"author":[{"embeddable":true,"href":"https:\/\/www.europesays.com\/es\/wp-json\/wp\/v2\/users\/2"}],"replies":[{"embeddable":true,"href":"https:\/\/www.europesays.com\/es\/wp-json\/wp\/v2\/comments?post=210136"}],"version-history":[{"count":0,"href":"https:\/\/www.europesays.com\/es\/wp-json\/wp\/v2\/posts\/210136\/revisions"}],"wp:featuredmedia":[{"embeddable":true,"href":"https:\/\/www.europesays.com\/es\/wp-json\/wp\/v2\/media\/210137"}],"wp:attachment":[{"href":"https:\/\/www.europesays.com\/es\/wp-json\/wp\/v2\/media?parent=210136"}],"wp:term":[{"taxonomy":"category","embeddable":true,"href":"https:\/\/www.europesays.com\/es\/wp-json\/wp\/v2\/categories?post=210136"},{"taxonomy":"post_tag","embeddable":true,"href":"https:\/\/www.europesays.com\/es\/wp-json\/wp\/v2\/tags?post=210136"}],"curies":[{"name":"wp","href":"https:\/\/api.w.org\/{rel}","templated":true}]}}