{"id":210159,"date":"2025-10-31T04:14:08","date_gmt":"2025-10-31T04:14:08","guid":{"rendered":"https:\/\/www.europesays.com\/es\/210159\/"},"modified":"2025-10-31T04:14:08","modified_gmt":"2025-10-31T04:14:08","slug":"fui-concebido-de-manera-muy-poco-historica-me-atrevo-a-contar","status":"publish","type":"post","link":"https:\/\/www.europesays.com\/es\/210159\/","title":{"rendered":"\u00abFui concebido de manera muy poco hist\u00f3rica, me atrevo a contar\u00bb"},"content":{"rendered":"<p>\t\t\t \t\t \t\t\t\t\t\t\tDavid Trueba en noviembre del 2019, en su visita a Galicia para recoger el premio de novela Casino de Santiago\u00a0por\u00a0\u00abTierra de Campos\u00bb. <strong class=\"pd-l\">PACO RODR\u00cdGUEZ  <\/strong><\/p>\n<p>\t\t\t\t\t\tEs David, pero podr\u00eda haber sido \u00abDios\u00bb, bromea, por esa costumbre de sus padres de ir a la Biblia a elegir el nombre de sus reto\u00f1os. Hijo del a\u00f1o m\u00e1s er\u00f3tico, octavo de ocho hermanos, David Trueba se adapta a s\u00ed mismo en \u00abSiempre es invierno\u00bb y \u00abdirige\u00bb a su familia en \u00abMi 69\u00bb<br \/>\n\t\t\t\t\t\t\t\t\t\t\t\t<strong>31 oct 2025<\/strong> . Actualizado a las 05:00 h.\t\t\t\t\t\t<\/p>\n<p class=\"first-paragraph txt\"><strong>Fue concebido \u00aben tres minutos de placer\u00bb el 1 de enero de 1969<\/strong>, despu\u00e9s del ritual de las doce uvas, cuando las familias numerosas no eran excepci\u00f3n en Espa\u00f1a, se brindaba con sidra El Gaitero (\u00a1famosa en el mundo entero!), los ni\u00f1os se cagaban en clase sin que fuera un dram\u00f3n maternal, Marisol romp\u00eda la taquilla, Hollywood iniciaba un cambio hist\u00f3rico de paradigma y el hombre, entre otras haza\u00f1as menos impactantes, pisaba la Luna.\u00ab<strong> Solo parte de esta historia fue as\u00ed, y con m\u00e1s detalle que as\u00ed la cuenta en <\/strong>el relato<strong> Mi 69 <a class=\"link-txt\" href=\"https:\/\/x.com\/David_Trueba_\" rel=\"nofollow\">David Trueba<\/a><\/strong>\u00bb (a (Madrid, 10 de septiembre de 1969), que estrena el 7 de noviembre <strong>Siempre es invierno<\/strong>, en su estaci\u00f3n favorita, oto\u00f1o. Porque es propio de un Virgo ser tan fiel a su tiempo como al orden en sus papeles y rutinas.<\/p>\n<p class=\"txt\">David no es un debutante en la literatura, el cine y la vida, pero <strong>es la primera vez que se adapta; es decir, la primera que lleva a la pantalla una de sus novelas<\/strong>. <strong>Blitz <\/strong>\u2014una pausa en un banco en el jard\u00edn de la primera crisis vital\u2014 es adem\u00e1s de un libro-rel\u00e1mpago una pel\u00edcula. <strong>En ella David repite con David. David Trueba dirige a David Verdaguer<\/strong> en Siempre es invierno y ese arquitecto de paisajes que protagoniza la historia gana, en pantalla, color, humor, ternura, carnalidad.<\/p>\n<p>\t\t\t \t\t \t\t\t\t\t\t\t <strong class=\"pd-l\">Carlos Luj\u00e1n | EUROPAPRESS  <\/strong><\/p>\n<p class=\"txt\"><strong>\u2014Primera vez en llevarse a s\u00ed mismo de la novela al cine. \u00bfPor qu\u00e9 ha esperado? <\/strong><\/p>\n<p class=\"txt\">\u2014En la primera \u00e9poca de las novelas, en el mundo de la literatura era un poco complicado que te aceptaran viniendo del cine. Intent\u00e9 que no se mezclaran los dos mundos. Pero con Blitz tuve siempre la intuici\u00f3n de que terminar\u00eda siendo una pel\u00edcula. Hace siete a\u00f1os estuve a punto&#8230;<\/p>\n<p class=\"txt\"><strong>\u2014Hab\u00eda que esperar a que llegase David Verdaguer, igual no andaba por ah\u00ed. <\/strong><\/p>\n<p class=\"txt\">\u2014Igual estaba naciendo a\u00fan&#8230; Cuando \u00e9l y yo hablamos del proyecto tras el rodaje de Saben aquell, le dije: \u00abOye, me est\u00e1n proponiendo hacer algo con Blitz\u00bb. Y me dijo: \u00ab\u00a1Yo la he le\u00eddo!\u00bb. Fue muy f\u00e1cil.<\/p>\n<p class=\"txt\"><strong>\u2014Este es un personaje muy diferente al de Eugenio, otro tipo de hombre, otra \u00e9poca, otra crisis, otro lugar. <\/strong><\/p>\n<p class=\"txt\">\u2014Total. A David le dije que el personaje de Siempre es invierno era m\u00e1s dif\u00edcil, con m\u00e1s matices, lo que servir\u00e1 para mostrar ese abanico que tiene de posibilidades.<\/p>\n<p class=\"txt\"><strong>\u2014\u00bfQu\u00e9 le parece que aporta el actor al protagonista de \u00abBlitz\u00bb? <\/strong><\/p>\n<p class=\"txt\">\u2014Los actores son la raz\u00f3n por la que me convierto en director de cine. Un actor suma lo que lleva dentro. Y no solo es eso. En la pel\u00edcula elevamos un poco la edad del personaje. En la pel\u00edcula est\u00e1 cerca de los 40 y eso lo hace m\u00e1s rico en experiencia.<\/p>\n<p class=\"txt\"><strong>\u00ad\u2014\u00bfPor qu\u00e9 le gusta mirar donde hay crisis? <\/strong><\/p>\n<p class=\"txt\">\u2014Donde todo est\u00e1 bien no tienen nada que hacer los narradores.<\/p>\n<p class=\"txt\"><strong>\u2014La felicidad no escribe buenas historias. <\/strong><\/p>\n<p class=\"txt\">\u2014No. Una relaci\u00f3n sentimental puede estar sosteniendo a una persona en factores en los que no se deber\u00eda estar sosteniendo. Con la ruptura sentimental, al personaje que hace David, Miguel, se le cae, como quien dice, todo el edificio de su vida.<\/p>\n<p class=\"txt\">Esa cierta soledad que provocan las vidas en pareja con el tiempo. Esa ca\u00edda a \u00e9l le deja como un n\u00e1ufrago que flota esperando que llegue una ola y le lleve a alguna orilla.<\/p>\n<p>\t\t\t\t\t\t \t\t\t\t\t\t\t\t\t\t\t\t\t\t\t\t\t\t\t\t\t\t\t\u00a0\t\t\t\t<\/p>\n<p class=\"txt\"><strong>\u00ad<\/strong> Miguel [David] queda bloqueado. Es habitual que cuando hay un shock fuerte la gente tenga un bloqueo emocional. Hay mucha gente que vive bloqueada emocionalmente. Las relaciones se han adaptado al modo de consumo. Unas personas consumen a otras, y eso deja una idea de que por dentro hay algo que est\u00e1 bloqueado. La gente tiene miedo de sus sentimientos, de que les destrocen.<\/p>\n<p class=\"txt\"><strong>\u2014\u00abSin amor, siempre es invierno\u00bb, dice. \u00bfSabemos qu\u00e9 es el amor? <\/strong><\/p>\n<p class=\"txt\">\u2014Quiz\u00e1 sabemos la teor\u00eda, no la pr\u00e1ctica. Es dif\u00edcil. El amor empieza en la disposici\u00f3n personal y sigue en el compromiso. Tiene fases. Y el compromiso es la que m\u00e1s nos cuesta. Estamos habituados a las tiendas de ropa. Te enamora una prenda, la compras y cuando no est\u00e1 de moda la dejas. Las personas pasan por ese aro. En los \u00faltimos a\u00f1os ha habido una cr\u00edtica al amor rom\u00e1ntico, a una visi\u00f3n idealizada, pero el resultado de esa revisi\u00f3n no puede ser la quiebra total, \u00bfno? Vivir sin amor es tan rid\u00edculo como querer que todo sea racional. Las mejores cosas suceden por accidente. Los mejores encuentros no son los que buscas, sino esos que te encuentran a ti.<\/p>\n<p class=\"txt\"><strong>\u2014\u00bfPor qu\u00e9 desconf\u00eda del \u00e9xito? <\/strong><\/p>\n<p class=\"txt\">\u2014Hemos vivido muchos esplendores comerciales de gente que no ha dejado huella. Y hemos vivido la angustia de mucha gente triunfadora. Hay quien se pregunta: \u00ab\u00bfC\u00f3mo es posible que alguien con tanto \u00e9xito se sienta tan desgraciado?\u00bb. Hace a\u00f1os le o\u00ed a Serrat en una comida que el \u00e9xito era como un disco dando vueltas en el plato y que unas veces se acerca a ti y otras se aleja. El problema es que vayas detr\u00e1s del disco, si vas corriendo detr\u00e1s no llega. Debes esperar a que pase por ti, dec\u00eda, sin dejar de hacer eso en lo que t\u00fa crees.<\/p>\n<p class=\"txt\">\n<p>\t\t\t\t\t\t\t\t\t\t\t\t&#13;<br \/>\n\t\t\t\t\t\t\t\t&#13;<br \/>\n&#13;<br \/>\n&#13;<\/p>\n<p>\t\t\t&#13;<br \/>\n\t&#13;<\/p>\n<p>\t\t\t<a href=\"https:\/\/www.lavozdegalicia.es\/noticia\/fugas\/2017\/12\/15\/nunca-enfant-terribletierra-campos\/0003_201712SF15P6991.htm\" data-analytics=\"link-embed\" rel=\"nofollow noopener\" target=\"_blank\">\u00abNunca he sido un enfant terrible\u00bb<\/a><\/p>\n<p class=\"a-min-author\">\n<p>\t\t\t\t\t\t\t\t\t\t\t<a href=\"https:\/\/www.lavozdegalicia.es\/firmas\/ana-abelenda-vazquez\" rel=\"nofollow noopener\" target=\"_blank\"> \tana abelenda<\/a><\/p>\n<p>\t&#13;<br \/>\n\t&#13;<br \/>\n&#13;<\/p>\n<p class=\"txt\"><strong>\u2014\u00bfHa hecho siempre eso en lo que cree? <\/strong><\/p>\n<p class=\"txt\">\u2014Yo creo que s\u00ed. Y ha habido cierto reconocimiento que me ha permitido ir andando el camino profesional haciendo cosas m\u00edas, no que me ven\u00edan de fuera&#8230; Y si alguna ha venido de fuera y he aceptado, ha sido haci\u00e9ndola m\u00eda, sabiendo que si les puedes dar algo bueno a los dem\u00e1s es tu propia visi\u00f3n.<\/p>\n<blockquote><p>\u00abTodo el mundo entiende sin que se lo expliquen que Brad Pitt est\u00e1 mejor a los 60 que a los 25&#8230;\u00bb<\/p><\/blockquote>\n<p class=\"txt\"><strong>\u2014Hace ocho a\u00f1os me dec\u00eda que si tuviera que elegir entre irse con Britney Spears o con Susan Sarandon, se ir\u00eda con Susan. \u00bfMantiene esta hipot\u00e9tica elecci\u00f3n? <\/strong><\/p>\n<p class=\"txt\">\u2014S\u00ed, no estaba mal elegido, la verdad&#8230; Creo que me habr\u00eda gastado menos en psiquiatras&#8230; jajaja. La mujer sigue sometida a la dictadura del criterio sobre lo que es aceptable y bello en una mujer, esa especie de identificaci\u00f3n entre belleza y juventud. Eso del esplendor de la carne como \u00fanica medida de belleza a los hombres no nos salpica. Todo el mundo entiende sin que se lo expliquen que Brad Pitt est\u00e1 mejor a los 60 que a los 25. Eso en las mujeres tendr\u00eda que ser igual. La mujer hermosa sigue siendo hermosa en la madurez pero con los a\u00f1os que tiene. El problema hoy es la negaci\u00f3n de la vejez.<\/p>\n<p class=\"txt\"><strong>\u2014Los bancos (de los jardines urbanos) son importantes, son un detalle, abren la posibilidad de una pausa. \u00bfC\u00f3mo los ve? <\/strong><\/p>\n<p class=\"txt\">\u2014El protagonista de Siempre es invierno ha hecho su tesis sobre los bancos p\u00fablicos. El banco es una deferencia, una cortes\u00eda, y est\u00e1 asociado, como en la canci\u00f3n de <strong>Brassens<\/strong>, a los j\u00f3venes que se besan por primera vez, luego a las personas que se quedan solas, a los mayores que lo necesitan para descansar&#8230; Las ciudades sin bancos p\u00fablicos son hostiles. Los bancos, como las fuentes y los jardines, son detalles que la ciudad ofrece gratuitamente. Me llama la atenci\u00f3n ese momento en los alcaldes de grandes ciudades deciden optar por los bancos individuales para evitar que nadie se tumbe&#8230;<\/p>\n<p class=\"txt\"><strong>\u2014\u00abMi 69\u00bb es su retrato familiar, con hitos como la llegada del hombre a la Luna. \u00bfPor qu\u00e9 hacer memoria? <\/strong><\/p>\n<p class=\"txt\">\u2014En un momento en el que nos venden que la tecnolog\u00eda va a lograr hasta la inmortalidad, la verdad es que, pasado el deslumbramiento del momento, lo que queda es la vida que hemos llevado siempre. Recordar es poner las cosas en orden. Tengo hijos y me gusta que sepan cosas sobre mi origen familiar, del mundo en el que nac\u00ed. Mis hijos bromeaban con \u00abpap\u00e1, tienes Estrecho metido en la cabeza\u00bb. Estrecho es el barrio humilde donde nac\u00ed. Creo que es importante saber qui\u00e9nes estuvieron antes.<\/p>\n<p class=\"txt\"><strong>\u2014\u00bfLas estrecheces pueden ser interesantes para espabilarse en crecer? <\/strong><\/p>\n<p class=\"txt\">\u2014He o\u00eddo muchas veces eso de \u00abcada hijo necesita su propia habitaci\u00f3n\u00bb y pienso: \u00abEst\u00e1s equivocado, los hijos necesitan amor\u00bb. La gente inventa hoy necesidades que no son. Mira la serie Adolescencia, quiz\u00e1 la reflexi\u00f3n de los padres es: \u00abLe hemos dejado solo mucho tiempo en la habitaci\u00f3n sin saber qu\u00e9 hac\u00eda\u00bb.<\/p>\n<p class=\"txt\"><strong>\u2014\u00bfDebemos tomar en sentido literal que fue concebido el primero de enero de 1969, como escribe en \u00abMi 69\u00bb? <\/strong><\/p>\n<p class=\"txt\">\u2014No, pero los ni\u00f1os nacidos a principios de septiembre somos hijos de la Navidad. Yo a mis padres les encontr\u00e9 un libro sobre el m\u00e9todo Ogino. Y le dije a mi madre: \u00ab\u00bfEntonces, yo no fui deseado?\u00bb. Ella le quit\u00f3 hierro, pero mi concepci\u00f3n debi\u00f3 de ser muy poco hist\u00f3rica, me atrevo a contar&#8230;<\/p>\n<p class=\"txt\"><strong>\u2014\u00bfSer el menor de ocho hermanos es una suerte?, \u00bflo ve algo bueno? <\/strong><\/p>\n<p class=\"txt\">\u2014S\u00ed, esa fue mi escuela. El primer colegio al que fui fue la escuela de mi casa. Y este libro lo escribo en reconocimiento a haber tenido la suerte del entorno familiar en el que llegu\u00e9 al mundo. Llegu\u00e9 en las carencias, pero esas carencias estaban suplidas por el cari\u00f1o, el amor y el cuidado.<\/p>\n<p class=\"txt\"><strong>\u2014Es sobrecogedor c\u00f3mo cuenta la despedida de su padre, lo que sinti\u00f3. <\/strong><\/p>\n<p class=\"txt\">\u2014Cuando vi morir a mi padre tuve la misma percepci\u00f3n que cuando nacieron mis hijos. Cuando se va la persona, ves la animalidad de lo que somos. Y dentro de ti queda tambi\u00e9n el recuerdo de lo otro, inmaterial. Pues tambi\u00e9n somos fruto de la imaginaci\u00f3n. Vivir es un regalo org\u00e1nico y un regalo trascendente a la vez.<\/p>\n<p class=\"txt\"><strong>\u2014Se le ve muy Virgo en su determinaci\u00f3n. <\/strong><\/p>\n<p class=\"txt\">\u2014Bueno&#8230; Al leer mi hor\u00f3scopo casi siempre me he sentido identificado. Yo s\u00e9 d\u00f3nde dejo las cosas, y soy cr\u00edtico y autocr\u00edtico. Una vez una amiga me hizo una carta astral y me sorprendieron algunas cosas. Pero no presto demasiada atenci\u00f3n a los accidentes astrol\u00f3gicos.<\/p>\n<p class=\"txt\"><strong>\u2014\u00bfEs cierto, como cuenta, que tiene una sola foto en la que est\u00e1n todos juntos, sus padres y los ocho hermanos? <\/strong><\/p>\n<p class=\"txt\">\u2014Incre\u00edble pero cierto. Es una foto de libro de familia. Mi hermano el mayor me llevaba 18 a\u00f1os. Muri\u00f3 cuando yo ten\u00eda 9 y eso hizo imposible otra reuni\u00f3n&#8230; Pero entonces hacer una foto era un acontecimiento, por lo menos en mi familia.<\/p>\n<p class=\"txt\"><strong>\u2014\u00bfPor qu\u00e9 siente debilidad por el oto\u00f1o? <\/strong><\/p>\n<p class=\"txt\">\u2014La tierra quemada del verano de pronto recibe su primera dosis de agua&#8230; Y ese olor de la tierra cuando caen las primeras lluvias yo lo relaciono con volver a vivir. El final del verano me da cierta euforia.<\/p>\n<p class=\"txt\"><strong>\u2014\u00bfY el oto\u00f1o de la vida? <\/strong><\/p>\n<p class=\"txt\">\u2014Nos cuesta bastante enfrentarnos a \u00e9l. Y meterlo bajo la alfombra es tan tonto como pensar de d\u00eda que no llegar\u00e1 la noche. Si tenemos suerte, llegar\u00e1.<\/p>\n<p>&#13;<br \/>\n\tArchivado en:&#13;<br \/>\n\t\t\t\t\t<a href=\"https:\/\/www.lavozdegalicia.es\/temas\/david-trueba\/\" target=\"_blank\" class=\"mg-l\" rel=\"nofollow noopener\">David Trueba<\/a>&#13;<br \/>\n\t\t\t\t\t<a href=\"https:\/\/www.lavozdegalicia.es\/temas\/novela\/\" target=\"_blank\" class=\"mg-l\" rel=\"nofollow noopener\">Novela<\/a>&#13;<br \/>\n\t&#13;<\/p>\n","protected":false},"excerpt":{"rendered":"David Trueba en noviembre del 2019, en su visita a Galicia para recoger el premio de novela Casino&hellip;\n","protected":false},"author":2,"featured_media":210160,"comment_status":"","ping_status":"","sticky":false,"template":"","format":"standard","meta":{"footnotes":""},"categories":[91],"tags":[56932,146,147,25,24,1645,23],"class_list":{"0":"post-210159","1":"post","2":"type-post","3":"status-publish","4":"format-standard","5":"has-post-thumbnail","7":"category-entretenimiento","8":"tag-david-trueba","9":"tag-entertainment","10":"tag-entretenimiento","11":"tag-es","12":"tag-espana","13":"tag-novela","14":"tag-spain"},"share_on_mastodon":{"url":"https:\/\/pubeurope.com\/@es\/115466840466624790","error":""},"_links":{"self":[{"href":"https:\/\/www.europesays.com\/es\/wp-json\/wp\/v2\/posts\/210159","targetHints":{"allow":["GET"]}}],"collection":[{"href":"https:\/\/www.europesays.com\/es\/wp-json\/wp\/v2\/posts"}],"about":[{"href":"https:\/\/www.europesays.com\/es\/wp-json\/wp\/v2\/types\/post"}],"author":[{"embeddable":true,"href":"https:\/\/www.europesays.com\/es\/wp-json\/wp\/v2\/users\/2"}],"replies":[{"embeddable":true,"href":"https:\/\/www.europesays.com\/es\/wp-json\/wp\/v2\/comments?post=210159"}],"version-history":[{"count":0,"href":"https:\/\/www.europesays.com\/es\/wp-json\/wp\/v2\/posts\/210159\/revisions"}],"wp:featuredmedia":[{"embeddable":true,"href":"https:\/\/www.europesays.com\/es\/wp-json\/wp\/v2\/media\/210160"}],"wp:attachment":[{"href":"https:\/\/www.europesays.com\/es\/wp-json\/wp\/v2\/media?parent=210159"}],"wp:term":[{"taxonomy":"category","embeddable":true,"href":"https:\/\/www.europesays.com\/es\/wp-json\/wp\/v2\/categories?post=210159"},{"taxonomy":"post_tag","embeddable":true,"href":"https:\/\/www.europesays.com\/es\/wp-json\/wp\/v2\/tags?post=210159"}],"curies":[{"name":"wp","href":"https:\/\/api.w.org\/{rel}","templated":true}]}}