{"id":210181,"date":"2025-10-31T04:34:11","date_gmt":"2025-10-31T04:34:11","guid":{"rendered":"https:\/\/www.europesays.com\/es\/210181\/"},"modified":"2025-10-31T04:34:11","modified_gmt":"2025-10-31T04:34:11","slug":"un-punetazo-contra-lo-impuesto-y-sin-parafernalia","status":"publish","type":"post","link":"https:\/\/www.europesays.com\/es\/210181\/","title":{"rendered":"un pu\u00f1etazo contra lo impuesto y sin parafernalia"},"content":{"rendered":"<p class=\"c-paragraph\"><b>\u00abNing\u00fan enemigo fue filmado\u00bb<\/b>, podr\u00eda ser el t\u00edtulo, de la pel\u00edcula o tambi\u00e9n de un ep\u00edlogo, un cuaderno de campo o cosa parecida.<b> Qu\u00e9 fuerza tiene esta epifan\u00eda<\/b> que concluye La sabana y la monta\u00f1a, que no s\u00e9 exactamente si es un documental, <b>un pedazo de tiempo cortado con afilados cuchillos <\/b>o simplemente un aullido que se escucha en pleno campo.<\/p>\n<p class=\"c-paragraph\">S\u00ed s\u00e9 que es <b>el galope de un caballo sobre el asfalto<\/b>, el zumbido de unas avispas que, a su vez, es el zumbido del descontento, del pie de guerra, <b>del pu\u00f1etazo contra lo impuesto<\/b>, contra el hachazo de lo nuevo sin vuelta atr\u00e1s. Muchas pel\u00edculas vienen encarg\u00e1ndose de ello en los \u00faltimos tiempos. Muchas suenan a fabricaci\u00f3n, a representaci\u00f3n. <b>Aqu\u00ed<\/b> <b>no hay parafernalia <\/b>y no se atisba la huella del coach detr\u00e1s de cada uno de los planos.\u00a0<\/p>\n<p class=\"c-paragraph\"><b>La oposici\u00f3n a una mina<\/b> se oye en la letra de una canci\u00f3n, en una guitarra y en un escenario. Tambi\u00e9n en una fiesta country en plena calle y en un cohete en medio del cielo. <b>Es la lucha de la portuguesa regi\u00f3n de Barroso, patrimonio agr\u00edcola mundial<\/b>. \u00abNing\u00fan enemigo fue filmado\u00bb, retumba esta frase en la memoria horas despu\u00e9s de haberla visto. Junto al galope del caballo.<\/p>\n<p>T\u00edtulo &#8216;La sabana y la monta\u00f1a&#8217;<\/p>\n<ul class=\"c-card__movie__data\">\n<li class=\"c-card__movie__data__item\"> Director\n<p class=\"c-card__movie__data__item__txt\">Paulo Carneiro<\/p>\n<\/li>\n<li class=\"c-card__movie__data__item\"> G\u00e9nero\n<p class=\"c-card__movie__data__item__txt\">Drama<\/p>\n<\/li>\n<li class=\"c-card__movie__data__item\"> Pa\u00eds\n<p class=\"c-card__movie__data__item__txt\">Portugal<\/p>\n<\/li>\n<li class=\"c-card__movie__data__item\"> Sinopsis\n<p class=\"c-card__movie__data__item__txt\">La comunidad de Covas do Barroso, en el norte de Portugal, descubre que la empresa brit\u00e1nica Savannah Resources planea construir la mina de litio a cielo abierto m\u00e1s grande de Europa a pocos metros de sus casas. Ante esta amenaza inminente, la comunidad decide organizarse para expulsar a la compa\u00f1\u00eda de sus tierras.<\/p>\n<\/li>\n<li class=\"c-card__movie__data__item\"> Gui\u00f3n\n<p class=\"c-card__movie__data__item__txt\">Paulo Carneiro, Alex Piperno<\/p>\n<\/li>\n<li class=\"c-card__movie__data__item\"> Duraci\u00f3n\n<p class=\"c-card__movie__data__item__txt\">77 min<\/p>\n<\/li>\n<li class=\"c-card__movie__data__item\"> Distribuidora\n<p class=\"c-card__movie__data__item__txt\">ReversoFilms<\/p>\n<\/li>\n<li class=\"c-card__movie__data__item\"> Estreno\n<p class=\"c-card__movie__data__item__txt\">31 de octubre<\/p>\n<\/li>\n<li class=\"c-card__movie__data__item\">\n<p class=\"c-card__movie__data__item__txt\"><b>Reparto:<\/b><br \/>\u200bCarlos Libo, Paula Sanches, Aida Fernandes<\/p>\n<\/li>\n<\/ul>\n<p><img decoding=\"async\" loading=\"lazy\" alt=\"'La sabana y la monta\u00f1a' poster\" width=\"250\" height=\"375\" src=\"https:\/\/www.europesays.com\/es\/wp-content\/uploads\/2025\/10\/69033cf173ce3.jpeg\"\/><\/p>\n","protected":false},"excerpt":{"rendered":"\u00abNing\u00fan enemigo fue filmado\u00bb, podr\u00eda ser el t\u00edtulo, de la pel\u00edcula o tambi\u00e9n de un ep\u00edlogo, un cuaderno&hellip;\n","protected":false},"author":2,"featured_media":210182,"comment_status":"","ping_status":"","sticky":false,"template":"","format":"standard","meta":{"footnotes":""},"categories":[169],"tags":[177,1497,146,147,25,24,176,5329,175,15717,23],"class_list":{"0":"post-210181","1":"post","2":"type-post","3":"status-publish","4":"format-standard","5":"has-post-thumbnail","7":"category-cine","8":"tag-cine","9":"tag-critica","10":"tag-entertainment","11":"tag-entretenimiento","12":"tag-es","13":"tag-espana","14":"tag-film","15":"tag-montana","16":"tag-movies","17":"tag-sabana","18":"tag-spain"},"share_on_mastodon":{"url":"https:\/\/pubeurope.com\/@es\/115466919783584844","error":""},"_links":{"self":[{"href":"https:\/\/www.europesays.com\/es\/wp-json\/wp\/v2\/posts\/210181","targetHints":{"allow":["GET"]}}],"collection":[{"href":"https:\/\/www.europesays.com\/es\/wp-json\/wp\/v2\/posts"}],"about":[{"href":"https:\/\/www.europesays.com\/es\/wp-json\/wp\/v2\/types\/post"}],"author":[{"embeddable":true,"href":"https:\/\/www.europesays.com\/es\/wp-json\/wp\/v2\/users\/2"}],"replies":[{"embeddable":true,"href":"https:\/\/www.europesays.com\/es\/wp-json\/wp\/v2\/comments?post=210181"}],"version-history":[{"count":0,"href":"https:\/\/www.europesays.com\/es\/wp-json\/wp\/v2\/posts\/210181\/revisions"}],"wp:featuredmedia":[{"embeddable":true,"href":"https:\/\/www.europesays.com\/es\/wp-json\/wp\/v2\/media\/210182"}],"wp:attachment":[{"href":"https:\/\/www.europesays.com\/es\/wp-json\/wp\/v2\/media?parent=210181"}],"wp:term":[{"taxonomy":"category","embeddable":true,"href":"https:\/\/www.europesays.com\/es\/wp-json\/wp\/v2\/categories?post=210181"},{"taxonomy":"post_tag","embeddable":true,"href":"https:\/\/www.europesays.com\/es\/wp-json\/wp\/v2\/tags?post=210181"}],"curies":[{"name":"wp","href":"https:\/\/api.w.org\/{rel}","templated":true}]}}