{"id":210186,"date":"2025-10-31T04:39:13","date_gmt":"2025-10-31T04:39:13","guid":{"rendered":"https:\/\/www.europesays.com\/es\/210186\/"},"modified":"2025-10-31T04:39:13","modified_gmt":"2025-10-31T04:39:13","slug":"indra-crea-una-division-de-ciberdefensa-y-ciberseguridad-y-se-abre-a-posibles-adquisiciones-empresas","status":"publish","type":"post","link":"https:\/\/www.europesays.com\/es\/210186\/","title":{"rendered":"Indra crea una divisi\u00f3n de ciberdefensa y ciberseguridad, y se abre a posibles adquisiciones | Empresas"},"content":{"rendered":"<p class=\"\">Nuevo paso de Indra en su crecimiento en el \u00e1mbito de la seguridad y defensa. La <a href=\"https:\/\/cincodias.elpais.com\/companias\/2025-10-30\/indra-dispara-un-58-su-beneficio-hasta-los-291-millones-de-euros.html\" target=\"_self\" rel=\"nofollow noopener\" title=\"https:\/\/cincodias.elpais.com\/companias\/2025-10-30\/indra-dispara-un-58-su-beneficio-hasta-los-291-millones-de-euros.html\">compa\u00f1\u00eda ha creado una nueva unidad de negocio<\/a>, bautizada como IndraMind, que integra los activos de tecnolog\u00eda en ciberdefensa, ciberseguridad y guerra electr\u00f3nica, bajo el paradigma actual de la inteligencia artificial (IA). <\/p>\n<p class=\"\">La nueva divisi\u00f3n nace con una plantilla de 3.000 personas, que proceden de las otras \u00e1reas de la propia Indra que han aportado activos a la compa\u00f1\u00eda, y un volumen de negocio anual de 300 millones de euros, seg\u00fan ha explicado Ignacio Mart\u00ednez, director de IndraMind, en <a href=\"https:\/\/cincodias.elpais.com\/companias\/2025-06-13\/indra-cierra-la-toma-del-control-de-la-compania-de-blindados-tess-defence.html\" target=\"_self\" rel=\"nofollow noopener\" title=\"https:\/\/cincodias.elpais.com\/companias\/2025-06-13\/indra-cierra-la-toma-del-control-de-la-compania-de-blindados-tess-defence.html\">una presentaci\u00f3n con los medios de comunicaci\u00f3n<\/a>.<\/p>\n<p class=\"\">En este proyecto, la compa\u00f1\u00eda contempla tanto el crecimiento org\u00e1nico como el inorg\u00e1nico, con la posible ejecuci\u00f3n de adquisiciones. La firma traccionar\u00e1 tecnolog\u00edas de otras empresas y start-ups, para poder usarlas en otros casos. <a href=\"https:\/\/cincodias.elpais.com\/companias\/2025-10-29\/indra-y-airtificial-acuerdan-colaborar-para-mejorar-la-fabricacion-de-vehiculos-y-drones.html\" target=\"_self\" rel=\"nofollow noopener\" title=\"https:\/\/cincodias.elpais.com\/companias\/2025-10-29\/indra-y-airtificial-acuerdan-colaborar-para-mejorar-la-fabricacion-de-vehiculos-y-drones.html\">Tambi\u00e9n contempla alianzas, como la establecida<\/a> con Multiverse Computing. <\/p>\n<p class=\"\">Esta divisi\u00f3n, que empez\u00f3 a funcionar en junio, se constituye como un negocio vertical de Indra. La mitad del negocio proceder\u00e1 del \u00e1mbito militar y la otra mitad del civil. Entre sus clientes figuran empresas, organizaciones y gobiernos. De hecho, se dirige a todas las industrias porque protege activos f\u00edsicos y electr\u00f3nicos, lo cual compete a empresas y bancos, por ejemplo.<\/p>\n<p class=\"\">La nueva filial ha creado una plataforma tecnol\u00f3gica, bautizada tambi\u00e9n IndraMind, que se va a establecer como un habilitador para construir nuevas soluciones tecnol\u00f3gicas. Seg\u00fan el directivo, esta tecnolog\u00eda se define como un cerebro digital que permite a los sistemas pensar, decidir y anticiparse, adem\u00e1s de imprimir velocidad en las operaciones.<\/p>\n<p class=\"\">IndraMind aporta la visi\u00f3n integral de esa cadena de valor, uniendo las tres capacidades simult\u00e1neamente de superioridad cognitiva, ciberresilencia y automatizaci\u00f3n m\u00e1xima. En la plataforma podr\u00edan participar actores civiles y militares trabajando en una emergencia. Adem\u00e1s, aportar\u00eda la capacidad de integrar drones aut\u00f3nomos; la conexi\u00f3n al sat\u00e9lite; la capacidad de simular escenarios con un gemelo digital de la zona afectada, y comunicaciones seguras.<\/p>\n<p class=\"\">El proyecto <a href=\"https:\/\/cincodias.elpais.com\/companias\/2025-10-29\/indra-ve-los-nuevos-contratos-de-defensa-del-gobierno-como-el-entrenamiento-para-el-gran-partido-que-se-jugara-en-europa.html?outputType=amp\" target=\"_self\" rel=\"nofollow noopener\" title=\"https:\/\/cincodias.elpais.com\/companias\/2025-10-29\/indra-ve-los-nuevos-contratos-de-defensa-del-gobierno-como-el-entrenamiento-para-el-gran-partido-que-se-jugara-en-europa.html?outputType=amp\">responde al reto actual de la guerra h\u00edbrida<\/a>, que incluye desinformaci\u00f3n masiva, corte de cables submarinos de telecomunicaciones o drones que aparecen en aeropuertos. Los retos de esta guerra h\u00edbrida obligan a una respuesta ciberresiliente ante estos riesgos.<\/p>\n<p class=\"\">Seg\u00fan Ignacio Mart\u00ednez, IndraMind es la primera iniciativa tecnol\u00f3gica espa\u00f1ola que desarrolla IA soberana en un entorno ciberresiliente para la protecci\u00f3n integral de ciudadanos, territorios e infraestructuras y activos cr\u00edticos, f\u00edsicos y digitales. El ejecutivo se\u00f1ala que la iniciativa incluye una oferta digital, basada en IA, para gestionar conflictos h\u00edbridos mediante un enfoque hol\u00edstico de seguridad y defensa. Tambi\u00e9n gestiona datos de forma masiva, con el objetivo de facilitar la toma de decisiones en momentos de complejidad en los conflictos o ante las amenazas de ciberseguridad. <\/p>\n<p>Posici\u00f3n del Gobierno<\/p>\n<p class=\"\">\u00d3scar L\u00f3pez, ministro de Transformaci\u00f3n Digital y de la Funci\u00f3n P\u00fablica, ha destacado el proyecto de Indramind y su importancia en el actual escenario de soberan\u00eda tecnol\u00f3gica. En un encuentro con los medios, en la presentaci\u00f3n del plan, el ministro ha defendido la importancia de Indra como l\u00edder espa\u00f1ol en el \u00e1mbito de la defensa. \u201cIndra ayuda a esa soberan\u00eda tecnol\u00f3gica\u201d, ha dicho L\u00f3pez, quien no ha querido hacer comentarios sobre la hipot\u00e9tica participaci\u00f3n del Estado en una posible ampliaci\u00f3n de capital de la compa\u00f1\u00eda. Tampoco ha querido hacer comentarios sobre el proceso de compra de Escribano Mechanical &amp; Engineering (EM&amp;M) por parte de Indra. <\/p>\n<p class=\"\">Adem\u00e1s, L\u00f3pez ha insistido en que la pol\u00edtica del Gobierno se ha dirigido hacia la reducci\u00f3n de la dependencia tecnol\u00f3gica exterior y al fortalecimiento de la soberan\u00eda en este \u00e1mbito. As\u00ed, ha recordado los planes como el Perte Chip o los fondos tecnol\u00f3gicos, que han permitido invertir en poco tiempo m\u00e1s de 1.100 millones de euros en compa\u00f1\u00edas tecnol\u00f3gicas espa\u00f1olas. <\/p>\n","protected":false},"excerpt":{"rendered":"Nuevo paso de Indra en su crecimiento en el \u00e1mbito de la seguridad y defensa. La compa\u00f1\u00eda ha&hellip;\n","protected":false},"author":2,"featured_media":210187,"comment_status":"","ping_status":"","sticky":false,"template":"","format":"standard","meta":{"footnotes":""},"categories":[80],"tags":[82,4593,1616,95,94,2308,25,56938,24,7834,56937,56936,38573,23,21393,120],"class_list":{"0":"post-210186","1":"post","2":"type-post","3":"status-publish","4":"format-standard","5":"has-post-thumbnail","7":"category-economia","8":"tag-business","9":"tag-compras","10":"tag-defensa","11":"tag-economia","12":"tag-economy","13":"tag-empresas","14":"tag-es","15":"tag-escribano-mechanical-engineering","16":"tag-espana","17":"tag-indra","18":"tag-jose-vicente-de-los-mozos","19":"tag-seguridad-antiterrorista","20":"tag-seguridad-internet","21":"tag-spain","22":"tag-start-up","23":"tag-tecnologia"},"share_on_mastodon":{"url":"https:\/\/pubeurope.com\/@es\/115466938885892461","error":""},"_links":{"self":[{"href":"https:\/\/www.europesays.com\/es\/wp-json\/wp\/v2\/posts\/210186","targetHints":{"allow":["GET"]}}],"collection":[{"href":"https:\/\/www.europesays.com\/es\/wp-json\/wp\/v2\/posts"}],"about":[{"href":"https:\/\/www.europesays.com\/es\/wp-json\/wp\/v2\/types\/post"}],"author":[{"embeddable":true,"href":"https:\/\/www.europesays.com\/es\/wp-json\/wp\/v2\/users\/2"}],"replies":[{"embeddable":true,"href":"https:\/\/www.europesays.com\/es\/wp-json\/wp\/v2\/comments?post=210186"}],"version-history":[{"count":0,"href":"https:\/\/www.europesays.com\/es\/wp-json\/wp\/v2\/posts\/210186\/revisions"}],"wp:featuredmedia":[{"embeddable":true,"href":"https:\/\/www.europesays.com\/es\/wp-json\/wp\/v2\/media\/210187"}],"wp:attachment":[{"href":"https:\/\/www.europesays.com\/es\/wp-json\/wp\/v2\/media?parent=210186"}],"wp:term":[{"taxonomy":"category","embeddable":true,"href":"https:\/\/www.europesays.com\/es\/wp-json\/wp\/v2\/categories?post=210186"},{"taxonomy":"post_tag","embeddable":true,"href":"https:\/\/www.europesays.com\/es\/wp-json\/wp\/v2\/tags?post=210186"}],"curies":[{"name":"wp","href":"https:\/\/api.w.org\/{rel}","templated":true}]}}