{"id":210188,"date":"2025-10-31T04:40:07","date_gmt":"2025-10-31T04:40:07","guid":{"rendered":"https:\/\/www.europesays.com\/es\/210188\/"},"modified":"2025-10-31T04:40:07","modified_gmt":"2025-10-31T04:40:07","slug":"trump-y-melania-se-convierten-en-anfitriones-del-halloween-y-entregan-dulces-a-decenas-de-ninos-disfrazados-en-la-casa-blanca","status":"publish","type":"post","link":"https:\/\/www.europesays.com\/es\/210188\/","title":{"rendered":"Trump y Melania se convierten en anfitriones del Halloween y entregan dulces a decenas de ni\u00f1os disfrazados en la Casa Blanca"},"content":{"rendered":"<p class=\"c-paragraph\">El presidente de Estados Unidos, <a href=\"https:\/\/www.20minutos.es\/tags\/personas\/donald-trump.html\" title=\"Donald Trump\" rel=\"nofollow noopener\" target=\"_blank\">Donald Trump<\/a>, junto a la primera dama, Melania Trump, han entregado este jueves <b>decenas de dulces a ni\u00f1os disfrazados en la Casa Blanca<\/b>, como parte de las tradiciones previas a la noche de Halloween.<\/p>\n<p class=\"c-paragraph\">Trump, pocas horas luego de su gira por Asia, particip\u00f3 en un evento en la residencia presidencial entregando dulces a decenas de ni\u00f1os disfrazados por m\u00e1s de una hora, frente a una de las entradas de la Casa Blanca que fue decorada para la ocasi\u00f3n.<\/p>\n<p class=\"c-paragraph\">\u00abEs una fila larga, casi tan grande como el sal\u00f3n de baile\u00bb, grit\u00f3 Trump a la prensa mientras repart\u00eda dulces.<\/p>\n<p class=\"c-paragraph\">Entre los disfraces<b> destac\u00f3 un ni\u00f1o disfrazado de un T-Rex<\/b>, as\u00ed como varios con trajes de soldados, calabazas, papas fritas de McDonald&#8217;s, entre otros.<\/p>\n<p class=\"c-paragraph\">Incluso un ni\u00f1o que parec\u00eda ir disfrazado de Trump choc\u00f3 los pu\u00f1os con el presidente durante la actividad.<\/p>\n<p class=\"c-paragraph\">Desde hace m\u00e1s de tres d\u00e9cadas, la Casa Blanca invita a ni\u00f1os a recorrer distintas \u00e1reas de la residencia y son recibidos por la primera dama, quien orquesta una entrega de dulces cada a\u00f1o.<\/p>\n","protected":false},"excerpt":{"rendered":"El presidente de Estados Unidos, Donald Trump, junto a la primera dama, Melania Trump, han entregado este jueves&hellip;\n","protected":false},"author":2,"featured_media":210189,"comment_status":"","ping_status":"","sticky":false,"template":"","format":"standard","meta":{"footnotes":""},"categories":[42],"tags":[517,17,18,13,14,11,61,62,63,64,19,20,9,10,15,16,12,21,22,65,66,67],"class_list":{"0":"post-210188","1":"post","2":"type-post","3":"status-publish","4":"format-standard","5":"has-post-thumbnail","7":"category-internacional","8":"tag-actualidad","9":"tag-breaking-news","10":"tag-breakingnews","11":"tag-featured-news","12":"tag-featurednews","13":"tag-headlines","14":"tag-internacional","15":"tag-international","16":"tag-international-news","17":"tag-internationalnews","18":"tag-latest-news","19":"tag-latestnews","20":"tag-news","21":"tag-noticias","22":"tag-noticias-destacadas","23":"tag-noticiasdestacadas","24":"tag-titulares","25":"tag-ultimas-noticias","26":"tag-ultimasnoticias","27":"tag-world","28":"tag-world-news","29":"tag-worldnews"},"share_on_mastodon":{"url":"https:\/\/pubeurope.com\/@es\/115466942789215187","error":""},"_links":{"self":[{"href":"https:\/\/www.europesays.com\/es\/wp-json\/wp\/v2\/posts\/210188","targetHints":{"allow":["GET"]}}],"collection":[{"href":"https:\/\/www.europesays.com\/es\/wp-json\/wp\/v2\/posts"}],"about":[{"href":"https:\/\/www.europesays.com\/es\/wp-json\/wp\/v2\/types\/post"}],"author":[{"embeddable":true,"href":"https:\/\/www.europesays.com\/es\/wp-json\/wp\/v2\/users\/2"}],"replies":[{"embeddable":true,"href":"https:\/\/www.europesays.com\/es\/wp-json\/wp\/v2\/comments?post=210188"}],"version-history":[{"count":0,"href":"https:\/\/www.europesays.com\/es\/wp-json\/wp\/v2\/posts\/210188\/revisions"}],"wp:featuredmedia":[{"embeddable":true,"href":"https:\/\/www.europesays.com\/es\/wp-json\/wp\/v2\/media\/210189"}],"wp:attachment":[{"href":"https:\/\/www.europesays.com\/es\/wp-json\/wp\/v2\/media?parent=210188"}],"wp:term":[{"taxonomy":"category","embeddable":true,"href":"https:\/\/www.europesays.com\/es\/wp-json\/wp\/v2\/categories?post=210188"},{"taxonomy":"post_tag","embeddable":true,"href":"https:\/\/www.europesays.com\/es\/wp-json\/wp\/v2\/tags?post=210188"}],"curies":[{"name":"wp","href":"https:\/\/api.w.org\/{rel}","templated":true}]}}