{"id":210193,"date":"2025-10-31T04:47:14","date_gmt":"2025-10-31T04:47:14","guid":{"rendered":"https:\/\/www.europesays.com\/es\/210193\/"},"modified":"2025-10-31T04:47:14","modified_gmt":"2025-10-31T04:47:14","slug":"bucsa-llega-a-los-cuartos-de-final-de-hong-kong","status":"publish","type":"post","link":"https:\/\/www.europesays.com\/es\/210193\/","title":{"rendered":"Bucsa llega a los cuartos de final de Hong Kong"},"content":{"rendered":"<p>Cristina Bucsa acaba de alcanzar su mejor resultado individual del a\u00f1o al clasificarse para los cuartos de final del Abierto de Hong Kong (WTA 250).  &#8230; Ha derrotado en el Victoria Park Tennis Stadium a la colombiana Emiliana Arango, octava cabeza de serie, por 6-2 y 6-4 y disputar\u00e1 este viernes los cuartos de final ante una rival todavia por definir que saldr\u00e1 del duelo entre la china Yafan Wang o Belinda Bencic, cabeza de serie del torneo.<\/p>\n<p>Open de Hong Kong (WTA 250)<\/p>\n<p class=\"v-p\">En la primera ronda la torrelaveguense ape\u00f3 del cuadro individual a la china YeXin Ma (6-1, 6-2), y ahora, salvo sorpresa may\u00fascula (Wang es la 298 de la WTA), tendr\u00e1 un dur\u00edsimo escollo en su carrera por las semifinales en la suiza, n\u00famero 11 del mundo (Bucsa ocupa ahora el puesto 68). Sin embargo, con sus dos victorias anteriores en un torneo en el que en esta ocasi\u00f3n solo participa en el cuadro individual, ya se se ha asegurado nuevos puntos en la clasificaci\u00f3n mundial).<\/p>\n<p class=\"v-p\">En un partido impreciso pero de gran superioridad de la c\u00e1ntabra, el primer set fue un festival de rupturas. Dos veces le quit\u00f3 el servicio la colombiana a la c\u00e1ntabra y las dos veces respondi\u00f3 Bucsa haciendo lo propio, para sumar despu\u00e9s otros dos breaks que cerraron la manga con un claro 6-2.<\/p>\n<p class=\"v-p\">Arango trat\u00f3 de reaccionar en la segunda y se coloc\u00f3 con 0-2 a favor, pero de nuevo la c\u00e1ntabra le rompi\u00f3 dos veces el saque para certificar su victoria por 6-4 y conseguir el que es su mejor resultado del a\u00f1o. Unos cuartos de final, eso s\u00ed, que le dar\u00e1n menos puntos al tratarse de un 250.<\/p>\n","protected":false},"excerpt":{"rendered":"Cristina Bucsa acaba de alcanzar su mejor resultado individual del a\u00f1o al clasificarse para los cuartos de final&hellip;\n","protected":false},"author":2,"featured_media":210194,"comment_status":"","ping_status":"","sticky":false,"template":"","format":"standard","meta":{"footnotes":""},"categories":[274],"tags":[25738,11059,168,25,24,1058,25440,7123,5012,23,167,327,326],"class_list":{"0":"post-210193","1":"post","2":"type-post","3":"status-publish","4":"format-standard","5":"has-post-thumbnail","7":"category-tenis","8":"tag-bucsa","9":"tag-cuartos","10":"tag-deportes","11":"tag-es","12":"tag-espana","13":"tag-final","14":"tag-hong","15":"tag-kong","16":"tag-llega","17":"tag-spain","18":"tag-sports","19":"tag-tenis","20":"tag-tennis"},"share_on_mastodon":{"url":"https:\/\/pubeurope.com\/@es\/115466970250138916","error":""},"_links":{"self":[{"href":"https:\/\/www.europesays.com\/es\/wp-json\/wp\/v2\/posts\/210193","targetHints":{"allow":["GET"]}}],"collection":[{"href":"https:\/\/www.europesays.com\/es\/wp-json\/wp\/v2\/posts"}],"about":[{"href":"https:\/\/www.europesays.com\/es\/wp-json\/wp\/v2\/types\/post"}],"author":[{"embeddable":true,"href":"https:\/\/www.europesays.com\/es\/wp-json\/wp\/v2\/users\/2"}],"replies":[{"embeddable":true,"href":"https:\/\/www.europesays.com\/es\/wp-json\/wp\/v2\/comments?post=210193"}],"version-history":[{"count":0,"href":"https:\/\/www.europesays.com\/es\/wp-json\/wp\/v2\/posts\/210193\/revisions"}],"wp:featuredmedia":[{"embeddable":true,"href":"https:\/\/www.europesays.com\/es\/wp-json\/wp\/v2\/media\/210194"}],"wp:attachment":[{"href":"https:\/\/www.europesays.com\/es\/wp-json\/wp\/v2\/media?parent=210193"}],"wp:term":[{"taxonomy":"category","embeddable":true,"href":"https:\/\/www.europesays.com\/es\/wp-json\/wp\/v2\/categories?post=210193"},{"taxonomy":"post_tag","embeddable":true,"href":"https:\/\/www.europesays.com\/es\/wp-json\/wp\/v2\/tags?post=210193"}],"curies":[{"name":"wp","href":"https:\/\/api.w.org\/{rel}","templated":true}]}}