{"id":210222,"date":"2025-10-31T05:14:13","date_gmt":"2025-10-31T05:14:13","guid":{"rendered":"https:\/\/www.europesays.com\/es\/210222\/"},"modified":"2025-10-31T05:14:13","modified_gmt":"2025-10-31T05:14:13","slug":"me-repatea-muchisimo-ver-en-el-sporting-o-en-la-ud-las-palmas-un-jugador-que-no-suma-nada-y-que-no-es-mejor-que-el-de-la-casa","status":"publish","type":"post","link":"https:\/\/www.europesays.com\/es\/210222\/","title":{"rendered":"\u00abMe repatea much\u00edsimo ver en el Sporting o en la UD Las Palmas un jugador que no suma nada y que no es mejor que el de la casa\u00bb"},"content":{"rendered":"<p>\u00bfC\u00f3mo vive una ciudad como <a class=\"ft-link ft-link--decoration\" href=\"https:\/\/www.laprovincia.es\/ud-las-palmas\/2025\/10\/29\/derbi-luis-garcia-entrenador-ud-123156801.html\" rel=\"nofollow noopener\" target=\"_blank\">Gij\u00f3n<\/a>, y un gijon\u00e9s como usted, llevar nueve campa\u00f1as lejos de la \u00e9lite? \u00bfHay ansiedad por el ascenso?<\/p>\n<p class=\"ft-text ft-helper-align-justify\">Pues s\u00ed. Ciudades como Zaragoza, Gij\u00f3n u Oviedo, que lo consigui\u00f3 el a\u00f1o pasado, son ciudades con equipos hist\u00f3ricamente muy importantes y con grandes masas sociales detr\u00e1s. El domingo ver\u00e1 un Molin\u00f3n con 25.000 personas y con muchas ganas de f\u00fatbol. En estos nueve a\u00f1os se han disputado tres Playoffs de ascenso y no se han conseguido, pero, a pesar de eso, la gente ha mantenido la ilusi\u00f3n. Gij\u00f3n es una ciudad muy futbolera y no va a perder jam\u00e1s ese est\u00edmulo. Yo veo muchas similitudes entre el Sporting y la <a class=\"ft-link ft-link--decoration\" href=\"https:\/\/www.laprovincia.es\/ud-las-palmas\/2025\/10\/30\/lorenzo-amatucci-papel-favorito-ud-123182018.html\" rel=\"nofollow noopener\" target=\"_blank\">UD Las Palmas<\/a>, porque son dos clubs hist\u00f3ricos a los que, quiz\u00e1s, ahora les est\u00e1 costando. Es cierto que la UD asciende y baja, mientras que al Sporting le est\u00e1 costando m\u00e1s. Aun as\u00ed, da igual la categor\u00eda en la que est\u00e9n, porque la gente sigue siendo su soporte.<\/p>\n<p>El Molin\u00f3n es un estadio de Primera\u2026<\/p>\n<p class=\"ft-text ft-helper-align-justify\">Es un estadio precioso. El Molin\u00f3n es el estadio m\u00e1s antiguo de Espa\u00f1a, con un toque ingl\u00e9s y que no es excesivamente alto. Sin duda, es una olla a presi\u00f3n y lo han dejado muy bonito. Es un recinto que respira f\u00fatbol; me recuerda a lo que era el Insular. Ver f\u00fatbol aqu\u00ed es incre\u00edble.<\/p>\n<p>\u00bfC\u00f3mo ha visto este inicio de temporada sportinguista?<\/p>\n<p class=\"ft-text ft-helper-align-justify\">Comenz\u00f3 bien, con Asier Garitano logrando tres victorias consecutivas. No obstante, el equipo empez\u00f3 a perder un poquito de fuelle con algunas derrotas, como la del Burgos, con un gol de ellos en el 90, o la del Albacete, donde iban ganando 3-0 y acabaron perdiendo 3-4. Eso hizo da\u00f1o al equipo y toc\u00f3 fondo, concediendo despu\u00e9s otra derrota en Castell\u00f3n que le cost\u00f3 el puesto a Asier. La llegada de Borja Jim\u00e9nez le ha dado aire fresco a la plantilla, sobre todo en cuanto a resultados, lo que les ha situado de nuevo en la parte alta de la tabla. Creo que el Sporting tiene un once muy potente para Segunda Divisi\u00f3n; puede que no tenga profundidad de banquillo, aunque de medio campo hacia delante posee una alineaci\u00f3n titular que es de las m\u00e1s importantes de la categor\u00eda.<\/p>\n<blockquote class=\"ft-mol-quote\" data-aida-quote=\"\"><p>La llegada de Borja ha tra\u00eddo una ligereza mental que ha dado m\u00e1s confianza a la plantilla y les ha hecho creer que son mejores de lo que eran hace algunas jornadas<\/p><\/blockquote>\n<p>\u00bfHa habido muchos cambios a nivel futbol\u00edstico entre Asier Garitano y Borja? Desde la llegada de Borja, cuatro victorias consecutivas.<\/p>\n<p class=\"ft-text ft-helper-align-justify\">La gran diferencia es que Borja le ha dado m\u00e1s confianza a los jugadores a la hora de tener la pelota y de defender un poco m\u00e1s arriba. Usted ve ahora la forma de presionar tras p\u00e9rdida y observa un planteamiento m\u00e1s agresivo. En partidos como el de Valladolid, por ejemplo, el Sporting fue capaz de tener la pelota y lanzar varios contraataques muy buenos. Las cinco derrotas seguidas que sufri\u00f3 Asier son muchas, much\u00edsimas, y ah\u00ed lleg\u00f3 la inseguridad; los rivales, con muy poco, les hac\u00edan da\u00f1o. Ahora han recuperado esa fuerza e ilusi\u00f3n. Creo que el estado an\u00edmico es lo que les ha hecho crecer a nivel futbol\u00edstico; por lo dem\u00e1s, no hay una diferencia brutal entre una etapa y la otra.<\/p>\n<p>Desde el punto de vista de un entrenador como usted, que adem\u00e1s sigue al Sporting d\u00eda a d\u00eda, \u00bfera tan necesario el cambio?<\/p>\n<p class=\"ft-text ft-helper-align-justify\">Yo valoro mucho el trabajo que hizo Asier Garitano. Adem\u00e1s, tengo una buena relaci\u00f3n con \u00e9l porque lo conoc\u00ed en mi etapa en el Mensajero, mientras \u00e9l entrenaba al Tenerife. Intento ser lo m\u00e1s ecu\u00e1nime posible y ser un buen profesional. Asier me parece un excelente t\u00e9cnico, pero el equipo entr\u00f3 en barrena. Tuvo derrotas duras y empez\u00f3 a dudar de s\u00ed mismo. L\u00f3gicamente, la propiedad decidi\u00f3 cambiar y hay que respetarlo. Asier es alguien inteligente y sabe que cinco derrotas consecutivas son demasiadas, independientemente de que, si valoras cada partido, a lo mejor encuentras otro an\u00e1lisis. La llegada de Borja ha tra\u00eddo una ligereza mental que, como le comentaba, ha dado m\u00e1s confianza a la plantilla y les ha hecho creer que son mejores de lo que eran hace algunas jornadas.<\/p>\n<p>\u00bfSe tiene menos paciencia ahora en el f\u00fatbol con los proyectos?<\/p>\n<p class=\"ft-text ft-helper-align-justify\">Aqu\u00ed al lado, en Oviedo, hemos visto c\u00f3mo echaban a un entrenador sin estar en puestos de descenso. Todo ello despu\u00e9s de estar 24 a\u00f1os sin pisar Primera. Creo que se le ha perdido un poco el respeto a la figura del entrenador. Los clubes no son de los socios, que no toman ninguna decisi\u00f3n; las decisiones las toman la propiedad y los resultados. Si a la propiedad le apetece cambiar o cree que debe hacer un cambio, sin atenerse a criterios deportivos, pues lo hace. Veo que se pierde la paciencia muy f\u00e1cilmente y un entrenador, en ocho o nueve jornadas, no tiene margen de maniobra. Dos o tres malos resultados no pueden ser motivo para una destituci\u00f3n. Adem\u00e1s, la Segunda Divisi\u00f3n es una categor\u00eda tremendamente igualada, en la que cualquiera puede ganar y cualquiera te puede ganar. Si el Sporting gana el domingo sumar\u00e1 cuatro triunfos seguidos en liga y se puede colocar segundo\u2026 Hace un mes echaron al t\u00e9cnico estando a un punto del descenso. As\u00ed es la Segunda Divisi\u00f3n.<\/p>\n<blockquote class=\"ft-mol-quote\" data-aida-quote=\"\"><p>Las Palmas es un equipo que encaja poco, s\u00f3lido y al que le gusta desarrollar un buen f\u00fatbol. Si no llega a ser por los partidos del Andorra y el M\u00e1laga igual estar\u00edan un poco m\u00e1s despegados<\/p><\/blockquote>\n<p>\u00bfY qu\u00e9 opina del trabajo de Luis Garc\u00eda al frente de la UD Las Palmas?<\/p>\n<p class=\"ft-text ft-helper-align-justify\">Tengo buena relaci\u00f3n con \u00e9l. Hace dos a\u00f1os nos enfrentamos con el Mensajero al Espanyol en Copa y \u00e9l era el entrenador perico. Tambi\u00e9n, los dos jugamos en La Bra\u00f1a, que es un club muy m\u00edtico de aqu\u00ed, de Gij\u00f3n, en el que estuvo, por ejemplo, Luis Enrique. No lo he visto trabajar, pero tengo una buena imagen de \u00e9l; me parece un tipo muy met\u00f3dico, tranquilo y cuyos equipos tienen claro a lo que quieren jugar. Busca que sus equipos sean protagonistas, que se defiendan bien con la pelota, con altura&#8230; Creo que puede hacer un excelente trabajo. Las referencias que tengo son muy positivas.<\/p>\n<p>\u00bfQu\u00e9 le parece el equipo que ha construido el club amarillo?<\/p>\n<p class=\"ft-text ft-helper-align-justify\">Las Palmas tiene un gran equipo. T\u00e9cnicamente, cuenta con un sinf\u00edn de jugadores con muy buen pie y nivel. Disponen de uno de los presupuestos y l\u00edmites salariales m\u00e1s altos de toda la categor\u00eda, por lo que tienen nivel de sobra para pelear por una de las plazas de ascenso directo. A m\u00ed me gusta esta UD, aunque los equipos que m\u00e1s me han gustado hasta ahora son el Deportivo y el Racing. Al principio de temporada, creo que a Las Palmas le falt\u00f3 un poco m\u00e1s de regularidad; mereci\u00f3 m\u00e1s tanto el d\u00eda del Andorra como el del M\u00e1laga, y solo pudo sumar un punto de seis en esos dos partidos. Aun as\u00ed, es un equipo que encaja poco, s\u00f3lido y al que le gusta desarrollar un buen f\u00fatbol. Si no llega a ser por esos partidos que le mencionaba, igual estar\u00edan un poco m\u00e1s despegados del tercer clasificado y se habr\u00edan distanciado algo m\u00e1s en la tabla.<\/p>\n<p>Se habla mucho del estilo, de lo importante que es para la UD, pero en una Segunda donde predominan los bloques bajos, \u00bfcu\u00e1nta importancia le da a esa idiosincrasia?<\/p>\n<p class=\"ft-text ft-helper-align-justify\">El estilo va con los jugadores, lo dem\u00e1s es tonter\u00eda. Al aficionado canario le gustan los jugadores de buen pie; le gustan los <a class=\"ft-link ft-link--decoration\" href=\"https:\/\/www.laprovincia.es\/tags\/jonathan-viera\/\" rel=\"nofollow noopener\" target=\"_blank\">Jonathan Viera<\/a>, los Valer\u00f3n, los Orlanditos&#8230; No obstante, todo depende de los futbolistas que tengas. Si no tienes esos jugadores, tendr\u00e1s que buscar otra cosa. Hay equipos que no necesitan la pelota para hacerte da\u00f1o y otros que s\u00ed. Los entrenadores somos extractores de rendimiento y hay que adaptarse a lo que hay. Eso s\u00ed, hay que respetar un poquito; no vas a ir al <a class=\"ft-link ft-link--decoration\" href=\"https:\/\/www.laprovincia.es\/tags\/estadio-de-gran-canaria\/\" rel=\"nofollow noopener\" target=\"_blank\">Estadio de Gran Canaria<\/a> y ponerte a pegar pelotazos, porque no es lo que la grada anhela ver. A pesar de todo, la gente debe entender que en esta Segunda Divisi\u00f3n hay que defender bien, hay que ser s\u00f3lidos y estar bien armaditos. En esta categor\u00eda, si no defiendes bien, cualquiera te pinta la cara. Las Palmas tiene jugadores de buen pie, por lo que va a jugar un buen f\u00fatbol, va a transitar y la gente se va a divertir. Lo importante es tener equilibrio entre jugar bien y ser serios, constantes y no regalar nada al rival, sabiendo sufrir cuando toque.<\/p>\n<blockquote class=\"ft-mol-quote\" data-aida-quote=\"\"><p>Hablar de la calidad de Viera y Jes\u00e9&#8230; El que dude del talento con la pelota de Viera es un iluminado<\/p><\/blockquote>\n<p>Tambi\u00e9n se han comentado mucho los roles que tienen Viera y <a class=\"ft-link ft-link--decoration\" href=\"https:\/\/www.laprovincia.es\/tags\/jese\/\" rel=\"nofollow noopener\" target=\"_blank\">Jes\u00e9<\/a>. \u00bfQu\u00e9 le parecieron sus regresos y qu\u00e9 cree que pueden aportar tanto a un equipo como a un vestuario este tipo de figuras tan relevantes?<\/p>\n<p class=\"ft-text ft-helper-align-justify\">Hablar de la calidad de Viera y Jes\u00e9&#8230; El que dude del talento con la pelota de Viera es un iluminado. En Oviedo tenemos el ejemplo de Santi Cazorla, que con 42 a\u00f1os da lecciones cuando sale y siempre ha sido importante en el vestuario. All\u00ed se ha hablado de la importancia de Santi en el ascenso del Oviedo, porque, por ejemplo, sabe poner en su sitio a los j\u00f3venes. Ese es el papel de este tipo de jugadores: cuando les toque jugar, deben responder, sabiendo que un d\u00eda les tocar\u00e1 estar 60 minutos en el campo, otro 20 o directamente descansar. Lo m\u00e1s importante es explicarles a los chicos j\u00f3venes lo que significa la UD Las Palmas. Y cuando est\u00e9n en el verde, dar ese pase que nadie ve o meter ese gol que nadie mete. Jes\u00e9 es un jugador que, en esta Segunda Divisi\u00f3n, puede ayudar, pero tiene que saber cu\u00e1l es su rol y su importancia como veterano. Tambi\u00e9n debe entender que los chicos j\u00f3venes van empujando y cada vez cuesta m\u00e1s tener minutos, pero cuando le toque jugar debe demostrar el tipo de futbolista que es. Yo recuerdo al primer Jes\u00e9, al del Castilla, y era un bicharraco, muy parecido a Cristiano Ronaldo.<\/p>\n<p>Cuando usted estuvo en Las Palmas, la confianza por la gente de la cantera estaba ah\u00ed: Rub\u00e9n Castro, Pedro Vega, Carmelo, \u00c1ngel L\u00f3pez\u2026 \u00bfCree que la apuesta de hoy en d\u00eda es igual de decidida o depende de otros factores?<\/p>\n<p class=\"ft-text ft-helper-align-justify\">El a\u00f1o que yo entren\u00e9 a Las Palmas no ten\u00edamos un chavo y el equipo acababa de descender de <a class=\"ft-link ft-link--decoration\" href=\"https:\/\/www.laprovincia.es\/tags\/futbol\/\" rel=\"nofollow noopener\" target=\"_blank\">Primera Divisi\u00f3n<\/a>. Hubo partidos en los que llegaron a jugar nueve o diez canteranos. Las circunstancias te exig\u00edan eso, pero muchos de aquellos jugadores luego hicieron grandes carreras. Yo creo que, con el tema de la cantera, tienes que cerrar los ojos y no pensar en la edad de los jugadores. Hay que probar a los j\u00f3venes y ponerlos. Si hay que hacer fichajes, tienen que ser mejores que los que ya tienes aqu\u00ed. La UD y el Sporting siempre han funcionado muy bien con la gente de la casa. No se debe perder nunca esa apuesta por la cantera. A m\u00ed me repatea much\u00edsimo ver en el Sporting o en la UD un jugador que no suma nada y que no es mejor que el de la casa. En <a class=\"ft-link ft-link--decoration\" href=\"https:\/\/www.laprovincia.es\/tags\/las-canteras\/\" rel=\"nofollow noopener\" target=\"_blank\">las canteras<\/a> se gasta mucho dinero y tiene que haber buenos futbolistas. Tiene que haber centrales, laterales, mediocentros\u2026 Y luego, l\u00f3gicamente, de fuera, tienes que intentar firmar a los que marquen la diferencia. El Sporting y Las Palmas no deben perder nunca la esencia de apostar por su gente, y menos cuando los dos clubes est\u00e1n en Segunda Divisi\u00f3n.<\/p>\n<p data-close=\"closedContent\" class=\"subscribeHideForDisplay\">Suscr\u00edbete para seguir leyendo<\/p>\n","protected":false},"excerpt":{"rendered":"\u00bfC\u00f3mo vive una ciudad como Gij\u00f3n, y un gijon\u00e9s como usted, llevar nueve campa\u00f1as lejos de la \u00e9lite?&hellip;\n","protected":false},"author":2,"featured_media":210223,"comment_status":"","ping_status":"","sticky":false,"template":"","format":"standard","meta":{"footnotes":""},"categories":[268],"tags":[168,2226,25,24,8196,280,282,56944,4174,11013,7640,281,23,4783,167,4407,4406,16507],"class_list":{"0":"post-210222","1":"post","2":"type-post","3":"status-publish","4":"format-standard","5":"has-post-thumbnail","7":"category-futbol","8":"tag-deportes","9":"tag-entrenador","10":"tag-es","11":"tag-espana","12":"tag-ex","13":"tag-football","14":"tag-futbol","15":"tag-josu","16":"tag-laliga-hypermotion","17":"tag-luis-garcia","18":"tag-segunda-division","19":"tag-soccer","20":"tag-spain","21":"tag-sporting-de-gijon","22":"tag-sports","23":"tag-ud","24":"tag-ud-las-palmas","25":"tag-uribe"},"share_on_mastodon":{"url":"https:\/\/pubeurope.com\/@es\/115467077356026506","error":""},"_links":{"self":[{"href":"https:\/\/www.europesays.com\/es\/wp-json\/wp\/v2\/posts\/210222","targetHints":{"allow":["GET"]}}],"collection":[{"href":"https:\/\/www.europesays.com\/es\/wp-json\/wp\/v2\/posts"}],"about":[{"href":"https:\/\/www.europesays.com\/es\/wp-json\/wp\/v2\/types\/post"}],"author":[{"embeddable":true,"href":"https:\/\/www.europesays.com\/es\/wp-json\/wp\/v2\/users\/2"}],"replies":[{"embeddable":true,"href":"https:\/\/www.europesays.com\/es\/wp-json\/wp\/v2\/comments?post=210222"}],"version-history":[{"count":0,"href":"https:\/\/www.europesays.com\/es\/wp-json\/wp\/v2\/posts\/210222\/revisions"}],"wp:featuredmedia":[{"embeddable":true,"href":"https:\/\/www.europesays.com\/es\/wp-json\/wp\/v2\/media\/210223"}],"wp:attachment":[{"href":"https:\/\/www.europesays.com\/es\/wp-json\/wp\/v2\/media?parent=210222"}],"wp:term":[{"taxonomy":"category","embeddable":true,"href":"https:\/\/www.europesays.com\/es\/wp-json\/wp\/v2\/categories?post=210222"},{"taxonomy":"post_tag","embeddable":true,"href":"https:\/\/www.europesays.com\/es\/wp-json\/wp\/v2\/tags?post=210222"}],"curies":[{"name":"wp","href":"https:\/\/api.w.org\/{rel}","templated":true}]}}