{"id":210511,"date":"2025-10-31T09:18:12","date_gmt":"2025-10-31T09:18:12","guid":{"rendered":"https:\/\/www.europesays.com\/es\/210511\/"},"modified":"2025-10-31T09:18:12","modified_gmt":"2025-10-31T09:18:12","slug":"anita-williams-revela-su-ultimo-parte-medico-tras-recibir-los-resultados-de-la-biopsia-de-sus-dos-tumores","status":"publish","type":"post","link":"https:\/\/www.europesays.com\/es\/210511\/","title":{"rendered":"Anita Williams revela su \u00faltimo parte m\u00e9dico tras recibir los resultados de la biopsia de sus dos tumores"},"content":{"rendered":"<p data-journey-content=\"true\" data-node-id=\"3\" class=\"css-6wxqfj emevuu60\"><strong data-node-id=\"3.0\">No han sido d\u00edas f\u00e1ciles para Anita Williams<\/strong>, que recientemente confesaba en sus redes sociales que <a href=\"https:\/\/www.diezminutos.es\/famosos-corazon\/famosos-espanoles\/a69079766\/anita-williams-anuncia-problemas-salud\/\" target=\"_blank\" data-vars-ga-outbound-link=\"https:\/\/www.diezminutos.es\/famosos-corazon\/famosos-espanoles\/a69079766\/anita-williams-anuncia-problemas-salud\/\" data-vars-ga-ux-element=\"Hyperlink\" data-vars-ga-call-to-action=\"le hab\u00edan detectado &quot;dos tumores que tienen bastante mala pinta&quot;\" data-node-id=\"3.2\" class=\"body-link css-177bzfx emevuu60\" rel=\"nofollow noopener\">le hab\u00edan detectado <strong data-node-id=\"3.2.1\">\u00abdos tumores que tienen bastante mala pinta\u00bb<\/strong><\/a>. A sus 28 a\u00f1os y <a href=\"https:\/\/www.diezminutos.es\/famosos-corazon\/famosos-espanoles\/a65662459\/anita-williams-vacaciones-hijo-entrevista-preocupacion-expareja-enamorada-montoya\/\" target=\"_blank\" data-vars-ga-outbound-link=\"https:\/\/www.diezminutos.es\/famosos-corazon\/famosos-espanoles\/a65662459\/anita-williams-vacaciones-hijo-entrevista-preocupacion-expareja-enamorada-montoya\/\" data-vars-ga-ux-element=\"Hyperlink\" data-vars-ga-call-to-action=\"un hijo peque\u00f1o\" data-node-id=\"3.4\" class=\"body-link css-177bzfx emevuu60\" rel=\"nofollow noopener\">un hijo peque\u00f1o<\/a>, a la joven <strong data-node-id=\"3.6\">se le ven\u00eda el mundo encima<\/strong>, y es que su vida se convert\u00eda, a partir de su paso por urgencias tras notar ciertas molestias, en<strong data-node-id=\"3.8\"> un ir y venir de pruebas m\u00e9dicas<\/strong>, y la cosa no mejor\u00f3 cuando le dijeron que ten\u00eda algunos <strong data-node-id=\"3.10\">n\u00f3dulos inflamados<\/strong>, pero dos en concreto<strong data-node-id=\"3.12\"> no parec\u00edan muy halag\u00fce\u00f1os<\/strong>: \u00abMe mandaron unas <strong data-node-id=\"3.14\">pruebas adicionales<\/strong> porque me encontraron unos n\u00f3dulos, bultos, tumores&#8230; Algunos benignos, pero <strong data-node-id=\"3.16\">hay dos que tienen bastante mala pinta y me hicieron una biopsia, estoy esperando los resultados<\/strong>\u00ab, cont\u00f3 en sus redes. Pues bien, ahora ya ha recibido los tan temidos resultados, y como una bocanada de aire fresco,<strong data-node-id=\"3.18\"> Anita respira tranquila<\/strong>.<\/p>\n<p data-journey-content=\"true\" data-node-id=\"6\" class=\"css-6wxqfj emevuu60\">La ex concursante de &#8216;<strong data-node-id=\"6.1\"><a href=\"https:\/\/www.diezminutos.es\/supervivientes-television\/\" target=\"_blank\" data-vars-ga-outbound-link=\"https:\/\/www.diezminutos.es\/supervivientes-television\/\" data-vars-ga-ux-element=\"Hyperlink\" data-vars-ga-call-to-action=\"Supervivientes\" data-node-id=\"6.1.0\" class=\"body-link css-177bzfx emevuu60\" rel=\"nofollow noopener\">Supervivientes<\/a><\/strong>&#8216;, que hab\u00eda decidido <strong data-node-id=\"6.3\">alejarse de las redes para rodearse de los suyos y buscar apoyo emocional<\/strong>, volv\u00eda hace unas horas para compartir, feliz, que ya ten\u00eda los resultados: \u00ab<strong data-node-id=\"6.5\">Chicos, estoy supercontenta, os lo juro. Me han dado los resultados. Me acaba de llamar el m\u00e9dico y me ha dicho que est\u00e1 todo bien. Gracias a Dios<\/strong>\u00ab, afirmaba emocionada.<\/p>\n<p><img draggable=\"true\" alt=\"anita williams comparte en instagram sus resultados medicos tras serle detectados dos tumores\" title=\"Anita Williams comparte en Instagram sus resultados medicos tras serle detectados dos tumores\" loading=\"lazy\" width=\"5100\" height=\"3000\" decoding=\"async\" data-nimg=\"1\" style=\"color:transparent;width:100%;height:auto;\"   src=\"https:\/\/www.europesays.com\/es\/wp-content\/uploads\/2025\/10\/anita-williams-feliz-resultados-medicos-tumores-69046c0019e2b.jpg\" class=\"css-0 e1g79fud0\"\/><\/p>\n<p>Instagram Anita Williams<\/p>\n<p data-journey-content=\"true\" data-node-id=\"9\" class=\"css-6wxqfj emevuu60\">Eso s\u00ed, <a href=\"https:\/\/www.diezminutos.es\/famosos-corazon\/famosos-espanoles\/a69142959\/jose-carlos-montoya-reacciona-problema-salud-anita-williams\/\" target=\"_blank\" data-vars-ga-outbound-link=\"https:\/\/www.diezminutos.es\/famosos-corazon\/famosos-espanoles\/a69142959\/jose-carlos-montoya-reacciona-problema-salud-anita-williams\/\" data-vars-ga-ux-element=\"Hyperlink\" data-vars-ga-call-to-action=\"tras el susto que daba a sus m\u00e1s allegados\" data-node-id=\"9.1\" class=\"body-link css-177bzfx emevuu60\" rel=\"nofollow noopener\">tras el susto que daba a sus m\u00e1s allegados<\/a>, y aunque ya se puede quitar un peso de encima, <strong data-node-id=\"9.3\">tendr\u00e1 que seguir de m\u00e9dicos <\/strong>&#8216;por si las moscas&#8217;: \u00abQue no me preocupe de nada, que<strong data-node-id=\"9.5\"> vamos a hacer seguimiento cada seis meses<\/strong>, porque s\u00ed que es verdad que se tienen que ir mirando y tal\u2026 pero que, <strong data-node-id=\"9.7\">de momento, todo bien<\/strong>\u00ab, a\u00f1ad\u00eda la exnovia de Montoya. Un miedo que se ha esfumado casi en su totalidad, y que incluso le llev\u00f3 a <strong data-node-id=\"9.9\">abrazar la fe<\/strong> m\u00e1s que nunca: \u00ab<strong data-node-id=\"9.11\">Os lo juro que no he rezado tanto como en estas \u00faltimas dos semanas<\/strong>\u00ab, confesaba.<\/p>\n<p>Montoya, uno de los grandes apoyos de Anita en este trance<\/p>\n<p data-journey-content=\"true\" data-node-id=\"14\" class=\"css-6wxqfj emevuu60\">A pesar de que Anita y Montoya decid\u00edan <strong data-node-id=\"14.1\"><a href=\"https:\/\/www.diezminutos.es\/famosos-corazon\/famosos-espanoles\/a65164937\/anita-enamorada-ruptura-montoya-supervivientes\/\" target=\"_blank\" data-vars-ga-outbound-link=\"https:\/\/www.diezminutos.es\/famosos-corazon\/famosos-espanoles\/a65164937\/anita-enamorada-ruptura-montoya-supervivientes\/\" data-vars-ga-ux-element=\"Hyperlink\" data-vars-ga-call-to-action=\"romper definitivamente su relaci\u00f3n\" data-node-id=\"14.1.0\" class=\"body-link css-177bzfx emevuu60\" rel=\"nofollow noopener\">romper definitivamente su relaci\u00f3n<\/a> despu\u00e9s de su paso por &#8216;Supervivientes 2025&#8217;<\/strong>, lo cierto es que ambos<strong data-node-id=\"14.3\"> han mantenido una bonita y sana amistad<\/strong>, que ha hecho que <a href=\"https:\/\/www.diezminutos.es\/famosos-corazon\/famosos-espanoles\/a69154826\/mensaje-jose-carlos-montoya-anita-williams-duro-diagnostico\/\" target=\"_blank\" data-vars-ga-outbound-link=\"https:\/\/www.diezminutos.es\/famosos-corazon\/famosos-espanoles\/a69154826\/mensaje-jose-carlos-montoya-anita-williams-duro-diagnostico\/\" data-vars-ga-ux-element=\"Hyperlink\" data-vars-ga-call-to-action=\"el sevillano se vuelque con su ex\" data-node-id=\"14.5\" class=\"body-link css-177bzfx emevuu60\" rel=\"nofollow noopener\">el sevillano se vuelque con su ex<\/a> en este complicado trance, y as\u00ed lo confirmaba \u00e9l hace solo unos d\u00edas: \u00ab<strong data-node-id=\"14.7\">Nadie est\u00e1 preparado para esto. Le he deseado fuerza porque ella es valiente<\/strong>\u00ab, dijo Montoya al enterarse del problema de salud de su expareja. \u00ab<strong data-node-id=\"14.9\">Hay que priorizar la salud. Estamos en las buenas y en las malas. Ah\u00ed es donde se ve a las personas. <\/strong><strong data-node-id=\"14.10\">Yo no le voy a soltar la mano<\/strong>\u00ab.<\/p>\n<p><img draggable=\"true\" alt=\"anita y montoya en supervivientes\" title=\"Anita y Montoya en Supervivientes\" loading=\"lazy\" width=\"2400\" height=\"1600\" decoding=\"async\" data-nimg=\"1\" style=\"color:transparent;width:100%;height:auto;\"   src=\"https:\/\/www.europesays.com\/es\/wp-content\/uploads\/2025\/10\/anita-montoya-cena-romantica-681c60d8448ea.jpg\" class=\"css-0 e1g79fud0\"\/><\/p>\n<p>Mediaset<\/p>\n<p><img src=\"https:\/\/www.europesays.com\/es\/wp-content\/uploads\/2025\/10\/1761902292_769_a982b4f8-3383-45d0-81ca-fb597fd6fa80_1734436044.jpg\" alt=\"Headshot of Daniel Reyes\" title=\"Headshot of Daniel Reyes\" width=\"100%\" height=\"100%\" decoding=\"async\" loading=\"lazy\" class=\"css-o0wq4v ev8dhu53\"\/><\/p>\n<p>Daniel Reyes se gradu\u00f3 en Periodismo por la Universidad Rey Juan Carlos. Experto en actualidad de coraz\u00f3n, sociedad y televisi\u00f3n; Dani redacta noticias en Diez Minutos desde 2015, donde ha ganado en los \u00faltimos a\u00f1os una gran experiencia a la hora de escribir sobre todas las novedades de los famosos, reality de televisi\u00f3n como &#8216;Supervivientes&#8217; y &#8216;La isla de las tentaciones&#8217; o series.<br \/>\nLas redes sociales no tienen secretos para \u00e9l, donde se mueve como pez en el agua para encontrar la \u00faltima hora de la vida de los famosos o la pol\u00e9mica m\u00e1s reciente: lo mismo te habla de las Kardashian que de Isabel Pantoja, Beyonc\u00e9, &#8216;S\u00e1lvame&#8217; o de Felipe y Letizia: Realeza, al fin y al cabo, aunque cada uno en lo suyo.<br \/>\nPeriodista 360, a lo Paquita Salas, tampoco tiene l\u00edmite a la hora de escribir sobre temas tan variados como pol\u00edtica o maternidad, o incluso sobre sus aficiones, que pasan por la moda, las \u00faltimas tendencias o la belleza, algo en lo que se especializ\u00f3 tras pasar por la revista S Moda entre 2014 y 2015, donde si ya lleg\u00f3 haci\u00e9ndole &#8216;til\u00edn&#8217; todo ese mundillo, all\u00ed se volvi\u00f3 todo un experto del maquillaje, las cremas o los tratamientos puntuales teros. Un pasatiempo que sigue desarroll\u00e1ndose y que compagina con su trabajo como redactor.<\/p>\n","protected":false},"excerpt":{"rendered":"No han sido d\u00edas f\u00e1ciles para Anita Williams, que recientemente confesaba en sus redes sociales que le hab\u00edan&hellip;\n","protected":false},"author":2,"featured_media":210512,"comment_status":"","ping_status":"","sticky":false,"template":"","format":"standard","meta":{"footnotes":""},"categories":[174],"tags":[255,253,146,147,25,24,256,23],"class_list":{"0":"post-210511","1":"post","2":"type-post","3":"status-publish","4":"format-standard","5":"has-post-thumbnail","7":"category-famosos","8":"tag-celebrities","9":"tag-discover","10":"tag-entertainment","11":"tag-entretenimiento","12":"tag-es","13":"tag-espana","14":"tag-famosos","15":"tag-spain"},"share_on_mastodon":{"url":"https:\/\/pubeurope.com\/@es\/115468036744099447","error":""},"_links":{"self":[{"href":"https:\/\/www.europesays.com\/es\/wp-json\/wp\/v2\/posts\/210511","targetHints":{"allow":["GET"]}}],"collection":[{"href":"https:\/\/www.europesays.com\/es\/wp-json\/wp\/v2\/posts"}],"about":[{"href":"https:\/\/www.europesays.com\/es\/wp-json\/wp\/v2\/types\/post"}],"author":[{"embeddable":true,"href":"https:\/\/www.europesays.com\/es\/wp-json\/wp\/v2\/users\/2"}],"replies":[{"embeddable":true,"href":"https:\/\/www.europesays.com\/es\/wp-json\/wp\/v2\/comments?post=210511"}],"version-history":[{"count":0,"href":"https:\/\/www.europesays.com\/es\/wp-json\/wp\/v2\/posts\/210511\/revisions"}],"wp:featuredmedia":[{"embeddable":true,"href":"https:\/\/www.europesays.com\/es\/wp-json\/wp\/v2\/media\/210512"}],"wp:attachment":[{"href":"https:\/\/www.europesays.com\/es\/wp-json\/wp\/v2\/media?parent=210511"}],"wp:term":[{"taxonomy":"category","embeddable":true,"href":"https:\/\/www.europesays.com\/es\/wp-json\/wp\/v2\/categories?post=210511"},{"taxonomy":"post_tag","embeddable":true,"href":"https:\/\/www.europesays.com\/es\/wp-json\/wp\/v2\/tags?post=210511"}],"curies":[{"name":"wp","href":"https:\/\/api.w.org\/{rel}","templated":true}]}}