{"id":210513,"date":"2025-10-31T09:19:11","date_gmt":"2025-10-31T09:19:11","guid":{"rendered":"https:\/\/www.europesays.com\/es\/210513\/"},"modified":"2025-10-31T09:19:11","modified_gmt":"2025-10-31T09:19:11","slug":"las-palmas-de-gran-canaria-epicentro-de-la-arquitectura-del-pais-en-la-cuarta-edicion-del-tac-festival-de-arquitectura-urbana","status":"publish","type":"post","link":"https:\/\/www.europesays.com\/es\/210513\/","title":{"rendered":"Las Palmas de Gran Canaria, &#8216;epicentro&#8217; de la arquitectura del pa\u00eds en la cuarta edici\u00f3n del TAC Festival de Arquitectura Urbana"},"content":{"rendered":"<p class=\"ft-text ft-helper-closenews\">Un gran pabell\u00f3n formado por dos <strong>muros de gaviones<\/strong> con diferentes tipos de <strong>piedra aut\u00f3ctona<\/strong> colocados en varias secciones de madera integran la exposici\u00f3n \u2018<strong>De Roca Madre<\/strong>\u2019, ubicada en la <strong>plaza de Stagno<\/strong>, en la trasera del Teatro <a class=\"ft-link ft-link--decoration\" href=\"https:\/\/www.laprovincia.es\/tags\/benito-perez-galdos\/\" rel=\"nofollow noopener\" target=\"_blank\">P\u00e9rez Gald\u00f3s<\/a>, como parte de la cuarta edici\u00f3n de <strong>TAC Festival de Arquitectura Urbana<\/strong>, que en esta ocasi\u00f3n se celebra en <a class=\"ft-link ft-link--decoration\" href=\"https:\/\/www.laprovincia.es\/gran-canaria\/las-palmas-de-gran-canaria\/\" rel=\"nofollow noopener\" target=\"_blank\">Las Palmas de Gran Canaria<\/a>, de forma simult\u00e1nea con Alicante.<\/p>\n<p class=\"ft-text\">La alcaldesa, <a class=\"ft-link ft-link--decoration\" href=\"https:\/\/www.laprovincia.es\/tags\/carolina-darias\/\" rel=\"nofollow noopener\" target=\"_blank\"><strong>Carolina Darias<\/strong><\/a>, inaugur\u00f3 anoche el festival que a\u00fana arte y arquitectura en un paso m\u00e1s en la andadura de la ciudad para convertirse en <strong>Capital Europea de la Cultura 2031<\/strong>. La regidora destac\u00f3 que hasta el 28 de noviembre, fecha en la que concluir\u00e1 la muestra temporal, \u00ab<strong>la ciudad ser\u00e1 el epicentro de la joven arquitectura de este pa\u00eds<\/strong>\u00bb.<\/p>\n<p class=\"ft-text\">El proyecto ganador de esta edici\u00f3n, realizado por <strong>Estudio Latente,<\/strong> es una invitaci\u00f3n a reflexionar sobre la relaci\u00f3n entre el tiempo geol\u00f3gico de <a class=\"ft-link ft-link--decoration\" href=\"https:\/\/www.laprovincia.es\/gran-canaria\/\" rel=\"nofollow noopener\" target=\"_blank\">Gran Canaria<\/a> y el impacto humano contempor\u00e1neo que viene dado por la acumulaci\u00f3n de residuos y micropl\u00e1sticos en sus litorales.<\/p>\n<p class=\"ft-text\">\u00abSus estratos representan la geodiversidad de la Isla en distintos periodos y culminan con residuos pl\u00e1sticos recogidos durante limpiezas de playa organizadas por el colectivo Precious Plastic Gran Canaria\u00bb, subrayaron sus creadores.<\/p>\n<p class=\"ft-text\">TAC! Festival de Arquitectura Urbana es una iniciativa puesta en marcha por la <strong>Secretar\u00eda General de Agenda Urbana, Vivienda y Arquitectura del Ministerio de Vivienda y Agenda Urbana<\/strong>, en colaboraci\u00f3n con la<strong> Fundaci\u00f3n Arquia<\/strong>, dirigida a j\u00f3venes arquitectos.<\/p>\n<p class=\"ft-text\">El secretario general de Agenda Urbana del Ministerio de Vivienda, <strong>I\u00f1aqui Carnicero<\/strong>, destac\u00f3 que esta edici\u00f3n refleja una apuesta por \u00abuna arquitectura arraigada al lugar, sensible a la historia local y comprometida con un futuro sostenible\u00bb.<\/p>\n<p>\u00abDi\u00e1logo vivo\u00bb<\/p>\n<p class=\"ft-text\">A\u00f1adi\u00f3 que el pabell\u00f3n transforma la plaza de Stagno en un espacio de \u00abdi\u00e1logo vivo\u00bb entre la arquitectura, la historia del lugar y la naturaleza, \u00abrecord\u00e1ndonos la capacidad de la arquitectura para generar conciencia ambiental y compromiso ciudadano\u00bb.<\/p>\n<p class=\"ft-text\">Por su parte, la directora de la Fundaci\u00f3n Arquia, <strong>Sol Candela<\/strong>, resalt\u00f3 que a trav\u00e9s de la reflexi\u00f3n, la creatividad y la sensibilidad espacial, \u00abse consigue ser m\u00e1s conscientes sobre lo que sucede alrededor\u00bb.<\/p>\n<p class=\"ft-text\">En la instalaci\u00f3n, que necesit\u00f3 dos semanas de montaje, participaron tambi\u00e9n <strong>Loreto Felipe<\/strong> y <strong>Miguel Carrasco<\/strong>, creadores del <strong>colectivo Precious Plastic Gran Canaria<\/strong>. Ellos, junto a una veintena de voluntarios, aportaron a la creaci\u00f3n los micropl\u00e1sticos recogidos de las costas. \u00abEl concepto no solo muestra el corte a un talud de una monta\u00f1a para dejar ver las capas del pasado, sino tambi\u00e9n el futuro si no ponemos remedio\u00bb, en referencia a los residuos que las corrientes marinas depositan en los <a class=\"ft-link ft-link--decoration\" href=\"https:\/\/www.laprovincia.es\/tags\/barrio-de-arenales\/\" rel=\"nofollow noopener\" target=\"_blank\">arenales<\/a>.<\/p>\n<p class=\"ft-text\">El <a class=\"ft-link ft-link--decoration\" href=\"https:\/\/www.laprovincia.es\/elecciones\/programas\/\" rel=\"nofollow noopener\" target=\"_blank\">programa<\/a> de actividades para las pr\u00f3ximas cuatro semanas incluye <strong>danza, cine, mesas de debate, talleres y actividades infantile<\/strong>s con las que promover la cultura y el patrimonio hist\u00f3rico local.<\/p>\n<p data-close=\"closedContent\" class=\"subscribeHideForDisplay\">Suscr\u00edbete para seguir leyendo<\/p>\n","protected":false},"excerpt":{"rendered":"Un gran pabell\u00f3n formado por dos muros de gaviones con diferentes tipos de piedra aut\u00f3ctona colocados en varias&hellip;\n","protected":false},"author":2,"featured_media":210514,"comment_status":"","ping_status":"","sticky":false,"template":"","format":"standard","meta":{"footnotes":""},"categories":[173],"tags":[801,229,233,231,230,7221,232,234,146,147,18561,25,24,3956,1897,6238,6268,583,556,7788,23,20227,3633],"class_list":{"0":"post-210513","1":"post","2":"type-post","3":"status-publish","4":"format-standard","5":"has-post-thumbnail","7":"category-arte-y-diseno","8":"tag-arquitectura","9":"tag-arte","10":"tag-arte-y-diseno","11":"tag-arts","12":"tag-arts-and-design","13":"tag-canaria","14":"tag-design","15":"tag-diseno","16":"tag-entertainment","17":"tag-entretenimiento","18":"tag-epicentro","19":"tag-es","20":"tag-espana","21":"tag-gran","22":"tag-gran-canaria","23":"tag-las-palmas","24":"tag-las-palmas-de-gran-canaria","25":"tag-ministerio","26":"tag-palmas","27":"tag-residuos","28":"tag-spain","29":"tag-tac","30":"tag-vivienda"},"share_on_mastodon":{"url":"https:\/\/pubeurope.com\/@es\/115468039845921768","error":""},"_links":{"self":[{"href":"https:\/\/www.europesays.com\/es\/wp-json\/wp\/v2\/posts\/210513","targetHints":{"allow":["GET"]}}],"collection":[{"href":"https:\/\/www.europesays.com\/es\/wp-json\/wp\/v2\/posts"}],"about":[{"href":"https:\/\/www.europesays.com\/es\/wp-json\/wp\/v2\/types\/post"}],"author":[{"embeddable":true,"href":"https:\/\/www.europesays.com\/es\/wp-json\/wp\/v2\/users\/2"}],"replies":[{"embeddable":true,"href":"https:\/\/www.europesays.com\/es\/wp-json\/wp\/v2\/comments?post=210513"}],"version-history":[{"count":0,"href":"https:\/\/www.europesays.com\/es\/wp-json\/wp\/v2\/posts\/210513\/revisions"}],"wp:featuredmedia":[{"embeddable":true,"href":"https:\/\/www.europesays.com\/es\/wp-json\/wp\/v2\/media\/210514"}],"wp:attachment":[{"href":"https:\/\/www.europesays.com\/es\/wp-json\/wp\/v2\/media?parent=210513"}],"wp:term":[{"taxonomy":"category","embeddable":true,"href":"https:\/\/www.europesays.com\/es\/wp-json\/wp\/v2\/categories?post=210513"},{"taxonomy":"post_tag","embeddable":true,"href":"https:\/\/www.europesays.com\/es\/wp-json\/wp\/v2\/tags?post=210513"}],"curies":[{"name":"wp","href":"https:\/\/api.w.org\/{rel}","templated":true}]}}