{"id":210515,"date":"2025-10-31T09:21:10","date_gmt":"2025-10-31T09:21:10","guid":{"rendered":"https:\/\/www.europesays.com\/es\/210515\/"},"modified":"2025-10-31T09:21:10","modified_gmt":"2025-10-31T09:21:10","slug":"la-mirada-critica-miriam-nogueras-se-encara-con-ana-terradillos-por-la-directa-pregunta-que-recibe-pero-no-se-enfade","status":"publish","type":"post","link":"https:\/\/www.europesays.com\/es\/210515\/","title":{"rendered":"La mirada cr\u00edtica: Miriam Nogueras se &#8216;encara&#8217; con Ana Terradillos por la directa pregunta que recibe: \u00ab\u00a1Pero, no se enfade!\u00bb"},"content":{"rendered":"<p style=\"\">Junts se ha convertido en el partido pol\u00edtico de la semana. Y es que, en estos d\u00edas Carles Puigdemont tomaba la decisi\u00f3n de romper con el Gobierno y las bases de la formaci\u00f3n avalaban la determinaci\u00f3n de su l\u00edder. As\u00ed, <strong>Miriam Nogueras<\/strong>, portavoz del  &#8230; partido en el Congreso de los Diputados, ha estado durante estos d\u00edas pasando por los diferentes programas de actualidad de la parrilla que requer\u00edan su presencia. Pues bien, este viernes la pol\u00edtica ha estado en &#8216;La mirada cr\u00edtica&#8217; (<a href=\"https:\/\/www.abc.es\/noticias\/telecinco\/\" target=\"_self\" data-voc-vtm-id=\"in-text-traffic\" title=\"Telecinco\" data-mrf-link=\"www.abc.es\" rel=\"nofollow noopener\">Telecinco<\/a>) para completar su gira, aunque su paso por el espacio presentado por <strong>Ana Terradillos<\/strong> no ha sido tan pl\u00e1cido como pod\u00eda esperar y ha terminado con un tremendo &#8216;cabreo&#8217; ante la pregunta que le plantaba la periodista.<\/p>\n<p class=\"voc-p\" style=\"\">&#8216;<a href=\"https:\/\/www.abc.es\/play\/television\/noticias\/ana-terradillos-verbaliza-medias-tintas-atreve-decir-20251030103604-nt.html\" target=\"_self\" data-voc-vtm-id=\"in-text-traffic\" title=\"La mirada cr\u00edtica\" data-mrf-link=\"www.abc.es\" rel=\"nofollow noopener\">La mirada cr\u00edtica<\/a>&#8216; llegaba a la recta final de su emisi\u00f3n, pero antes de cerrar, el espacio conectaba en directo con <strong>Miriam Nogueras<\/strong> para ser entrevistada por<strong> Ana Terradillos<\/strong>. La charla comenz\u00f3 con absoluta normalidad, hasta que la presentadora del programa de Telecinco le cuestion\u00f3 a la portavoz de Junts por la participaci\u00f3n.<\/p>\n<p class=\"voc-p\" style=\"\">\u00abLe pregunto por la participaci\u00f3n porque el se\u00f1or Carles Puigdemont estaba contento con ese 66% de la militancia, 67. Pero, \u00bfno es un pel\u00edn baja esa participaci\u00f3n?\u00bb, le preguntaba Ana Terradillos a <strong>Miriam Nogueras<\/strong> que le daba respuesta. \u00abNo, si mira las votaciones de otros partidos somos el partido que m\u00e1s consulta a su militancia\u00bb, se\u00f1alaba la pol\u00edtica que era replicada por la periodista de &#8216;La mirada cr\u00edtica&#8217;. \u00abLa izquierda abertzale siempre ha tenido un poquito m\u00e1s. A m\u00ed me parece poco un 67 % tampoco me parece para tirar cohetes, por eso le preguntaba la lectura que ustedes hacen de si la gente est\u00e1 cansada ya\u00bb, hac\u00eda hincapi\u00e9 la comunicadora que provocaba el &#8216;<strong>cabreo<\/strong>&#8216; de su invitada.<\/p>\n<p>\nEl &#8216;cabreo&#8217; de Miriam Nogueras en &#8216;La mirada cr\u00edtica&#8217;\n<\/p>\n<p class=\"voc-p\" style=\"\">\u00abMientras hablamos de temas menores, insisto la participaci\u00f3n es muy buena y solo hace falta compararla con otras. Estamos en una legislatura sin rumbo&#8230; Estamos en medio de una legislatura donde se ha perdido la mayor\u00eda de investidura y en serio lo que nos preocupa es si la <strong>participaci\u00f3n<\/strong> en la consulta interna de un partido es baja o alta, yo pensaba que ven\u00eda  hablar de esto de la importancia y la contundencia&#8230;\u00bb, manifestaba algo airada <strong>Miriam Nogueras<\/strong>. <\/p>\n<p class=\"voc-p\" style=\"\">\u00abNo, hombre no. No me haga trampas, le he hecho tres preguntas acerca de su relaci\u00f3n con el PSOE y tambi\u00e9n le pregunto por eso. Eso tambi\u00e9n es importante porque una cosa es que le apoyen el 86%, hombre, del 90% y otra es el 86% del 67, hombre en mi tierra eso es importante. Pero, bueno, todo es importante\u00bb, le contraatacaba <strong>Ana Terradillos<\/strong> a la portavoz de Junts en el Congreso que no se mord\u00eda la lengua y se &#8216;<strong>encaraba<\/strong>&#8216; con la presentadora de &#8216;<a href=\"https:\/\/www.abc.es\/play\/television\/noticias\/ana-terradillos-solo-necesita-popular-expresion-sentenciar-20251028093100-nt.html\" target=\"_self\" data-voc-vtm-id=\"in-text-traffic\" title=\"La mirada cr\u00edtica\" data-mrf-link=\"www.abc.es\" rel=\"nofollow noopener\">La mirada cr\u00edtica<\/a>&#8216;.<\/p>\n<p class=\"voc-p\" style=\"\">\u00abEntonces, la victoria del PP en las \u00faltimas elecciones la vamos a tener que anular y cuestionar&#8230;\u00bb, indicaba <strong>Miriam Nogueras<\/strong> ante las c\u00e1maras del programa de Telecinco. \u00abPero no se enfade que al final me va a dar la raz\u00f3n de que la tasa de participaci\u00f3n es baja\u00bb, le trasladaba <a href=\"https:\/\/www.abc.es\/play\/television\/noticias\/ana-terradillos-acorrala-gallardo-tras-negarle-mayor-20251027100207-nt.html\" target=\"_self\" data-voc-vtm-id=\"in-text-traffic\" title=\"Ana Terradillos\" data-mrf-link=\"www.abc.es\" rel=\"nofollow noopener\">Ana Terradillos<\/a> a la pol\u00edtica que se cerraba en banda. \u00abNo me <strong>enfado<\/strong> en absoluto, lo que pasa que hablar de esto&#8230;\u00bb, le reprochaba la pol\u00edtica. \u00ab\u00a1Uy, c\u00f3mo le ha sentado lo de la participaci\u00f3n!\u00bb, sentenciaba la periodista que pasaba a preguntarle a la portavoz de Junts por otros asuntos.<\/p>\n","protected":false},"excerpt":{"rendered":"Junts se ha convertido en el partido pol\u00edtico de la semana. Y es que, en estos d\u00edas Carles&hellip;\n","protected":false},"author":2,"featured_media":210516,"comment_status":"","ping_status":"","sticky":false,"template":"","format":"standard","meta":{"footnotes":""},"categories":[171],"tags":[683,24154,46007,56992,146,147,25,24,36026,46557,9464,3684,23,684,214],"class_list":{"0":"post-210515","1":"post","2":"type-post","3":"status-publish","4":"format-standard","5":"has-post-thumbnail","7":"category-tv","8":"tag-ana","9":"tag-directa","10":"tag-encara","11":"tag-enfade","12":"tag-entertainment","13":"tag-entretenimiento","14":"tag-es","15":"tag-espana","16":"tag-miriam","17":"tag-nogueras","18":"tag-pregunta","19":"tag-recibe","20":"tag-spain","21":"tag-terradillos","22":"tag-tv"},"share_on_mastodon":{"url":"https:\/\/pubeurope.com\/@es\/115468047957536611","error":""},"_links":{"self":[{"href":"https:\/\/www.europesays.com\/es\/wp-json\/wp\/v2\/posts\/210515","targetHints":{"allow":["GET"]}}],"collection":[{"href":"https:\/\/www.europesays.com\/es\/wp-json\/wp\/v2\/posts"}],"about":[{"href":"https:\/\/www.europesays.com\/es\/wp-json\/wp\/v2\/types\/post"}],"author":[{"embeddable":true,"href":"https:\/\/www.europesays.com\/es\/wp-json\/wp\/v2\/users\/2"}],"replies":[{"embeddable":true,"href":"https:\/\/www.europesays.com\/es\/wp-json\/wp\/v2\/comments?post=210515"}],"version-history":[{"count":0,"href":"https:\/\/www.europesays.com\/es\/wp-json\/wp\/v2\/posts\/210515\/revisions"}],"wp:featuredmedia":[{"embeddable":true,"href":"https:\/\/www.europesays.com\/es\/wp-json\/wp\/v2\/media\/210516"}],"wp:attachment":[{"href":"https:\/\/www.europesays.com\/es\/wp-json\/wp\/v2\/media?parent=210515"}],"wp:term":[{"taxonomy":"category","embeddable":true,"href":"https:\/\/www.europesays.com\/es\/wp-json\/wp\/v2\/categories?post=210515"},{"taxonomy":"post_tag","embeddable":true,"href":"https:\/\/www.europesays.com\/es\/wp-json\/wp\/v2\/tags?post=210515"}],"curies":[{"name":"wp","href":"https:\/\/api.w.org\/{rel}","templated":true}]}}