{"id":210521,"date":"2025-10-31T09:24:09","date_gmt":"2025-10-31T09:24:09","guid":{"rendered":"https:\/\/www.europesays.com\/es\/210521\/"},"modified":"2025-10-31T09:24:09","modified_gmt":"2025-10-31T09:24:09","slug":"informacion-util-para-el-derbi","status":"publish","type":"post","link":"https:\/\/www.europesays.com\/es\/210521\/","title":{"rendered":"Informaci\u00f3n \u00fatil para el derbi"},"content":{"rendered":"<p>Aqu\u00ed te dejamos toda la informaci\u00f3n \u00fatil para el partido de ma\u00f1ana en Anoeta entre la Real Sociedad y el Athletic Club (18:30 horas):<\/p>\n<p><b>Recibimiento al equipo<\/b><\/p>\n<p>Se va a organizar un recibimiento especial al equipo, al igual que el del a\u00f1o pasado de las semifinales de Copa contra el Real Madrid. A partir de las 16:30, desde el hotel Anoeta y hasta el parking sur (puerta 17), el autob\u00fas recibir\u00e1 el calor de los aficionados realistas.<\/p>\n<p><b><a href=\"https:\/\/www.realsociedad.eus\/es\/noticias\/detalle\/recibimiento-al-equipo-en-el-derbi\" target=\"_blank\" rel=\"nofollow noopener\">AQU\u00cd <\/a><\/b>tienes toda la informaci\u00f3n<\/p>\n<p><b>Carnet en formato NFC<\/b><\/p>\n<p>Miles de socios y socias ya se han descargado su nuevo carnet digital en formato NFC. Las puertas de Anoeta abrir\u00e1n a las 17:30 horas. Se podr\u00e1 acceder con carnet f\u00edsico de socio, carnet digital o entrada del partido.\u00a0<\/p>\n<p>En el caso de que seas socio o socia y a\u00fan no tengas tu carnet digital, clica\u00a0<a href=\"https:\/\/www.realsociedad.eus\/es\/noticias\/detalle\/mejoras-en-el-carnet-digital\" target=\"_blank\" rel=\"nofollow noopener\"><b>AQU\u00cd\u00a0<\/b><\/a>y sigue los pasos para descarg\u00e1rtelo en el m\u00f3vil y para poder guardar m\u00e1s de un carnet.<\/p>\n<p><b>Cesiones de carnet<\/b><\/p>\n<p>Recuerda que, si no puedes asistir, puedes ceder tu carnet de socio al club, a una persona (familiar, amigo, a quien quieras). Para poder realizar cualquiera de estas dos operaciones, necesitar\u00e1s previamente haber actualizado tu registro. Por razones de control y seguridad en los accesos, deber\u00e1s realizar la gesti\u00f3n antes de las 15:30 horas.<\/p>\n<p>Clica\u00a0<a href=\"https:\/\/www.realsociedad.eus\/es\/i\/instrucciones-sobre-el-nuevo-carnet-digital\" target=\"_blank\" rel=\"nofollow noopener\"><b>AQU\u00cd\u00a0<\/b><\/a>y sigue las instrucciones<\/p>\n<p><b>Keler Espazioa<\/b><\/p>\n<p>Keler Espazioa abrir\u00e1 sus puertas, como en todos los partidos en casa y fuera, desde dos horas antes y una hora despu\u00e9s de finalizar el mismo.\u00a0Al jugarse en fin de semana, estar\u00e1n en marcha sus tres \u00e1reas -Gastrogune, Zona Infantil y LG Gaming-. El partido se emitir\u00e1 en pantalla gigante. Cuando jugamos entre semana se abre el \u00e1rea de restauraci\u00f3n.<\/p>\n<p><b>Flujo peatonal\u00a0<\/b><\/p>\n<p>A causa de la obra, a los aficionados de las Tribunas Este y Zabaleta que acudan a pie les recomendamos que luego salgan y rodeen el campo por la zona oeste, de forma que eviten el pasillo generado por la obra en la zona noreste.<\/p>\n<p><b>Autobuses urbanos en post partido<\/b><\/p>\n<p>Al t\u00e9rmino del encuentro, por razones de seguridad, nos informan de que la plaza Aita Donostia permanecer\u00e1 cerrada al tr\u00e1fico durante 15 minutos. Se ruega paciencia a los usuarios de los autobuses urbanos.<\/p>\n<p><b>Autobuses desde la provincia<\/b><\/p>\n<p>Siguiendo las instrucciones de las autoridades, los autobuses organizados que traen a nuestros socios y aficionados desde distintos puntos de la provincia estacionar\u00e1n en el aparcamiento de Illumbe.\u00a0<\/p>\n<p><b>Servicio especial de Euskotren y Donostiabus<\/b><\/p>\n<p>Tanto Euskotren como Donostiabus ofrecer\u00e1n servicios especiales.<\/p>\n<p>M\u00e1s informaci\u00f3n Euskotren (clica\u00a0<b><a href=\"https:\/\/www.euskotren.eus\/es\/node\/14622\" target=\"_blank\" rel=\"nofollow noopener\">AQU\u00cd<\/a><\/b><a href=\"https:\/\/www.euskotren.eus\/es\/node\/14315\" target=\"_blank\" rel=\"nofollow noopener\"><b>)<\/b><\/a>\u00a0<\/p>\n<p>M\u00e1s informaci\u00f3n Donostiabus (clica\u00a0<b><a href=\"https:\/\/dbus.eus\/es\/noticias\/servicio-especial-de-autobuses-de-dbus-a-anoeta-real-sociedad-athletic-club\/\" target=\"_blank\" rel=\"nofollow noopener\">AQU\u00cd<\/a><\/b>)\u00a0<\/p>\n<p><b>Taquillas\u00a0<\/b><\/p>\n<p>Las taquillas ubicadas junto a la oficina de atenci\u00f3n al socio de Anoeta, situada a la par del front\u00f3n Atano III, estar\u00e1n operativas desde las 16:30 horas.<\/p>\n<p><b>Tienda y servicio en bares<\/b><\/p>\n<p>La tienda del Reale Arena abrir\u00e1 de 10:00 a 18:30 horas, de manera ininterrumpida. Por otra parte, los bares del estadio estar\u00e1n en marcha desde las 17:30 horas.<\/p>\n<p><b>Parking de bicis<\/b><\/p>\n<p>El parking de bicicletas y patinetes, ubicado en el colegio Amara Berri y patrocinado por IBK Bike, estar\u00e1 habilitado desde las 17:30 horas hasta media hora despu\u00e9s de que finalice el partido. \u00a0<\/p>\n<p style=\"font-size: 10px;\">En el evento en cuesti\u00f3n la REAL SOCIEDAD DE F\u00daTBOL proceder\u00e1 a la toma de im\u00e1genes, las cuales podr\u00e1n ser publicadas en canales de comunicaci\u00f3n oficiales del CLUB con fines promocionales del acto en cuesti\u00f3n. En caso de no querer que las im\u00e1genes en las que pueda aparecer Ud. o alg\u00fan menor que est\u00e9 bajo su tutela sean publicadas, por favor, h\u00e1ganoslo saber en la siguiente direcci\u00f3n de correo electr\u00f3nico, y procederemos a su inmediata retirada:\u00a0pdcp@realsociedad.eus. La pol\u00edtica de privacidad correspondiente se encuentra en el siguiente enlace:\u00a0<a href=\"https:\/\/cdn.realsociedad.eus\/Uploads\/CntDetalles\/503\/1\/acd80c62-c8f7-4b75-9eb4-d09362fb43cd.pdf\" rel=\"nofollow noopener\" target=\"_blank\">https:\/\/cdn.realsociedad.eus\/\/Uploads\/CntDetalles\/503\/1\/acd80c62-c8f7-4b75-9eb4-d09362fb43cd.pdf<\/a>\u00a0<\/p>\n","protected":false},"excerpt":{"rendered":"Aqu\u00ed te dejamos toda la informaci\u00f3n \u00fatil para el partido de ma\u00f1ana en Anoeta entre la Real Sociedad&hellip;\n","protected":false},"author":2,"featured_media":210522,"comment_status":"","ping_status":"","sticky":false,"template":"","format":"standard","meta":{"footnotes":""},"categories":[93],"tags":[1666,2182,16758,168,18298,25,24,700,282,4074,29895,10556,4207,29897,1211,1044,29896,556,1045,798,228,438,492,23,167,11613,25581],"class_list":{"0":"post-210521","1":"post","2":"type-post","3":"status-publish","4":"format-standard","5":"has-post-thumbnail","7":"category-deportes","8":"tag-acceso","9":"tag-athletic","10":"tag-carnet","11":"tag-deportes","12":"tag-derbi","13":"tag-es","14":"tag-espana","15":"tag-europa","16":"tag-futbol","17":"tag-horarios","18":"tag-ibk","19":"tag-keler-espazioa","20":"tag-las","21":"tag-lazio","22":"tag-league","23":"tag-liga","24":"tag-meeting-point","25":"tag-palmas","26":"tag-partido","27":"tag-real","28":"tag-recomendaciones","29":"tag-roma","30":"tag-sociedad","31":"tag-spain","32":"tag-sports","33":"tag-tienda","34":"tag-util"},"share_on_mastodon":{"url":"https:\/\/pubeurope.com\/@es\/115468059618920598","error":""},"_links":{"self":[{"href":"https:\/\/www.europesays.com\/es\/wp-json\/wp\/v2\/posts\/210521","targetHints":{"allow":["GET"]}}],"collection":[{"href":"https:\/\/www.europesays.com\/es\/wp-json\/wp\/v2\/posts"}],"about":[{"href":"https:\/\/www.europesays.com\/es\/wp-json\/wp\/v2\/types\/post"}],"author":[{"embeddable":true,"href":"https:\/\/www.europesays.com\/es\/wp-json\/wp\/v2\/users\/2"}],"replies":[{"embeddable":true,"href":"https:\/\/www.europesays.com\/es\/wp-json\/wp\/v2\/comments?post=210521"}],"version-history":[{"count":0,"href":"https:\/\/www.europesays.com\/es\/wp-json\/wp\/v2\/posts\/210521\/revisions"}],"wp:featuredmedia":[{"embeddable":true,"href":"https:\/\/www.europesays.com\/es\/wp-json\/wp\/v2\/media\/210522"}],"wp:attachment":[{"href":"https:\/\/www.europesays.com\/es\/wp-json\/wp\/v2\/media?parent=210521"}],"wp:term":[{"taxonomy":"category","embeddable":true,"href":"https:\/\/www.europesays.com\/es\/wp-json\/wp\/v2\/categories?post=210521"},{"taxonomy":"post_tag","embeddable":true,"href":"https:\/\/www.europesays.com\/es\/wp-json\/wp\/v2\/tags?post=210521"}],"curies":[{"name":"wp","href":"https:\/\/api.w.org\/{rel}","templated":true}]}}