{"id":210527,"date":"2025-10-31T09:27:07","date_gmt":"2025-10-31T09:27:07","guid":{"rendered":"https:\/\/www.europesays.com\/es\/210527\/"},"modified":"2025-10-31T09:27:07","modified_gmt":"2025-10-31T09:27:07","slug":"a-partir-del-31-de-octubre-whatsapp-va-a-dejar-de-funcionar-en-estos-moviles-comprueba-si-el-tuyo-esta-afectado-el-economista","status":"publish","type":"post","link":"https:\/\/www.europesays.com\/es\/210527\/","title":{"rendered":"A partir del 31 de octubre WhatsApp va a dejar de funcionar en estos m\u00f3viles: comprueba si el tuyo est\u00e1 afectado &#8211; El Economista"},"content":{"rendered":"<ol>\n<li><a href=\"https:\/\/news.google.com\/rss\/articles\/CBMi-wFBVV95cUxPOWVOeC1oQkVKNENsUXpYRTdaSFkzT2FfNkR1V3Y5VDdNaDRVMHZWYUpwREttc185Zm1Td1NPcUlpNnFES2p6dmFPNnZ1VG1RYmd3VkZYVHZ0YjZ0b2dkczZ1bllfYnJsN2JGZ3JhQV9nWnlBVTJTWlhYaGxoWGU2NGdROEQ1WWhDMFdGVDROVmxINzNEbGllVkE4cHd6WnRpUlBULVRvSDZ3ZDhhMFM5NzFQQnFUQi1xcU93SGdSOHFOanBEeU80b2NWRzZSVHRZeVJXZGdQMkw5SkJmSHFISUhpRm9SMnhwME5yWTNYaTV2WGZILWQtS2JYSQ?oc=5\" target=\"_blank\" rel=\"nofollow noopener\">A partir del 31 de octubre WhatsApp va a dejar de funcionar en estos m\u00f3viles: comprueba si el tuyo est\u00e1 afectado<\/a>&nbsp;&nbsp;El Economista<\/li>\n<li><a href=\"https:\/\/news.google.com\/rss\/articles\/CBMi2gFBVV95cUxQc3p3aW5rNmlRc0pNdlJKczhHZmNERTdUaVBPUWpNc0JFSmhOcHVhSWxLRW9rd0dLYmtmX1hscDQzaWVYaTNQanJYU0ZPbF9URGQtMlhGWVBGU3FRdDl3Qmh2X1NKVnFaY2dHYV9paGxIcF83SjRySDBmVW1rWWg3R3IxRHZWemJ1YS1FUl9HQ1FnZnV1U0xiS3VXUW01VlpyVXhNQ2lfZ3MtM21NRTFqSzhxcFVCZFVNSXN6b2l2Yl9fVWVvWGYxTWdrU053Um5IbDlMdTFVcFhkQdIB3wFBVV95cUxPN3NwdHBqRl96b1Y0MVBLdjU5WUdNYzJtTDc1bU5mMkxWMWxOZDhnakh6VnhxYktya2E4dDV5dEYxbklCSGdXTGF3ZDl1bGJ6emxYZVRob2J6VUZ1T2R1MDZsQlAtQVFKUFAtcGtYTXFVcGt0cVVPcF9USnRnNzAxSDYyQldOajh0NHEtSTlEN2ViYW5iTTNsSUNzTlVKalpXaWNCSzJJa3U2SF83bFdNMThyakY3czN0ZlFNa0pKX21fY3pWRzAtQW9GeUdxOEd1VHdCQUJFQm0zS3NiSXJJ?oc=5\" target=\"_blank\" rel=\"nofollow noopener\">\u00bfTienes uno de estos m\u00f3viles? WhatsApp deja de funcionar en ellos el 31 de octubre de 2025<\/a>&nbsp;&nbsp;20Minutos<\/li>\n<li><a href=\"https:\/\/news.google.com\/rss\/articles\/CBMivwFBVV95cUxOT054dWVYSFpRYThwUEx3ajNFNGVYb2NnRHd5MlBzS3pPdkp3dWExampuMmxXMU5vMnJCeXNUWFFLMzlTeWxaNUpnSnIwSnlCRWUxMk00aWc0OHRYN0FfQUNtSXU1RVFwY2czeldKYmhiaHdmbjdfNWFyY2tWdW5UUFRqTnVxRTJBbE1WSUd5b2hNOGwwRzczek5iai1COTl3MlV4WGtkVzJUb3hQcUplajdZLUhHMzg2eGF3cHdJZ9IB2gFBVV95cUxNUHpURnUtZXZyQmRVUTZNYW1HZDRKbUg5dUtibjRvWHBmVjRVTHVqRWsxZ2Y2X3NzMjFYUkZwSWN0SGZKRHBOYVVfZFdzZF93YjVYMXNKUlVWbXVSdzkzbWNCX1A0bmhoSzkxN2RaTmFGMUVXYjdhUlBVcDhJVmpBMnprMHU3SGcwX0x3Y0JLZDRDOGNTZnNHbmVxemVGMndSSTc5blNkSTJjSUNjeHFJT3M3dXcyOHgybWVXWlEtU3dSdzc4WEhBUS1IQUMtc3ZHdExTTGplNFlSQQ?oc=5\" target=\"_blank\" rel=\"nofollow noopener\">Estos son los iPhone que se quedar\u00e1n sin WhatsApp desde el 31 de octubre de 2025<\/a>&nbsp;&nbsp;Infobae<\/li>\n<li><a href=\"https:\/\/news.google.com\/rss\/articles\/CBMikAFBVV95cUxNM0NZMXphX1RodTdrcFJHcndveHllMGIzWThncHo3Smt1WlpTVEpLQzNyRGFtVHFZSUZmWXV6bE5YQk83TUNSVUxBRW1KNVlKelhQRXhnQ0ZhN0sxYkJuTGFyVEh2UVZ3cWZQQUZuVnI1bWFFc3dEakYxU00yZ1dHcHNmd0dKMDZyd0lyb3BPRGg?oc=5\" target=\"_blank\" rel=\"nofollow noopener\">WhatsApp dejar\u00e1 de funcionar en estos m\u00f3viles en noviembre: conoce si el tuyo sobrevivir\u00e1 al cambio<\/a>&nbsp;&nbsp;HOLA<\/li>\n<li><a href=\"https:\/\/news.google.com\/rss\/articles\/CBMif0FVX3lxTE1mTG5GSmlzeGZFTE1kUmlJc1FSWmJnRGt2U1RPRktfT2tuTVhwb1cybHJPdmRUNXpjYndrX3drVm9vZGdHeXJjVzNNNEdVRjJLY2JzbmprSldqcGh4aU9YY0ZmVVE3YTFaQjhRam83S2NsWW44TmdENmpnS0QtcUU?oc=5\" target=\"_blank\" rel=\"nofollow noopener\">Adi\u00f3s a WhatsApp: los m\u00f3viles en los que dejar\u00e1 de funcionar a partir del viernes<\/a>&nbsp;&nbsp;El Mundo<\/li>\n<\/ol>\n","protected":false},"excerpt":{"rendered":"A partir del 31 de octubre WhatsApp va a dejar de funcionar en estos m\u00f3viles: comprueba si el&hellip;\n","protected":false},"author":2,"featured_media":207057,"comment_status":"","ping_status":"","sticky":false,"template":"","format":"standard","meta":{"footnotes":""},"categories":[81],"tags":[119,123,124,25,24,117,121,122,23,118,120],"class_list":{"0":"post-210527","1":"post","2":"type-post","3":"status-publish","4":"format-standard","5":"has-post-thumbnail","7":"category-ciencia-y-tecnologia","8":"tag-ciencia","9":"tag-ciencia-y-tecnologia","10":"tag-cienciaytecnologia","11":"tag-es","12":"tag-espana","13":"tag-science","14":"tag-science-and-technology","15":"tag-scienceandtechnology","16":"tag-spain","17":"tag-technology","18":"tag-tecnologia"},"share_on_mastodon":{"url":"https:\/\/pubeurope.com\/@es\/115468071412324229","error":""},"_links":{"self":[{"href":"https:\/\/www.europesays.com\/es\/wp-json\/wp\/v2\/posts\/210527","targetHints":{"allow":["GET"]}}],"collection":[{"href":"https:\/\/www.europesays.com\/es\/wp-json\/wp\/v2\/posts"}],"about":[{"href":"https:\/\/www.europesays.com\/es\/wp-json\/wp\/v2\/types\/post"}],"author":[{"embeddable":true,"href":"https:\/\/www.europesays.com\/es\/wp-json\/wp\/v2\/users\/2"}],"replies":[{"embeddable":true,"href":"https:\/\/www.europesays.com\/es\/wp-json\/wp\/v2\/comments?post=210527"}],"version-history":[{"count":0,"href":"https:\/\/www.europesays.com\/es\/wp-json\/wp\/v2\/posts\/210527\/revisions"}],"wp:featuredmedia":[{"embeddable":true,"href":"https:\/\/www.europesays.com\/es\/wp-json\/wp\/v2\/media\/207057"}],"wp:attachment":[{"href":"https:\/\/www.europesays.com\/es\/wp-json\/wp\/v2\/media?parent=210527"}],"wp:term":[{"taxonomy":"category","embeddable":true,"href":"https:\/\/www.europesays.com\/es\/wp-json\/wp\/v2\/categories?post=210527"},{"taxonomy":"post_tag","embeddable":true,"href":"https:\/\/www.europesays.com\/es\/wp-json\/wp\/v2\/tags?post=210527"}],"curies":[{"name":"wp","href":"https:\/\/api.w.org\/{rel}","templated":true}]}}