{"id":210538,"date":"2025-10-31T09:37:10","date_gmt":"2025-10-31T09:37:10","guid":{"rendered":"https:\/\/www.europesays.com\/es\/210538\/"},"modified":"2025-10-31T09:37:10","modified_gmt":"2025-10-31T09:37:10","slug":"felipe-orts-lidera-el-equipo-espanol-de-ciclocross-en-el-europeo-en-middelkerke-belgica-esciclismo-com","status":"publish","type":"post","link":"https:\/\/www.europesays.com\/es\/210538\/","title":{"rendered":"Felipe Orts lidera el equipo espa\u00f1ol de ciclocross en el Europeo en Middelkerke (B\u00e9lgica) &#8211; EsCiclismo.com"},"content":{"rendered":"<ol>\n<li><a href=\"https:\/\/news.google.com\/rss\/articles\/CBMia0FVX3lxTFBweDJGWjhtcHlxZkdneldGZS1LZkpOX1paRHMwRmUxcGpqeWFHSTd3TFQwN3plemlZRzlYRUdHOFB5ZldnTjNNVmV3bjk2NnFSMVlFY3hqSEJKbDZzV3ZFQkM5YmoyMl9TOU1B?oc=5\" target=\"_blank\" rel=\"nofollow noopener\">Felipe Orts lidera el equipo espa\u00f1ol de ciclocross en el Europeo en Middelkerke (B\u00e9lgica)<\/a>&nbsp;&nbsp;EsCiclismo.com<\/li>\n<li><a href=\"https:\/\/news.google.com\/rss\/articles\/CBMilAJBVV95cUxNMVJYX19OWUdaUkxGVjZuSHRuY1ZGaTBDYUNCenJ4c1lkY0plYUtoSlZQVlduOENRYjVldExCWF9NUW1tWW9ZX1l6UUgwd1JFZjZ1RXBBRUJuVExXTWttS0duR193WXd3U3pGS2JpNTVYOXNsa25zTnVMV05Od016VFFwRVl3b1BZSzQzeGVXRVpLWHFiNVlrWUNvR3pycXlsSHJkS2lZWE9QZF9oQ0RJOUtfVUppblVjU0o1Wkl4bF9kLVp2bERCMlR2TUNoUmo4WU5BcmRIUjFnOGc2VnM4NVhtRWJWYzhEUmtXeEpXR0xFREVweGJ3NXVZUnlkLXFmZFIzVnJRbG5VeEQ2MmtHWS1zeDg?oc=5\" target=\"_blank\" rel=\"nofollow noopener\">Felipe Orts lidera a la selecci\u00f3n espa\u00f1ola en el Europeo de Middelkerke (B\u00e9lgica) que ver\u00e1s en Eurosport y HBO Max<\/a>&nbsp;&nbsp;Eurosport<\/li>\n<li><a href=\"https:\/\/news.google.com\/rss\/articles\/CBMiuwFBVV95cUxOWjhuT2RuRllJM2I5YXlxalZNYkJMRzBhaUtTdE5vM2ZCOF9lcExVcmcwanZtSHg2VFM5VTRCX2pQYW91elUzallodHpkSXZTQUxISHNiZXNNc3J5SU8xX19teGxTVGFkNWZET3ktSGhfd3NIQ2JnNkNFTjFRWUNDX2xlUlFjQ20zMVlFbEh6bkptWTNhcm5JZXVHNDhScVZ0NXY3YkZnUWRudXhNZ3dYT0lqckttT1I3WFZj?oc=5\" target=\"_blank\" rel=\"nofollow noopener\">Felipe Orts lidera la Selecci\u00f3n Espa\u00f1ola para el Europeo de Ciclocross 2025 en Middelkerke<\/a>&nbsp;&nbsp;Brujulabike.com<\/li>\n<li><a href=\"https:\/\/news.google.com\/rss\/articles\/CBMiwgFBVV95cUxQT2ZYT0tnV2xGTjJZcmt6WlNLb1I1b3FFRi0yb0NORHczUWJzMlZGRVM5QTZ0U3VLSnVBc3I3MmptQ0ZWYUZ6T013Y3ExWE1QZ0EzMXNfdDRWN09lMHBWbmotOTAtSmt1Z3ZlT2doNDF2eTYzV3ozcTZ3WnR2TmlfSWpIWC1uSjc1RXVJYVBOR2ppRDVQNTRtXy1ObXUwUk5keTVJS0VzaHR5QXlBMlVMbmVteVJQZFM2Z2lQZ1FMNjVEd9IBxwFBVV95cUxQR3YtaUpsMXk5NFpTcmo3aWY4SjZnVGhBRGhDdS02YkVYMmh0MERUNWtSYVd2WlFtX2RjVjFvYUhiVFl4MEhSZnpSVTIzV05Ed3pTNlFnT1V2OW8zNGZNdHZHNVgzWTY0emJrSHpLY09tU05aUHN5Z29JRF9BMGRvTmZuMG1jM1VENWZYdjZMQU56LWROUHcwMkJjdTdJeVJIbVlMaGs2ZllNSUlITkZ2cDNXaXVNTGN1NVpFSkxLaDVvTWNsbXVn?oc=5\" target=\"_blank\" rel=\"nofollow noopener\">Convocatoria de la Selecci\u00f3n Espa\u00f1ola para el Europeo de Ciclocross 2025<\/a>&nbsp;&nbsp;Ciclismo a fondo<\/li>\n<li><a href=\"https:\/\/news.google.com\/rss\/articles\/CBMingFBVV95cUxQaTM0ZHB2TWNlLW9WWW1oSFVudTFkbTNRbWVMUHRFaXJGTWxpcGpNMDR5TVJSUjZRNThXR2s1WkRoM3l4eWZVN0xGQ193ZUF6TEtYTWlZakpHTUlVblJsV1EwUTZhLTNCR29hNmRwdHhFWWlRSDJmU1VxMmxBdU5xaWJJNVRjSHJhWE1FM0hVckVhdWdCamFaTUpzR1FWQQ?oc=5\" target=\"_blank\" rel=\"nofollow noopener\">Carla Ba\u00f1uls, convocada por Espa\u00f1a para el Campeonato de Europa de Ciclocross<\/a>&nbsp;&nbsp;Salamanca24horas<\/li>\n<\/ol>\n","protected":false},"excerpt":{"rendered":"Felipe Orts lidera el equipo espa\u00f1ol de ciclocross en el Europeo en Middelkerke (B\u00e9lgica)&nbsp;&nbsp;EsCiclismo.com Felipe Orts lidera a&hellip;\n","protected":false},"author":2,"featured_media":210539,"comment_status":"","ping_status":"","sticky":false,"template":"","format":"standard","meta":{"footnotes":""},"categories":[273],"tags":[4989,1611,3171,15288,313,44324,36308,312,5443,168,960,158,3567,25,24,1489,700,5824,10642,12182,12868,2676,56994,15355,56993,863,5101,56996,23,167,56995,602,14387],"class_list":{"0":"post-210538","1":"post","2":"type-post","3":"status-publish","4":"format-standard","5":"has-post-thumbnail","7":"category-ciclismo","8":"tag-alicantino","9":"tag-ano","10":"tag-belgica","11":"tag-campeonato","12":"tag-ciclismo","13":"tag-ciclocross","14":"tag-combinado","15":"tag-cycling","16":"tag-defiende","17":"tag-deportes","18":"tag-dias","19":"tag-el","20":"tag-encabeza","21":"tag-es","22":"tag-espana","23":"tag-espanol","24":"tag-europa","25":"tag-europeo","26":"tag-felipe","27":"tag-lista","28":"tag-logro","29":"tag-lugar","30":"tag-middelkerke","31":"tag-noviembre","32":"tag-orts","33":"tag-parte","34":"tag-pasado","35":"tag-pontevendra","36":"tag-spain","37":"tag-sports","38":"tag-subcampeonato","39":"tag-tendra","40":"tag-tomara"},"share_on_mastodon":{"url":"https:\/\/pubeurope.com\/@es\/115468110615787442","error":""},"_links":{"self":[{"href":"https:\/\/www.europesays.com\/es\/wp-json\/wp\/v2\/posts\/210538","targetHints":{"allow":["GET"]}}],"collection":[{"href":"https:\/\/www.europesays.com\/es\/wp-json\/wp\/v2\/posts"}],"about":[{"href":"https:\/\/www.europesays.com\/es\/wp-json\/wp\/v2\/types\/post"}],"author":[{"embeddable":true,"href":"https:\/\/www.europesays.com\/es\/wp-json\/wp\/v2\/users\/2"}],"replies":[{"embeddable":true,"href":"https:\/\/www.europesays.com\/es\/wp-json\/wp\/v2\/comments?post=210538"}],"version-history":[{"count":0,"href":"https:\/\/www.europesays.com\/es\/wp-json\/wp\/v2\/posts\/210538\/revisions"}],"wp:featuredmedia":[{"embeddable":true,"href":"https:\/\/www.europesays.com\/es\/wp-json\/wp\/v2\/media\/210539"}],"wp:attachment":[{"href":"https:\/\/www.europesays.com\/es\/wp-json\/wp\/v2\/media?parent=210538"}],"wp:term":[{"taxonomy":"category","embeddable":true,"href":"https:\/\/www.europesays.com\/es\/wp-json\/wp\/v2\/categories?post=210538"},{"taxonomy":"post_tag","embeddable":true,"href":"https:\/\/www.europesays.com\/es\/wp-json\/wp\/v2\/tags?post=210538"}],"curies":[{"name":"wp","href":"https:\/\/api.w.org\/{rel}","templated":true}]}}