{"id":210546,"date":"2025-10-31T09:42:20","date_gmt":"2025-10-31T09:42:20","guid":{"rendered":"https:\/\/www.europesays.com\/es\/210546\/"},"modified":"2025-10-31T09:42:20","modified_gmt":"2025-10-31T09:42:20","slug":"la-miranda-retratada-por-truchuelo-patrimonio-de-la-ciudad","status":"publish","type":"post","link":"https:\/\/www.europesays.com\/es\/210546\/","title":{"rendered":"La Miranda retratada por Truchuelo, patrimonio de la ciudad"},"content":{"rendered":"<p class=\"v-mdl-ath__p v-mdl-ath__p--6\">\nJueves, 30 de octubre 2025, 11:57<\/p>\n<p class=\"v-p\">Las instant\u00e1neas captadas de la ciudad durante m\u00e1s de tres d\u00e9cadas por Enrique Truchuelo pasan a ser patrimonio de la ciudad y de todos los mirandeses gracias a la generosidad de su esposa, Pilar Angulo, que ha cedido al Ayuntamiento, para su custodia y catalogaci\u00f3n en el Archivo municipal, miles de negativos con im\u00e1genes de la localidad captadas a trav\u00e9s del objetivo por el fot\u00f3grafo mirand\u00e9s fallecido en 2016.<\/p>\n<p class=\"v-p\">El fondo aportado consiste en 8 cajas de cart\u00f3n y una cajonera con 10 cajones que almacenan carpetas repletas de negativos fotogr\u00e1ficos con escenas de actos p\u00fablicos, eventos, celebraciones, fiestas, conciertos, manifestaciones y noticias relacionadas con Miranda, realizadas entre 1979 y 2002. <\/p>\n<p class=\"v-p\">Pilar Angulo cede todo ese material inventariado al Ayuntamiento, por tiempo indefinido, su custodia y su uso con el fin de garantizar su conservaci\u00f3n, reproducci\u00f3n digital y divulgaci\u00f3n entre las personas investigadoras y la ciudadan\u00eda en general, para su utilizaci\u00f3n futura con fines culturales e hist\u00f3ricos y en los usos derivados de la promoci\u00f3n del conocimiento de la vida local en general, ya que este archivo posee un gran un inter\u00e9s cultural, hist\u00f3rico, y did\u00e1ctico y por lo tanto se le reconoce un valor patrimonial. <\/p>\n<p class=\"v-p\">La cesi\u00f3n quedar\u00e1 adscrita al Archivo Municipal y el dep\u00f3sito en r\u00e9gimen de comodato de este conjunto no supone en ning\u00fan caso el traspaso de la titularidad y los derechos de autor.<\/p>\n<p class=\"v-p\">Como agradecimiento a la cesi\u00f3n de este magn\u00edfico fondo fotogr\u00e1fico la alcaldesa, Aitana Hernando, ha hecho entrega a Pilar Angulo de una fachada del Ayuntamiento de Miranda con una leyenda en la que se refleja el agradecimiento del Consistorio y la fecha de la cesi\u00f3n. <\/p>\n<p class=\"v-p\">Y es que, como apuntaba el concejal de Cultural, Carlos Diez Javiz, la cesi\u00f3n del material \u00absupone una enorme contribuci\u00f3n para el conocimiento de la ciudad y su actividad en esos a\u00f1os y constituye un important\u00edsimo legado tanto hist\u00f3rico como cultural y art\u00edstico que engrandece nuestro patrimonio. Es la memoria fotogr\u00e1fica de la ciudad del \u00faltimo cuarto del siglo XX\u00bb.<\/p>\n<p class=\"v-p\">En ese sentido, Hernando quiso agradecer a Pilar Angulo la cesi\u00f3n de \u00abeste excelente material y recordar una vez m\u00e1s con gran reconocimiento, como tantos mirandeses y mirandesas hacen, al magn\u00edfico profesional que fue Enrique Truchuelo, lo que le hizo ganar varios premios importantes a lo largo de su carrera. Truchuelo ha trascendido no s\u00f3lo por su gran carisma personal sino tambi\u00e9n por su espectacular trabajo, que ha formado parte de la vida cotidiana de Miranda y de muchos de sus vecinos y vecinas, que le profesaron y lo siguen haciendo, mucho cari\u00f1o y estima. Pilar y Truchuelo formaron una gran pareja profesional que alcanz\u00f3 el \u00e9xito viviendo la fotograf\u00eda como una parte maravillosa de sus vidas. Gracias, siempre, a ambos\u00bb.<\/p>\n<p>Reporta un error<\/p>\n","protected":false},"excerpt":{"rendered":"Jueves, 30 de octubre 2025, 11:57 Las instant\u00e1neas captadas de la ciudad durante m\u00e1s de tres d\u00e9cadas por&hellip;\n","protected":false},"author":2,"featured_media":210547,"comment_status":"","ping_status":"","sticky":false,"template":"","format":"standard","meta":{"footnotes":""},"categories":[173],"tags":[229,233,231,230,777,232,234,146,147,25,24,9126,1397,22705,23,56997],"class_list":{"0":"post-210546","1":"post","2":"type-post","3":"status-publish","4":"format-standard","5":"has-post-thumbnail","7":"category-arte-y-diseno","8":"tag-arte","9":"tag-arte-y-diseno","10":"tag-arts","11":"tag-arts-and-design","12":"tag-ciudad","13":"tag-design","14":"tag-diseno","15":"tag-entertainment","16":"tag-entretenimiento","17":"tag-es","18":"tag-espana","19":"tag-miranda","20":"tag-patrimonio","21":"tag-retratada","22":"tag-spain","23":"tag-truchuelo"},"share_on_mastodon":{"url":"","error":""},"_links":{"self":[{"href":"https:\/\/www.europesays.com\/es\/wp-json\/wp\/v2\/posts\/210546","targetHints":{"allow":["GET"]}}],"collection":[{"href":"https:\/\/www.europesays.com\/es\/wp-json\/wp\/v2\/posts"}],"about":[{"href":"https:\/\/www.europesays.com\/es\/wp-json\/wp\/v2\/types\/post"}],"author":[{"embeddable":true,"href":"https:\/\/www.europesays.com\/es\/wp-json\/wp\/v2\/users\/2"}],"replies":[{"embeddable":true,"href":"https:\/\/www.europesays.com\/es\/wp-json\/wp\/v2\/comments?post=210546"}],"version-history":[{"count":0,"href":"https:\/\/www.europesays.com\/es\/wp-json\/wp\/v2\/posts\/210546\/revisions"}],"wp:featuredmedia":[{"embeddable":true,"href":"https:\/\/www.europesays.com\/es\/wp-json\/wp\/v2\/media\/210547"}],"wp:attachment":[{"href":"https:\/\/www.europesays.com\/es\/wp-json\/wp\/v2\/media?parent=210546"}],"wp:term":[{"taxonomy":"category","embeddable":true,"href":"https:\/\/www.europesays.com\/es\/wp-json\/wp\/v2\/categories?post=210546"},{"taxonomy":"post_tag","embeddable":true,"href":"https:\/\/www.europesays.com\/es\/wp-json\/wp\/v2\/tags?post=210546"}],"curies":[{"name":"wp","href":"https:\/\/api.w.org\/{rel}","templated":true}]}}