{"id":210563,"date":"2025-10-31T09:52:12","date_gmt":"2025-10-31T09:52:12","guid":{"rendered":"https:\/\/www.europesays.com\/es\/210563\/"},"modified":"2025-10-31T09:52:12","modified_gmt":"2025-10-31T09:52:12","slug":"decenas-de-miles-de-judios-ultraortodoxos-protestan-contra-el-servicio-militar-en-jerusalen","status":"publish","type":"post","link":"https:\/\/www.europesays.com\/es\/210563\/","title":{"rendered":"Decenas de miles de jud\u00edos ultraortodoxos protestan contra el servicio militar en Jerusal\u00e9n"},"content":{"rendered":"<p>JERUSAL\u00c9N (AP) \u2014 Decenas de miles de hombres ultraortodoxos cubrieron el jueves el centro de Jerusal\u00e9n con un mar de atuendos negros para protestar contra los planes de reclutarlos en el Ej\u00e9rcito, cantando, aplaudiendo y sosteniendo carteles que dec\u00edan que preferir\u00edan ir a la c\u00e1rcel.<\/p>\n<p>Las profundas divisiones en la sociedad israel\u00ed sobre la actual exenci\u00f3n del servicio militar otorgada a los ultraortodoxos se han convertido en la amenaza m\u00e1s seria para el gobierno del primer ministro Benjamin Netanyahu.<\/p>\n<p>El asediado l\u00edder depende de los partidos ultraortodoxos para mantener su gobierno a flote, pero sus intentos de aprobar una ley para eximir permanentemente a los israel\u00edes ultraortodoxos del servicio militar podr\u00edan hundir a su gobierno y provocar elecciones anticipadas.<\/p>\n<p>Israel cerr\u00f3 la carretera principal en la entrada a Jerusal\u00e9n y despleg\u00f3 a m\u00e1s de 2.000 agentes, mientras decenas de miles de ultraortodoxos, conocidos como haredim, llenaban las calles. Un adolescente muri\u00f3 en la protesta, mayormente pac\u00edfica, tras caer de un edificio en construcci\u00f3n cercano a la manifestaci\u00f3n, inform\u00f3 la polic\u00eda.<\/p>\n<p>La protesta pr\u00e1cticamente paraliz\u00f3 la ciudad, provocando el cierre de carreteras y la suspensi\u00f3n del servicio de transporte p\u00fablico.<\/p>\n<p>\u00bfQui\u00e9nes son los haredim?<\/p>\n<p>Cerca de 1,3 millones de jud\u00edos ultraortodoxos constituyen alrededor del 13% de la poblaci\u00f3n de Israel y se oponen a la conscripci\u00f3n porque consideran que su deber m\u00e1s importante es estudiar a tiempo completo en seminarios religiosos.<\/p>\n<p>La exenci\u00f3n del reclutamiento para los ultraortodoxos se remonta a la fundaci\u00f3n de Israel en 1948, cuando un peque\u00f1o n\u00famero de eruditos talentosos fueron eximidos del servicio militar. Pero con el impulso de partidos religiosos pol\u00edticamente poderosos, la cifra fue aumentando con el paso de las d\u00e9cadas. El tribunal declar\u00f3 en 2017que las exenciones eran ilegales, pero las repetidas extensiones y las t\u00e1cticas de demora del gobierno han impedido que se apruebe una ley de reemplazo.<\/p>\n<p>Las amplias exenciones del servicio militar obligatorio reabrieron una profunda divisi\u00f3n en el pa\u00eds y enfurecieron a gran parte del p\u00fablico general durante la guerra en Gaza. M\u00e1s de 900 soldados han muerto desde que comenzaron los combates. Muchos soldados de reserva han servido cientos de d\u00edas en varios recorridos de servicio, y el Ej\u00e9rcito ha advertido repetidamente que se necesitan desesperadamente m\u00e1s soldados para satisfacer las necesidades de defensa de Israel.<\/p>\n<p>Firme oposici\u00f3n a servir en el Ej\u00e9rcito<\/p>\n<p>Decenas de miles de haredim se reunieron el jueves en la entrada de Jerusal\u00e9n para un animado mitin de oraci\u00f3n mientras los altavoces reproduc\u00edan m\u00fasica espiritual a un alto volumen, aunque la convocatoria fue menor que los cientos de miles de asistentes previstos por los medios israel\u00edes.<\/p>\n<p>Debido a la observancia de estrictas medidas de modestia que impiden la mezcla de hombres y mujeres no casados, la protesta fue enteramente masculina, con la excepci\u00f3n de una peque\u00f1a \u00e1rea separada, reservada para las mujeres. Los manifestantes persiguieron a una reportera de Channel 12 que trataba de informar desde la protesta principal.<\/p>\n<p>Muchos manifestantes dijeron que prefieren morir que servir en el Ej\u00e9rcito, pues les preocupa que esa instituci\u00f3n corrompa sus estrictas tradiciones religiosas.<\/p>\n<p>\u201cUn var\u00f3n de 18 a\u00f1os podr\u00eda ser encarcelado por desear dedicar su vida a ser un erudito y aprender exclusivamente la Tor\u00e1\u201d, se\u00f1al\u00f3 Baruch Debchic. \u201cEsa es la triste situaci\u00f3n en la que nos encontramos actualmente\u201d.<\/p>\n<p>Tras varias horas, la polic\u00eda us\u00f3 ca\u00f1ones de agua para dispersar a los manifestantes, que se rehusaron a abandonar las calles.<\/p>\n<p>El desaf\u00edo m\u00e1s grave para el gobierno de Netanyahu<\/p>\n<p>Los dos partidos ultraortodoxos del pa\u00eds fueron una parte esencial de la fr\u00e1gil coalici\u00f3n de Netanyahu antes de que se retiraran durante el verano, enfurecidos por la propuesta de legislaci\u00f3n sobre el servicio militar. Sin embargo, todav\u00eda suelen votar con el primer ministro, lo que ha permitido que su gobierno sobreviva.<\/p>\n<p>La insistencia de los l\u00edderes haredi en aprobar una ley que codifique una exenci\u00f3n permanente del servicio militar podr\u00eda cambiar eso. El tema del reclutamiento para los miembros de ese grupo ha forzado varias elecciones anticipadas en la \u00faltima d\u00e9cada, dijo Lahav Harkov, investigador principal del grupo de analistas Instituto Misgav para la Seguridad Nacional.<\/p>\n<p>Las elecciones est\u00e1n programadas para noviembre del pr\u00f3ximo a\u00f1o, pero es probable que Netanyahu se vea obligado a convocar comicios anticipados en los pr\u00f3ximos meses.<\/p>\n<p>La ley de alistamiento actual<\/p>\n<p>El detonante de la protesta del jueves fue la decisi\u00f3n de llevar la legislaci\u00f3n sobre el reclutamiento a discusi\u00f3n en un comit\u00e9 del Parlamento israel\u00ed, conocido como Knesset, la pr\u00f3xima semana, a pesar de la profunda oposici\u00f3n al proyecto de ley que existe aun dentro del propio partido de Netanyahu. Este es el primer paso antes de que el proyecto de ley pueda ser llevado al pleno de la Knesset para una votaci\u00f3n.<\/p>\n<p>Los miembros haredi de la Knesset no han podido obtener las dos cosas que su comunidad demanda: una exenci\u00f3n permanente del servicio militar y un aumento en los presupuestos para su comunidad, explic\u00f3 Shuki Friedman, vicepresidente del Instituto de Pol\u00edticas del Pueblo Jud\u00edo, un grupo de analistas de Jerusal\u00e9n, y experto en temas haredi.<\/p>\n<p>Una serie de casos en la Corte Suprema han reducido el presupuesto que permite a los hombres haredi estudiar a tiempo completo a cambio de un estipendio del estado. Hasta ahora, los partidos han asignado un financiamiento temporal como medida provisional, pero esos estipendios est\u00e1n cada vez m\u00e1s amenazados.<\/p>\n<p>\u201cEsta es una protesta contra el gobierno, porque puede derribar la coalici\u00f3n, y contra la oposici\u00f3n para mostrar cu\u00e1nto poder tienen\u201d, afirm\u00f3 Friedman. \u201cY dentro del mundo haredi, est\u00e1n preocupados por la presi\u00f3n interna, por lo que tratan de dar una muestra de unidad\u201d, a\u00f1adi\u00f3.<\/p>\n<p>Algunas voces de la comunidad haredi abogan por una soluci\u00f3n pragm\u00e1tica, que podr\u00eda incluir que se permita que un peque\u00f1o grupo de hombres haredi que no estudian textos jud\u00edos a tiempo completo sirvan en el Ej\u00e9rcito, pero la protesta es un intento de dar una muestra unida de fuerza contra cualquier tipo de transigencia, explic\u00f3 Friedman.<\/p>\n<p>\u2014\u2014-<\/p>\n<p>Lidman inform\u00f3 desde Tel Aviv, Israel. El periodista de The Associated Press Josef Federman contribuy\u00f3 desde Jerusal\u00e9n.<\/p>\n<p>___<\/p>\n<p>Esta historia fue traducida del ingl\u00e9s por un editor de AP con la ayuda de una herramienta de inteligencia artificial generativa.<\/p>\n","protected":false},"excerpt":{"rendered":"JERUSAL\u00c9N (AP) \u2014 Decenas de miles de hombres ultraortodoxos cubrieron el jueves el centro de Jerusal\u00e9n con un&hellip;\n","protected":false},"author":2,"featured_media":210564,"comment_status":"","ping_status":"","sticky":false,"template":"","format":"standard","meta":{"footnotes":""},"categories":[42],"tags":[17,18,13,14,1714,11,61,62,63,64,19,20,9,10,15,16,12,21,22,65,66,67],"class_list":{"0":"post-210563","1":"post","2":"type-post","3":"status-publish","4":"format-standard","5":"has-post-thumbnail","7":"category-internacional","8":"tag-breaking-news","9":"tag-breakingnews","10":"tag-featured-news","11":"tag-featurednews","12":"tag-general-news","13":"tag-headlines","14":"tag-internacional","15":"tag-international","16":"tag-international-news","17":"tag-internationalnews","18":"tag-latest-news","19":"tag-latestnews","20":"tag-news","21":"tag-noticias","22":"tag-noticias-destacadas","23":"tag-noticiasdestacadas","24":"tag-titulares","25":"tag-ultimas-noticias","26":"tag-ultimasnoticias","27":"tag-world","28":"tag-world-news","29":"tag-worldnews"},"share_on_mastodon":{"url":"https:\/\/pubeurope.com\/@es\/115468169665226303","error":""},"_links":{"self":[{"href":"https:\/\/www.europesays.com\/es\/wp-json\/wp\/v2\/posts\/210563","targetHints":{"allow":["GET"]}}],"collection":[{"href":"https:\/\/www.europesays.com\/es\/wp-json\/wp\/v2\/posts"}],"about":[{"href":"https:\/\/www.europesays.com\/es\/wp-json\/wp\/v2\/types\/post"}],"author":[{"embeddable":true,"href":"https:\/\/www.europesays.com\/es\/wp-json\/wp\/v2\/users\/2"}],"replies":[{"embeddable":true,"href":"https:\/\/www.europesays.com\/es\/wp-json\/wp\/v2\/comments?post=210563"}],"version-history":[{"count":0,"href":"https:\/\/www.europesays.com\/es\/wp-json\/wp\/v2\/posts\/210563\/revisions"}],"wp:featuredmedia":[{"embeddable":true,"href":"https:\/\/www.europesays.com\/es\/wp-json\/wp\/v2\/media\/210564"}],"wp:attachment":[{"href":"https:\/\/www.europesays.com\/es\/wp-json\/wp\/v2\/media?parent=210563"}],"wp:term":[{"taxonomy":"category","embeddable":true,"href":"https:\/\/www.europesays.com\/es\/wp-json\/wp\/v2\/categories?post=210563"},{"taxonomy":"post_tag","embeddable":true,"href":"https:\/\/www.europesays.com\/es\/wp-json\/wp\/v2\/tags?post=210563"}],"curies":[{"name":"wp","href":"https:\/\/api.w.org\/{rel}","templated":true}]}}