{"id":210575,"date":"2025-10-31T10:03:11","date_gmt":"2025-10-31T10:03:11","guid":{"rendered":"https:\/\/www.europesays.com\/es\/210575\/"},"modified":"2025-10-31T10:03:11","modified_gmt":"2025-10-31T10:03:11","slug":"iker-benito-tiene-roto-el-ligamento-cruzado","status":"publish","type":"post","link":"https:\/\/www.europesays.com\/es\/210575\/","title":{"rendered":"Iker Benito tiene roto el ligamento cruzado"},"content":{"rendered":"<p>\n        Osasuna public\u00f3 a primera hora de la tarde de ayer jueves el comunicado en el que se confirmaron los peores presagios: <a href=\"https:\/\/www.noticiasdenavarra.com\/tags\/iker-benito\/\" title=\"Iker Benito\" class=\"link copy\" rel=\"nofollow noopener\" target=\"_blank\">Iker Benito<\/a> tiene roto el ligamento cruzado anterior de su rodilla derecha. <strong>El canterano rojillo se lesion\u00f3 en una de las \u00faltimas jugadas del partido de Copa<\/strong> que disput\u00f3 y gan\u00f3 su equipo este pasado mi\u00e9rcoles en Palma contra el Sant Jordi mallorqu\u00edn (0-5) y las pruebas que le realizaron ayer jueves sirvieron para revelar un contratiempo enorme para el futbolista y tambi\u00e9n para el club.\n<\/p>\n<p class=\"article-body__text \">\n        \u201c<strong>El jugador ser\u00e1 intervenido quir\u00fargicamente la pr\u00f3xima semana como paso previo al inicio de su proceso de recuperaci\u00f3n<\/strong>\u201d, a\u00f1adi\u00f3 el club navarro en su escrito, en el que no aparece el tiempo que Iker Benito estar\u00e1 alejado de los terrenos de juego, aunque ser\u00e1 un periodo nunca inferior a los seis meses, por lo que se pierde lo que resta de temporada.\n<\/p>\n<p>            <a href=\"https:\/\/www.noticiasdenavarra.com\/opinion\/2025\/10\/30\/sant-jordi-osasuna-copa-rey-iker-benito-10282724.html\" title=\"Sant Jordi - Osasuna | Hay d\u00edas que la Copa sale cara\" class=\"new__media\" rel=\"nofollow noopener\" target=\"_blank\"><\/p>\n<p>                <img alt=\"Sant Jordi - Osasuna | Hay d\u00edas que la Copa sale cara\" data-src=\"https:\/\/www.europesays.com\/es\/wp-content\/uploads\/2025\/10\/0ce949f0-60d5-4cb5-832c-d53bec29dabd_16-9-aspect-ratio_default_0_x0y0.jpg\" class=\"lozad\"\/><\/p>\n<p>        <\/a><\/p>\n<p>        <a href=\"https:\/\/www.noticiasdenavarra.com\/opinion\/2025\/10\/30\/sant-jordi-osasuna-copa-rey-iker-benito-10282724.html\" title=\"Sant Jordi - Osasuna | Hay d\u00edas que la Copa sale cara\" class=\"new__headline\" rel=\"nofollow noopener\" target=\"_blank\"><br \/>\n            Sant Jordi &#8211; Osasuna | Hay d\u00edas que la Copa sale cara<br \/>\n        <\/a><\/p>\n<p class=\"article-body__text \">\n        Iker Benito se march\u00f3 el mi\u00e9rcoles de Son Malferit, el estadio donde jug\u00f3 Osasuna, con l\u00e1grimas en los ojos y la sensaci\u00f3n de que hab\u00eda sufrido una grave lesi\u00f3n, pese a que, tras la primera exploraci\u00f3n, lo \u00fanico que pudo avanzar el club fue un fuerte traumatismo en la rodilla derecha del jugador. \u201cNos vamos con cara de tontos por lo que le ha pasado a Iker\u201d, dijo su entrenador, Alessio Lisci, en la conferencia de prensa posterior al choque. Y es que el t\u00e9cnico italiano perdi\u00f3 un efectivo m\u00e1s y adem\u00e1s uno al que ya tuvo a sus \u00f3rdenes el curso pasado en el Mirand\u00e9s.\n<\/p>\n<p>  A la espera del mercado\u00a0<\/p>\n<p class=\"article-body__text \">\n        La lesi\u00f3n de Iker Benito le llega al canterano rojillo, de 23 a\u00f1os y natural de Miranda de Ebro (Burgos), en un momento en el que, con Valentin Rosier en el dique seco, iba a disponer de m\u00e1s oportunidades para actuar en el carril derecho, aunque eso es lo que dice la teor\u00eda, ya que contra el Celta, el pasado domingo, fue Moncayola el elegido para jugar en la posici\u00f3n del franc\u00e9s, aunque ocupando en muchas ocasiones posiciones m\u00e1s interiores que de banda.\n<\/p>\n<p class=\"article-body__text \">\n        El que la enfermer\u00eda de Osasuna haya recibido un nuevo inquilino refuerza la idea de acudir al mercado de invierno en busca de refuerzos de la que ya habl\u00f3 el director deportivo del club, <a href=\"https:\/\/www.noticiasdenavarra.com\/osasuna\/2025\/10\/21\/braulio-equivoque-plantilla-corta-10245916.html\" title=\"Braulio V\u00e1zquez\" class=\"link copy\" rel=\"nofollow noopener\" target=\"_blank\">Braulio V\u00e1zquez<\/a>, recientemente. La intenci\u00f3n de la entidad rojilla es ahora mismo la de tirar hasta enero, que es cuando abre el mercado, con lo que tiene (es decir, con Moncayola o alg\u00fan otro futbolista fuera de su posici\u00f3n o jugando a pierna cambiada, sin descartar a Arguibide, el lateral derecho del filial), puesto que consideran que ahora mismo es complicado que aparezca alguien en paro, \u00fanica opci\u00f3n para fichar de inmediato, y que est\u00e9 en condiciones de competir desde el primer d\u00eda.<\/p>\n","protected":false},"excerpt":{"rendered":"Osasuna public\u00f3 a primera hora de la tarde de ayer jueves el comunicado en el que se confirmaron&hellip;\n","protected":false},"author":2,"featured_media":210576,"comment_status":"","ping_status":"","sticky":false,"template":"","format":"standard","meta":{"footnotes":""},"categories":[268],"tags":[11271,8824,168,25,24,280,282,12929,8379,23562,281,23,167],"class_list":{"0":"post-210575","1":"post","2":"type-post","3":"status-publish","4":"format-standard","5":"has-post-thumbnail","7":"category-futbol","8":"tag-benito","9":"tag-confirman","10":"tag-deportes","11":"tag-es","12":"tag-espana","13":"tag-football","14":"tag-futbol","15":"tag-iker","16":"tag-peores","17":"tag-pronosticos","18":"tag-soccer","19":"tag-spain","20":"tag-sports"},"share_on_mastodon":{"url":"https:\/\/pubeurope.com\/@es\/115468212940027872","error":""},"_links":{"self":[{"href":"https:\/\/www.europesays.com\/es\/wp-json\/wp\/v2\/posts\/210575","targetHints":{"allow":["GET"]}}],"collection":[{"href":"https:\/\/www.europesays.com\/es\/wp-json\/wp\/v2\/posts"}],"about":[{"href":"https:\/\/www.europesays.com\/es\/wp-json\/wp\/v2\/types\/post"}],"author":[{"embeddable":true,"href":"https:\/\/www.europesays.com\/es\/wp-json\/wp\/v2\/users\/2"}],"replies":[{"embeddable":true,"href":"https:\/\/www.europesays.com\/es\/wp-json\/wp\/v2\/comments?post=210575"}],"version-history":[{"count":0,"href":"https:\/\/www.europesays.com\/es\/wp-json\/wp\/v2\/posts\/210575\/revisions"}],"wp:featuredmedia":[{"embeddable":true,"href":"https:\/\/www.europesays.com\/es\/wp-json\/wp\/v2\/media\/210576"}],"wp:attachment":[{"href":"https:\/\/www.europesays.com\/es\/wp-json\/wp\/v2\/media?parent=210575"}],"wp:term":[{"taxonomy":"category","embeddable":true,"href":"https:\/\/www.europesays.com\/es\/wp-json\/wp\/v2\/categories?post=210575"},{"taxonomy":"post_tag","embeddable":true,"href":"https:\/\/www.europesays.com\/es\/wp-json\/wp\/v2\/tags?post=210575"}],"curies":[{"name":"wp","href":"https:\/\/api.w.org\/{rel}","templated":true}]}}