{"id":210577,"date":"2025-10-31T10:04:10","date_gmt":"2025-10-31T10:04:10","guid":{"rendered":"https:\/\/www.europesays.com\/es\/210577\/"},"modified":"2025-10-31T10:04:10","modified_gmt":"2025-10-31T10:04:10","slug":"su-vida-de-alquiler-en-arturo-soria-junto-a-su-hijo","status":"publish","type":"post","link":"https:\/\/www.europesays.com\/es\/210577\/","title":{"rendered":"su vida de alquiler en Arturo Soria junto a su hijo"},"content":{"rendered":"<p class=\"paragraph\" id=\"paragraph_1\">El pasado 8 de octubre la venezolana<strong> Ivonne Reyes<\/strong> cumpli\u00f3 58 a\u00f1os y lo hizo en un per\u00edodo personal de transici\u00f3n, de cambios y retos. La presentadora deja atr\u00e1s una etapa complicada en la que reconoci\u00f3 su <strong>ruina econ\u00f3mica<\/strong>. \u00abMe he acogido a la Ley de la Segunda Oportunidad\u00bb, asever\u00f3.<\/p>\n<p class=\"paragraph\" id=\"paragraph_2\">Sostuvo a principios de a\u00f1o Reyes que ha llegado a perder tres casas y 10 millones de euros. Una situaci\u00f3n, qu\u00e9 duda cabe, l\u00edmite que, poco a poco, va dejando en el pasado como puede y, sobre todo, con <strong>trabajo y reinvenci\u00f3n<\/strong>.<\/p>\n<p class=\"paragraph\" id=\"paragraph_3\">Si algo caracteriza a la comunicadora es que no hay proyecto imposible para ella o que no quiera afrontar. Gran trabajadora, Ivonne mira siempre al futuro con optimismo y una sonrisa que no siempre ha estado pintada en su rostro. <strong>Hubo un tiempo gris que tambi\u00e9n qued\u00f3 desterrado<\/strong>.<\/p>\n<p><img loading=\"lazy\" decoding=\"async\" alt=\"La nueva vida de \u00c1lex, el hijo de Ivonne Reyes y Pepe Navarro, como camarero en Madrid: los datos y lo que piensa su madre\" height=\"180\" src=\"https:\/\/www.europesays.com\/es\/wp-content\/uploads\/2025\/10\/1003743883873_257940203_320x180.jpg\" width=\"320\" data-lazy-status=\"processed\" data-lazy-info=\"remove loading item 1\"\/><\/p>\n<p><img decoding=\"async\" alt=\"Ivonne Reyes, en una imagen reciente.\" data-imgm=\"true\" height=\"180\" loading=\"lazy\"  src=\"https:\/\/www.europesays.com\/es\/wp-content\/uploads\/2025\/10\/1003743992777_259665014_1024x576.jpg\"  width=\"320\"\/><\/p>\n<p>                                                            Ivonne Reyes, en una imagen reciente.<\/p>\n<p>                    Gtres<\/p>\n<p class=\"paragraph\" id=\"paragraph_4\">El trabajo es un buen b\u00e1lsamo para Ivonne, y en \u00e9l est\u00e1 centrada al m\u00e1ximo. Seg\u00fan ha podido conocer <strong>EL ESPA\u00d1OL<\/strong>, a corto plazo la presentadora se prepara para el estreno de una nueva temporada de su p\u00f3dcast, La mirada de Ivonne.<\/p>\n<p class=\"paragraph\" id=\"paragraph_5\">Conviene puntualizar que en dicho formato Reyes aborda temas de crecimiento personal, bienestar y <strong>experiencias de vida<\/strong>. Tambi\u00e9n, en ediciones anteriores, ha realizado <strong>interesantes entrevistas<\/strong> a personalidades de toda \u00edndole. <\/p>\n<p class=\"paragraph\" id=\"paragraph_6\"><strong\/>En paralelo, Ivonne tambi\u00e9n da <strong>consejos de nutrici\u00f3n<\/strong> en sus redes sociales y participa activamente en congresos internacionales como los organizados por PM-International, una multinacional alemana especializada en productos de salud, belleza y bienestar.<\/p>\n<p class=\"paragraph\" id=\"paragraph_7\">Hay que decir que, en esta \u00faltima multinacional, Ivonne colabora como<strong> embajadora<\/strong>. Especial menci\u00f3n merecen en este punto dos personas clave en la vida de Ivonne, y tambi\u00e9n en su arrojo y ganas de seguir, de caer y levantarse: su hermana, <strong>Clairet<\/strong>, y su hijo, <a cmp-ltrk=\"links-parrafos\" cmp-ltrk-idx=\"1\" data-mrf-link=\"https:\/\/www.elespanol.com\/corazon\/famosos\/20250317\/lado-conocido-alejandro-hijo-ivonne-reyes-negocio-frustrado-ropa-proyecto-hollywood\/929657089_0.html\" href=\"https:\/\/www.elespanol.com\/corazon\/famosos\/20250317\/lado-conocido-alejandro-hijo-ivonne-reyes-negocio-frustrado-ropa-proyecto-hollywood\/929657089_0.html?utm_cmp_rs=linksinline\" mrfobservableid=\"36c691c8-9512-436c-8fb6-dc0ed97c47b6\" rel=\"nofollow noopener\" target=\"_blank\"><strong>Alejandro Reyes<\/strong><\/a> (25). <\/p>\n<p class=\"paragraph\" id=\"paragraph_8\">La uni\u00f3n de Ivonne y su v\u00e1stago es m\u00e1xima. Ambos viven, <strong>en r\u00e9gimen de alquiler<\/strong>, en un piso situado en el barrio madrile\u00f1o de Arturo Soria. Los dos<strong> se apoyan<\/strong> y se ayudan en todo lo que pueden. A \u00c1lex ning\u00fan trabajo le parece indigno y a sus 25 a\u00f1os ha hecho de todo. <\/p>\n<p class=\"paragraph\" id=\"paragraph_9\">Toda persona que conoce a Alejandro dice de \u00e9l que es un joven que siempre ha luchado por su sue\u00f1o: <strong>convertirse en actor<\/strong>. Y, en la l\u00ednea de ese af\u00e1n, \u00c1lex no para de trabajar, de formarse, de presentarse a castinas. <strong>Est\u00e1 labr\u00e1ndose un s\u00f3lido futuro<\/strong>.<\/p>\n<p class=\"paragraph\" id=\"paragraph_10\">\u00c9l mismo ha admitido a EL ESPA\u00d1OL que <strong>no est\u00e1 siendo un camino f\u00e1cil<\/strong>, pero tampoco tiene prisa. Por eso, en per\u00edodo menos boyantes en cuanto a ofertas, \u00c1lex no duda en trabajar de lo que sea.<\/p>\n<p class=\"paragraph\" id=\"paragraph_11\">Hace un tiempo se dedic\u00f3 a <strong>recoger aceituna<\/strong>, y el pasado mes de agosto debut\u00f3 como <strong>camarero<\/strong> en Madrid. El tambi\u00e9n hijo de <strong>Pepe Navarro<\/strong> (73) fue captado tras una barra, en las fiestas de San Cayetano, en Madrid.<\/p>\n<p class=\"paragraph\" id=\"paragraph_12\">Tras aquellas im\u00e1genes, EL ESPA\u00d1OL pudo charlar con una fuente pr\u00f3xima a la familia, y desliz\u00f3: \u00abLa persona a la que le sorprenda que un chaval se busque la vida para ser independiente de la forma que pueda es que no vive en este mundo. <strong>Esto es lo m\u00e1s normal<\/strong>\u00ab.<\/p>\n<p>La formaci\u00f3n de \u00c1lex<\/p>\n<p class=\"paragraph\" data-mrf-recirculation=\"links-parrafos\" id=\"paragraph_13\">Este oficio temporal de camarero ha compaginado a la perfecci\u00f3n con los sue\u00f1os y metas de Alejandro.<\/p>\n<p class=\"paragraph\" data-mrf-recirculation=\"links-parrafos\" id=\"paragraph_14\">El joven ha participado en cortometrajes, ha hecho figuraci\u00f3n en pel\u00edculas, ha dirigido el podcast de su madre<strong> La Mirada de Ivonne<\/strong>, y ha sido candidato al Goya a Mejor Actor de Reparto por su papel en Balas y Katanas.<\/p>\n<p class=\"paragraph\" data-mrf-recirculation=\"links-parrafos\" id=\"paragraph_15\">Alejandro sigue siendo un actor con formaci\u00f3n en la <strong>New York Film Academy<\/strong>, donde se especializ\u00f3 en t\u00e9cnicas como <strong>Lee Strasberg<\/strong>, <strong>Meisner<\/strong> y <strong>Stella Adler<\/strong>. Pero como \u00e9l mismo ha reconocido en varias entrevistas, el camino hacia el estrellato no es recto ni glamouroso.<\/p>\n<p><img decoding=\"async\" alt=\"Alejandro Reyes, en una imagen tomada en un acto p\u00fablico.\" data-imgm=\"true\" height=\"1152\" loading=\"lazy\"  src=\"https:\/\/www.europesays.com\/es\/wp-content\/uploads\/2025\/10\/1003743884158_257945211_960x1706.jpg\"  width=\"648\"\/><\/p>\n<p>                                                            Alejandro Reyes, en una imagen tomada en un acto p\u00fablico.<\/p>\n<p>                    Gtres<\/p>\n<p class=\"paragraph\" data-mrf-recirculation=\"links-parrafos\" id=\"paragraph_16\">\u00abHe trabajado recogiendo aceitunas, he sido camarero, <strong>he tocado muchas puertas<\/strong>. Esta profesi\u00f3n es una marat\u00f3n, no un sprint\u00bb, confes\u00f3 a EL ESPA\u00d1OL en una entrevista en julio de 2024.<\/p>\n<p class=\"paragraph\" data-mrf-recirculation=\"links-parrafos\" id=\"paragraph_17\">\u00abMi madre ha cumplido los dos roles: <strong>madre y padre<\/strong>. Nunca he echado en falta una figura paterna\u00bb, declar\u00f3 a este medio. En su entrevista , \u00c1lex tambi\u00e9n reflexion\u00f3 sobre el peso de su apellido: \u00abHe llegado a pensar que el apellido de mis padres me ha condicionado como actor\u00bb.<\/p>\n<p class=\"paragraph\" data-mrf-recirculation=\"links-parrafos\" id=\"paragraph_18\">Y apostill\u00f3: \u00ab<strong>A veces ayuda<\/strong>, <strong>pero otras te encasilla<\/strong>. Yo quiero que me valoren por mi trabajo, no por mi historia familiar\u00bb. Huelga decir, porque es algo que se debe subrayar, que Alejandro no se deja arrastrar por la <strong>pol\u00e9mica judicial<\/strong> que han protagonizado sus padres durante a\u00f1os.<\/p>\n<p>Pol\u00e9mica paternidad<\/p>\n<p class=\"paragraph\" data-mrf-recirculation=\"links-parrafos\" id=\"paragraph_19\">Es <strong>\u00c1lex<\/strong> un joven al que no le falta cari\u00f1o, arropo y <strong>buenos consejos<\/strong>. Tiene una red potente de afecto a su alrededor. Puede presumir de ser una persona bien querida, a pesar de los pesares.<\/p>\n<p class=\"paragraph\" data-mrf-recirculation=\"links-parrafos\" id=\"paragraph_20\">Cumpli\u00f3 los 25 a\u00f1os el pasado mes de abril, en un trance un tanto <strong>agridulce y convulso<\/strong> despu\u00e9s de que su <strong>paternidad<\/strong> volviera a colocarse en primera l\u00ednea televisiva y del papel couch\u00e9.<\/p>\n<p class=\"paragraph\" data-mrf-recirculation=\"links-parrafos\" id=\"paragraph_21\">Llov\u00eda, en realidad, sobre mojado. \u00c9l, Alejandro, <strong>pasa ol\u00edmpicamente de lo que se diga o se especule<\/strong>. Igual le da que se asegure que hay por ah\u00ed una <strong>presunta familia biol\u00f3gica<\/strong> que podr\u00eda probar que no es hijo de Pepe Navarro.<\/p>\n<p class=\"paragraph\" data-mrf-recirculation=\"links-parrafos\" id=\"paragraph_22\">Falacias intencionadas que no le hacen el menor da\u00f1o. <strong>\u00c1lex cree a su madre<\/strong> y, sobre todo, se apoya en una <strong>sentencia firme<\/strong>.<\/p>\n<p class=\"paragraph\" data-mrf-recirculation=\"links-parrafos\" id=\"paragraph_23\">Es <strong>hijo legal y biol\u00f3gico<\/strong> del conductor de Esta noche cruzamos el Mississippi. As\u00ed lo dict\u00f3 un juez y ante una <strong>cosa probada<\/strong> nada hay que hacer. Alejandro vive su vida y no quiere ni o\u00edr hablar de la prensa ni de entrevistas. Nunca se ha sentido c\u00f3modo abordando su parcela m\u00e1s \u00edntima.<\/p>\n<p class=\"paragraph\" data-mrf-recirculation=\"links-parrafos\" id=\"paragraph_24\">Lo ha hecho y <strong>tiene claro que \u00e9se no es el camino que \u00e9l desea trabajar<\/strong>. Se r\u00ede de todo y le resta importancia a cada cosa que le llega. Poca, porque procura ni leer ni informarse.<\/p>\n","protected":false},"excerpt":{"rendered":"El pasado 8 de octubre la venezolana Ivonne Reyes cumpli\u00f3 58 a\u00f1os y lo hizo en un per\u00edodo&hellip;\n","protected":false},"author":2,"featured_media":210578,"comment_status":"","ping_status":"","sticky":false,"template":"","format":"standard","meta":{"footnotes":""},"categories":[174],"tags":[255,146,147,25,24,367,256,563,57001,205,23],"class_list":{"0":"post-210577","1":"post","2":"type-post","3":"status-publish","4":"format-standard","5":"has-post-thumbnail","7":"category-famosos","8":"tag-celebrities","9":"tag-entertainment","10":"tag-entretenimiento","11":"tag-es","12":"tag-espana","13":"tag-familia","14":"tag-famosos","15":"tag-hijos","16":"tag-ivonne-reyes","17":"tag-madrid","18":"tag-spain"},"share_on_mastodon":{"url":"https:\/\/pubeurope.com\/@es\/115468217133449968","error":""},"_links":{"self":[{"href":"https:\/\/www.europesays.com\/es\/wp-json\/wp\/v2\/posts\/210577","targetHints":{"allow":["GET"]}}],"collection":[{"href":"https:\/\/www.europesays.com\/es\/wp-json\/wp\/v2\/posts"}],"about":[{"href":"https:\/\/www.europesays.com\/es\/wp-json\/wp\/v2\/types\/post"}],"author":[{"embeddable":true,"href":"https:\/\/www.europesays.com\/es\/wp-json\/wp\/v2\/users\/2"}],"replies":[{"embeddable":true,"href":"https:\/\/www.europesays.com\/es\/wp-json\/wp\/v2\/comments?post=210577"}],"version-history":[{"count":0,"href":"https:\/\/www.europesays.com\/es\/wp-json\/wp\/v2\/posts\/210577\/revisions"}],"wp:featuredmedia":[{"embeddable":true,"href":"https:\/\/www.europesays.com\/es\/wp-json\/wp\/v2\/media\/210578"}],"wp:attachment":[{"href":"https:\/\/www.europesays.com\/es\/wp-json\/wp\/v2\/media?parent=210577"}],"wp:term":[{"taxonomy":"category","embeddable":true,"href":"https:\/\/www.europesays.com\/es\/wp-json\/wp\/v2\/categories?post=210577"},{"taxonomy":"post_tag","embeddable":true,"href":"https:\/\/www.europesays.com\/es\/wp-json\/wp\/v2\/tags?post=210577"}],"curies":[{"name":"wp","href":"https:\/\/api.w.org\/{rel}","templated":true}]}}