{"id":210681,"date":"2025-10-31T11:20:16","date_gmt":"2025-10-31T11:20:16","guid":{"rendered":"https:\/\/www.europesays.com\/es\/210681\/"},"modified":"2025-10-31T11:20:16","modified_gmt":"2025-10-31T11:20:16","slug":"cuando-y-donde-ver-el-fc-barcelona","status":"publish","type":"post","link":"https:\/\/www.europesays.com\/es\/210681\/","title":{"rendered":"\u00bfCu\u00e1ndo y d\u00f3nde ver el FC Barcelona"},"content":{"rendered":"<p>\u00daltimo partido en el Estadi Ol\u00edmpic antes del par\u00f3n de selecciones. Los de Hansi Flick reciben al Elche en la 11.\u00aa jornada de Liga, en un encuentro en el que los culers buscar\u00e1n reencontrarse con la victoria tras la derrota en el Bernab\u00e9u.<\/p>\n<p>El partido, como siempre, podr\u00e1 seguirse en todo el mundo <a href=\"https:\/\/www.fcbarcelona.es\/es\/futbol\/primer-equipo\/noticias\/4392127\/\u00daltimo%20partido%20en%20el%20Estadio%20Ol\u00edmpico%20antes%20del%20par\u00f3n%20de%20selecciones.%20Los%20de%20Hansi%20Flick%20reciben%20al%20Elche%20en%20la%2011.\u00aa%20jornada%20de%20Liga,%20en%20un%20encuentro%20en%20el%20que%20los%20cul\u00e9s%20buscar\u00e1n%20reencontrarse%20con%20la%20victoria%20tras%20la%20derrota%20en%20el%20Bernab\u00e9u.%20%20El%20partido,%20como%20siempre,%20podr\u00e1%20seguirse%20en%20todo%20el%20mundo%20a%20trav\u00e9s%20del%20minuto%20a%20minuto%20en%20la%20web%20del%20Club,%20as\u00ed%20como%20en%20la%20APP%20oficial.%20Tambi\u00e9n%20en%20los%20perfiles%20oficiales%20de%20las%20distintas%20redes%20sociales.%20%20A%20continuaci\u00f3n,%20repasamos%20los%20horarios%20internacionales:%20%20Estas%20televisiones%20son%20las%20que%20poseen%20los%20derechos,%20pero%20eso%20no%20implica%20necesariamente%20que%20emitan%20el%20partido%20o%20que%20lo%20hayan%20cedido%20a%20otro%20canal.%20Consulta%20la%20programaci\u00f3n%20local%20para%20asegurarte.\" rel=\"nofollow noopener\" target=\"_blank\">a trav\u00e9s del minuto a minuto en la web del Club<\/a>, as\u00ed como en la APP oficial. Tambi\u00e9n en los perfiles oficiales de las distintas redes sociales.<\/p>\n<p>A continuaci\u00f3n, repasamos los horarios internacionales:<\/p>\n<p>                <img decoding=\"async\" src=\"https:\/\/www.europesays.com\/es\/wp-content\/uploads\/2025\/10\/TIMEZONES-ELCHE.jpg\" alt=\"TIMEZONES-ELCHE\" class=\"embeddable-photo__image\"\/><\/p>\n<p>* Estas televisiones son las que poseen los derechos, pero eso no implica necesariamente que emitan el partido o que lo hayan cedido a otro canal. Consulta la programaci\u00f3n local para asegurarte.<\/p>\n<p>Domingo, 2 de noviembre<\/p>\n<p><strong>Canad\u00e1 &#8211; Vancouver (9.30 AM) \/ Toronto (12.30 PM)<\/strong><br \/>FC Barcelona: @fcbarcelona,\u202fwww.fcbarcelona.com, @fcbarcelona_fra, www.fcbarcelona.fr<br \/>TSN (angl\u00e8s), RDS (franc\u00e8s)<\/p>\n<p><strong>Estados Unidos &#8211; Los \u00c1ngeles (9.30 AM) \/ Nueva York (12.30 PM)<\/strong><br \/>FC Barcelona:\u202f@fcbarcelona, www.fcbarcelona.com<br \/>ESPN+, ESPN i ESPN Deportes<\/p>\n<p><strong>Am\u00e9ricas Central y Rep\u00fablica Dominicana &#8211; Panam\u00e1 (12.30 PM) \/ Rep\u00fablica Dominicana (1.30 PM)<\/strong><br \/>FC Barcelona:\u202f@fcbarcelona_es, www.fcbarcelona.es<br \/>Sky \/ Rush Sports<\/p>\n<p><strong>Am\u00e9rica Latina &#8211; Ciudad de M\u00e9xico\u00a0 (11.30 AM) \/ Bogot\u00e1 (12.30 PM) \/ Santiago de Chile (2.30 PM) \/ Buenos Aires (2.30 PM)<\/strong><br \/>FC Barcelona:\u202f@fcbarcelona_es, www.fcbarcelona.es<br \/>Sky, IZZI \/Disney +, ESPN DSports\/<\/p>\n<p><strong>Brasil &#8211; Brasilia (2.30 PM)<\/strong><br \/>FC Barcelona:\u202f\u202f@fcbarcelona_br, \u202fwww.fcbarcelona.com<br \/>Disney +, ESPN<\/p>\n<p><strong>\u00c1frica &#8211; Dakar (5.30 PM) \/Yaund\u00e9 (6.30 PM) \/ Ciudad del Cabo (7.30 PM)<\/strong><br \/>FC\u202fBarcelona:\u202f@fcbarcelona,\u202f www.fcbarcelona.com,\u202f @fcbarcelona_fra, \u202fwww.fcbarcelona.fr<br \/>NW Sport, Canal +, SuperSport, SportyTV<\/p>\n<p><strong>Reino Unido &#8211; Londres (5.30 PM)<\/strong><br \/>FC Barcelona:\u202f@fcbarcelona,\u202f www.fcbarcelona.com<br \/>Disney +, Premier Sports<\/p>\n<p><strong>Francia &#8211; Par\u00eds (6.30 PM)<\/strong><br \/>FC Barcelona: @fcbarcelona_fra, www.fcbarcelona.fr<br \/>BeinSports<\/p>\n<p><strong>Barcelona (6.30 PM)<\/strong><br \/>FCBarcelona:\u202fwww.fcbarcelona.cat, www.fcbarcelona.es, @fcbarcelona_cat, @fcbarcelona_es<br \/>Movistar LaLiga TV, DAZN<\/p>\n<p><strong>Polonia &#8211; Varsovia (6.30 PM)<\/strong><br \/>FC Barcelona: \u202f@fcbarcelona, \u202fwww.fcbarcelona.com<br \/>Eleven Sports, Canal +<\/p>\n<p><strong>Ucrania &#8211; K\u00edev (7.30 PM)<\/strong><br \/>FC Barcelona: \u202f@fcbarcelona, \u202fwww.fcbarcelona.com<br \/>Megogo<\/p>\n<p><strong>Turqu\u00eda &#8211; Estambul (8.30 PM)<\/strong><br \/>FC Barcelona: \u202f@fcbarcelona, \u202fwww.fcbarcelona.com<br \/>Sport +<\/p>\n<p><strong>Rusia &#8211; Mosc\u00fa (8.30 PM)<\/strong><br \/>FC Barcelona: @fcbarcelona, \u202fwww.fcbarcelona.com<br \/>MatchTV<\/p>\n<p><strong>Pa\u00edses \u00c1rabes &#8211; la Meca (8.30 PM)<\/strong><br \/>FC\u202fBarcelona: @fcbarcelona, \u202fwww.fcbarcelona.com,\u202f @fcbarcelona_ara, \u202fwww.fcbarcelona.com<br \/>BeinSports<\/p>\n<p><strong>\u00cdndia &#8211; Nueva Delhi (11.00 PM)<\/strong><br \/>FC Barcelona:\u202f@fcbarcelona, \u202fwww.fcbarcelona.com<br \/>FanCode<\/p>\n<p>Lunes, 3 de noviembre<\/p>\n<p><strong>Indonesia &#8211; Yakarta (12.30 AM)<\/strong><br \/>FC Barcelona:\u202f\u202f@fcbarcelona_id, www.fcbarcelona.com<br \/>BeinSports<\/p>\n<p><strong>China &#8211; Pek\u00edn (1.30 AM)<\/strong><br \/>FC Barcelona:\u202f\u202ffcbarcelona.qq.com<br \/>CCTV, Migu<\/p>\n<p><strong>Jap\u00f3n &#8211; Tokio (2.30 AM)<\/strong><br \/>FC Barcelona:\u202ffcbarcelona_jp, \u202fwww.fcbarcelona.jp<br \/>DAZN, U-next<\/p>\n<p><strong>Australia &#8211; S\u00eddney (4.30 AM)<\/strong><br \/>FC Barcelona: @fcbarcelona, \u202fwww.fcbarcelona.com\u202f<br \/>BeinSports<\/p>\n","protected":false},"excerpt":{"rendered":"\u00daltimo partido en el Estadi Ol\u00edmpic antes del par\u00f3n de selecciones. Los de Hansi Flick reciben al Elche&hellip;\n","protected":false},"author":2,"featured_media":210682,"comment_status":"","ping_status":"","sticky":false,"template":"","format":"standard","meta":{"footnotes":""},"categories":[93],"tags":[168,25,24,23,167,2288],"class_list":{"0":"post-210681","1":"post","2":"type-post","3":"status-publish","4":"format-standard","5":"has-post-thumbnail","7":"category-deportes","8":"tag-deportes","9":"tag-es","10":"tag-espana","11":"tag-spain","12":"tag-sports","13":"tag-text"},"share_on_mastodon":{"url":"https:\/\/pubeurope.com\/@es\/115468515782462192","error":""},"_links":{"self":[{"href":"https:\/\/www.europesays.com\/es\/wp-json\/wp\/v2\/posts\/210681","targetHints":{"allow":["GET"]}}],"collection":[{"href":"https:\/\/www.europesays.com\/es\/wp-json\/wp\/v2\/posts"}],"about":[{"href":"https:\/\/www.europesays.com\/es\/wp-json\/wp\/v2\/types\/post"}],"author":[{"embeddable":true,"href":"https:\/\/www.europesays.com\/es\/wp-json\/wp\/v2\/users\/2"}],"replies":[{"embeddable":true,"href":"https:\/\/www.europesays.com\/es\/wp-json\/wp\/v2\/comments?post=210681"}],"version-history":[{"count":0,"href":"https:\/\/www.europesays.com\/es\/wp-json\/wp\/v2\/posts\/210681\/revisions"}],"wp:featuredmedia":[{"embeddable":true,"href":"https:\/\/www.europesays.com\/es\/wp-json\/wp\/v2\/media\/210682"}],"wp:attachment":[{"href":"https:\/\/www.europesays.com\/es\/wp-json\/wp\/v2\/media?parent=210681"}],"wp:term":[{"taxonomy":"category","embeddable":true,"href":"https:\/\/www.europesays.com\/es\/wp-json\/wp\/v2\/categories?post=210681"},{"taxonomy":"post_tag","embeddable":true,"href":"https:\/\/www.europesays.com\/es\/wp-json\/wp\/v2\/tags?post=210681"}],"curies":[{"name":"wp","href":"https:\/\/api.w.org\/{rel}","templated":true}]}}