{"id":210687,"date":"2025-10-31T11:25:10","date_gmt":"2025-10-31T11:25:10","guid":{"rendered":"https:\/\/www.europesays.com\/es\/210687\/"},"modified":"2025-10-31T11:25:10","modified_gmt":"2025-10-31T11:25:10","slug":"masiva-protesta-de-judios-ultraortodoxos-en-jerusalen-por-la-exencion-del-servicio-militar","status":"publish","type":"post","link":"https:\/\/www.europesays.com\/es\/210687\/","title":{"rendered":"Masiva protesta de jud\u00edos ultraortodoxos en Jerusal\u00e9n por la exenci\u00f3n del servicio militar"},"content":{"rendered":"<p>    <img src=\"https:\/\/www.europesays.com\/es\/wp-content\/uploads\/2025\/10\/2025-10-31T113A053A04Z-90257995.jpg\" width=\"1024\" height=\"682\" alt=\"\" loading=\"eager\" decoding=\"sync\" fetchpriority=\"high\"\/><\/p>\n<p>            afp_tickers        <\/p>\n<p>        Este contenido fue publicado en    <\/p>\n<p>        31 octubre 2025 &#8211; 12:05\n<\/p>\n<p>Decenas de miles de jud\u00edos ultraortodoxos, se manifestaron el jueves en las calles de Jerusal\u00e9n para protestar contra la ausencia de una ley que les permita evitar el servicio militar obligatorio.<\/p>\n<p>Desde media ma\u00f1ana algunos manifestantes comenzaron a llegar ocupando una de las principales v\u00edas de acceso a la ciudad constataron periodistas de AFP.<\/p>\n<p>Poco antes la polic\u00eda hab\u00eda cerrado el eje principal y desplegado 2.000 agentes en Jerusal\u00e9n.<\/p>\n<p>Con un meg\u00e1fono en mano, un rabino recitaba salmos, repetidos al un\u00edsono por una multitud compacta exclusivamente masculina.<\/p>\n<p>Un helic\u00f3ptero sobrevolaba la concentraci\u00f3n, en la que se entonaban oraciones colectivas tradicionalmente recitadas en momentos dif\u00edciles para el pueblo jud\u00edo.<\/p>\n<p>\u00abNo vamos al ej\u00e9rcito, no porque seamos ego\u00edstas, sino porque tratamos de preservarnos, conforme a lo que ense\u00f1a la Tor\u00e1 y lo que dicen los rabinos. Servir en el ej\u00e9rcito es contrario a la Tor\u00e1\u00bb, explic\u00f3 Abraham, de 27 a\u00f1os, estudiante de una yeshiv\u00e1 en Jerusal\u00e9n, que prefiri\u00f3 no dar su apellido.<\/p>\n<p>Se ve\u00edan pocas pancartas, aunque en algunas pod\u00eda leerse \u00abMejor ir a prisi\u00f3n que al ej\u00e9rcito\u00bb.<\/p>\n<p>\u00abLa manifestaci\u00f3n por la exenci\u00f3n del servicio militar es una verg\u00fcenza para la direcci\u00f3n del pa\u00eds y un insulto a nuestros heroicos soldados\u00bb, subray\u00f3 en X el l\u00edder del partido nacionalista Israel Beiteinu, Avigdor Lieberman.<\/p>\n<p>Convocados por los dos partidos ultraortodoxos Juda\u00edsmo Unido de la Tor\u00e1 (JUT) y Shass, los manifestantes llegaron desde todo el pa\u00eds para reclamar la restituci\u00f3n del acuerdo que exim\u00eda del servicio militar a los estudiantes de yeshiv\u00e1 (escuelas talm\u00fadicas), anulado por el Tribunal Supremo.<\/p>\n<p>\u2013 Exenci\u00f3n de facto \u2013<\/p>\n<p>Esta exenci\u00f3n se ha visto debilitada por la guerra en Gaza, que moviliza a cientos de miles de israel\u00edes, mientras el ej\u00e9rcito sufre escasez de soldados y reservistas.<\/p>\n<p>Desde la creaci\u00f3n del Estado de Israel en 1948, los ultraortodoxos disfrutaban de una exenci\u00f3n al servicio militar siempre que se dedicasen a tiempo completo al estudio de los textos sagrados del juda\u00edsmo en las yeshivot.<\/p>\n<p>En junio de 2024 el Tribunal Supremo dictamin\u00f3 que deb\u00eda aprobarse una ley que regule el reclutamiento de los ultraortodoxos.<\/p>\n<p>El proyecto de ley actualmente en comisi\u00f3n parlamentaria obligar\u00eda a los j\u00f3venes ultraortodoxos que no estudian a tiempo completo a alistarse en el ej\u00e9rcito.<\/p>\n<p>Para parte de los rabinos ultraortodoxos, el servicio militar representa un peligro, pues los j\u00f3venes podr\u00edan alejarse de la religi\u00f3n. Otros, sin embargo, aceptan que aquellos que no estudian los textos sagrados a tiempo completo puedan alistarse.<\/p>\n<p>Los partidos Shass y JUT abandonaron el gobierno a la espera de un proyecto de ley prometido en los acuerdos de coalici\u00f3n de finales de 2022, destinado a mantener la exenci\u00f3n militar.<\/p>\n<p>Si el partido sefard\u00ed Shass (11 esca\u00f1os) abandona la coalici\u00f3n por esta ley, el primer ministro Benjamin Netanyahu podr\u00eda perder su mayor\u00eda, abriendo la puerta a elecciones anticipadas, seg\u00fan analistas.<\/p>\n<p>Los ultraortodoxos representan 14% de la poblaci\u00f3n jud\u00eda de Israel, es decir, unos 1,3 millones de personas. Hasta hace poco unos 66.000 hombres en edad de servir estaban exentos.<\/p>\n<p>En los \u00faltimos meses se enviaron miles de \u00f3rdenes de reclutamiento y varios objetores fueron encarcelados, lo que provoc\u00f3 nuevos llamamientos a manifestarse.<\/p>\n<p>lsb-mib\/emp\/cm\/mab\/mb<\/p>\n","protected":false},"excerpt":{"rendered":"afp_tickers Este contenido fue publicado en 31 octubre 2025 &#8211; 12:05 Decenas de miles de jud\u00edos ultraortodoxos, se&hellip;\n","protected":false},"author":2,"featured_media":210688,"comment_status":"","ping_status":"","sticky":false,"template":"","format":"standard","meta":{"footnotes":""},"categories":[42],"tags":[635,11642,12354,17,18,636,4170,11643,13,14,4437,11,61,62,63,64,46098,19,20,9,10,15,16,88,5603,90,12,21,22,65,66,67],"class_list":{"0":"post-210687","1":"post","2":"type-post","3":"status-publish","4":"format-standard","5":"has-post-thumbnail","7":"category-internacional","8":"tag-armed-conflict","9":"tag-armed-forces","10":"tag-belief-faith","11":"tag-breaking-news","12":"tag-breakingnews","13":"tag-conflict","14":"tag-crisis","15":"tag-defence","16":"tag-featured-news","17":"tag-featurednews","18":"tag-government","19":"tag-headlines","20":"tag-internacional","21":"tag-international","22":"tag-international-news","23":"tag-internationalnews","24":"tag-judaism","25":"tag-latest-news","26":"tag-latestnews","27":"tag-news","28":"tag-noticias","29":"tag-noticias-destacadas","30":"tag-noticiasdestacadas","31":"tag-politics","32":"tag-religion","33":"tag-ticker","34":"tag-titulares","35":"tag-ultimas-noticias","36":"tag-ultimasnoticias","37":"tag-world","38":"tag-world-news","39":"tag-worldnews"},"share_on_mastodon":{"url":"","error":"Validation failed: Text character limit of 500 exceeded"},"_links":{"self":[{"href":"https:\/\/www.europesays.com\/es\/wp-json\/wp\/v2\/posts\/210687","targetHints":{"allow":["GET"]}}],"collection":[{"href":"https:\/\/www.europesays.com\/es\/wp-json\/wp\/v2\/posts"}],"about":[{"href":"https:\/\/www.europesays.com\/es\/wp-json\/wp\/v2\/types\/post"}],"author":[{"embeddable":true,"href":"https:\/\/www.europesays.com\/es\/wp-json\/wp\/v2\/users\/2"}],"replies":[{"embeddable":true,"href":"https:\/\/www.europesays.com\/es\/wp-json\/wp\/v2\/comments?post=210687"}],"version-history":[{"count":0,"href":"https:\/\/www.europesays.com\/es\/wp-json\/wp\/v2\/posts\/210687\/revisions"}],"wp:featuredmedia":[{"embeddable":true,"href":"https:\/\/www.europesays.com\/es\/wp-json\/wp\/v2\/media\/210688"}],"wp:attachment":[{"href":"https:\/\/www.europesays.com\/es\/wp-json\/wp\/v2\/media?parent=210687"}],"wp:term":[{"taxonomy":"category","embeddable":true,"href":"https:\/\/www.europesays.com\/es\/wp-json\/wp\/v2\/categories?post=210687"},{"taxonomy":"post_tag","embeddable":true,"href":"https:\/\/www.europesays.com\/es\/wp-json\/wp\/v2\/tags?post=210687"}],"curies":[{"name":"wp","href":"https:\/\/api.w.org\/{rel}","templated":true}]}}