{"id":210718,"date":"2025-10-31T11:48:08","date_gmt":"2025-10-31T11:48:08","guid":{"rendered":"https:\/\/www.europesays.com\/es\/210718\/"},"modified":"2025-10-31T11:48:08","modified_gmt":"2025-10-31T11:48:08","slug":"las-cuentas-pendientes-de-andres-mountbatten-windsor-la-decision-de-carlos-iii-no-acaba-con-el-problema-internacional","status":"publish","type":"post","link":"https:\/\/www.europesays.com\/es\/210718\/","title":{"rendered":"Las cuentas pendientes de Andr\u00e9s Mountbatten Windsor: la decisi\u00f3n de Carlos III no acaba con el problema | Internacional"},"content":{"rendered":"<p class=\"\">El Rollo de la Nobleza (Roll of Peerage), el registro p\u00fablico que recoge a todos los arist\u00f3cratas del Reino Unido, ha borrado desde este viernes por la ma\u00f1ana el ducado de York. <a href=\"https:\/\/elpais.com\/internacional\/2025-10-30\/el-rey-carlos-de-inglaterra-quita-a-su-hermano-andres-el-titulo-de-principe.html\" target=\"_self\" rel=\"nofollow noopener\" title=\"https:\/\/elpais.com\/internacional\/2025-10-30\/el-rey-carlos-de-inglaterra-quita-a-su-hermano-andres-el-titulo-de-principe.html\">La decisi\u00f3n de Carlos III de despojar formal y oficialmente a su hermano Andr\u00e9s de todos sus t\u00edtulos<\/a>, incluido el de pr\u00edncipe, reviste una gravedad hist\u00f3rica solo comparable al castigo p\u00fablico que sufrieron hace m\u00e1s de un siglo los tres duques y un vizconde acusados de traici\u00f3n por apoyar al enemigo alem\u00e1n en la I Guerra Mundial. <\/p>\n<p class=\"\">Pero en el universo de la Monarqu\u00eda, como en el de la Iglesia, la decisi\u00f3n de dar por zanjado un asunto, por mucha trascendencia que encierre, no tiene necesariamente implicaciones en el mundo civil. <a href=\"https:\/\/elpais.com\/internacional\/2025-10-30\/el-rey-carlos-de-inglaterra-quita-a-su-hermano-andres-el-titulo-de-principe.html\" target=\"_self\" rel=\"nofollow noopener\" title=\"https:\/\/elpais.com\/internacional\/2025-10-30\/el-rey-carlos-de-inglaterra-quita-a-su-hermano-andres-el-titulo-de-principe.html\">El ciudadano Andr\u00e9s Mountbatten Windsor, como ser\u00e1 conocido ahora por decisi\u00f3n real<\/a> el hijo favorito de Isabel II, tiene cuentas pendientes que todav\u00eda pueden seguir dando sobresaltos al palacio de Buckingham.<\/p>\n<p class=\"\"><a href=\"https:\/\/elpais.com\/sociedad\/2025-10-16\/virginia-giuffre-victima-de-epstein-el-principe-andres-creia-que-tener-sexo-conmigo-era-su-derecho-de-nacimiento.html\" target=\"_self\" rel=\"nofollow noopener\" title=\"https:\/\/elpais.com\/sociedad\/2025-10-16\/virginia-giuffre-victima-de-epstein-el-principe-andres-creia-que-tener-sexo-conmigo-era-su-derecho-de-nacimiento.html\">La familia de Virginia Giuffre, la mujer que sufri\u00f3 los abusos sexuales de Jeffrey Epstein<\/a> y del entonces pr\u00edncipe Andr\u00e9s mientras era menor, ha expresado su satisfacci\u00f3n ante la dr\u00e1stica decisi\u00f3n del monarca, que han calificado de \u201cvictoria sin precedentes en la historia\u201d, pero han reclamado ir m\u00e1s all\u00e1. \u201cDebemos tener alg\u00fan tipo de investigaci\u00f3n que vaya m\u00e1s lejos. [Andr\u00e9s] sigue paseando como un hombre libre. Alabo al rey, que est\u00e1 haciendo un gran trabajo como l\u00edder mundial sentando este precedente, pero necesitamos avanzar algunos pasos hacia delante. Es necesario que acabe detr\u00e1s de las rejas\u201d, dec\u00eda el jueves por la noche a la BBC Sky Roberts, el hermano de Giuffre.<\/p>\n<p class=\"\">El 25 de abril de este a\u00f1o, Virginia Giuffre se suicid\u00f3, con 41 a\u00f1os. Antes hab\u00eda dejado unas memorias p\u00f3stumas cuya publicaci\u00f3n ha ayudado a apuntalar el hundimiento del hermano del rey.<\/p>\n<p class=\"\">Cualquier posibilidad de que el caso se reactive ahora en territorio estadounidense no pasa de ser una especulaci\u00f3n. Giuffre cerr\u00f3 un acuerdo multimillonario extrajudicial con el entonces duque de York en febrero de 2022, para zanjar la demanda que hab\u00eda interpuesto por abuso sexual contra el hijo de Isabel II. La muerte de la mujer y la defenestraci\u00f3n p\u00fablica de Andr\u00e9s podr\u00edan impulsar un nuevo intento de llevar el asunto a la justicia. <a href=\"https:\/\/elpais.com\/internacional\/2020-06-08\/estados-unidos-pide-que-el-principe-andres-responda-sobre-el-caso-epstein.html\" target=\"_self\" rel=\"nofollow noopener\" title=\"https:\/\/elpais.com\/internacional\/2020-06-08\/estados-unidos-pide-que-el-principe-andres-responda-sobre-el-caso-epstein.html\">Sin olvidar que la comisi\u00f3n de la C\u00e1mara de Representantes que ha investigado la trama Epstein ha expresado siempre su deseo de que comparezca el miembro de la familia real brit\u00e1nica.<\/a><\/p>\n<p>Problemas en el Reino Unido<\/p>\n<p class=\"\">Antes de contemplar los posibles problemas futuros en suelo estadounidense, si los llega a haber, Andr\u00e9s deber\u00e1 prestar atenci\u00f3n a sus problemas en el Reino Unido. <a href=\"https:\/\/elpais.com\/internacional\/2025-10-25\/la-casa-real-britanica-presiona-al-principe-andres-para-que-abandone-la-mansion-de-windsor-donde-vive-gratis.html\" target=\"_self\" rel=\"nofollow noopener\" title=\"https:\/\/elpais.com\/internacional\/2025-10-25\/la-casa-real-britanica-presiona-al-principe-andres-para-que-abandone-la-mansion-de-windsor-donde-vive-gratis.html\">El rey ha dado orden de que se rescinda el contrato de alquiler que ten\u00eda su hermano para disfrutar del llamado Royal Lodge<\/a>, la mansi\u00f3n de treinta habitaciones en la que resid\u00edan \u00e9l, su esposa y sus dos hijas, en el complejo del castillo de Windsor. El palacio de Buckingham remite este asunto a la Crown Estate, <a href=\"https:\/\/elpais.com\/internacional\/2020\/01\/14\/actualidad\/1579001948_147585.html\" rel=\"nofollow noopener\" title=\"https:\/\/elpais.com\/internacional\/2020\/01\/14\/actualidad\/1579001948_147585.html\" target=\"_blank\">el ente privado de gesti\u00f3n p\u00fablica, controlado por el Gobierno<\/a>, que maneja las propiedades de la casa real brit\u00e1nica y entrega parte de sus dividendos a la casa de Windsor para sus gastos de protocolo y representaci\u00f3n. <\/p>\n<p class=\"\">Pero hay una resignaci\u00f3n impl\u00edcita por parte de todos estos actores ante la posibilidad m\u00e1s que cierta de que Andr\u00e9s pueda recibir una indemnizaci\u00f3n millonaria, tanto por la cancelaci\u00f3n anticipada de un contrato legal de arrendamiento cuya duraci\u00f3n estaba prevista hasta 2078 como por los 8,6 millones de euros que Andr\u00e9s pag\u00f3 de su bolsillo por las obras de rehabilitaci\u00f3n y mejoramiento de la mansi\u00f3n.<\/p>\n<p class=\"\">La Comisi\u00f3n de Cuentas P\u00fablicas del Parlamento brit\u00e1nico no ha cesado a\u00fan en su empe\u00f1o de reclamar explicaciones sobre el uso privilegiado de esa residencia y del apa\u00f1o acordado para Andr\u00e9s. \u201cEsta comisi\u00f3n, que engloba a representantes de varios partidos y que yo presido, asume de manera unida la responsabilidad de tomarse muy en serio la obligaci\u00f3n de hacer un buen uso del dinero del contribuyente. Es con ese esp\u00edritu que creemos razonable exigir m\u00e1s informaci\u00f3n sobre la situaci\u00f3n legal actual del Royal Lodge y la racionalidad que haya tras ella\u201d, ha dicho el presidente de la comisi\u00f3n, Geoffrey Clifton-Brown.<\/p>\n<p class=\"\">El palacio de Buckingham admite adem\u00e1s que, a partir de ahora, Carlos III deber\u00e1 asignar a su hermano alguna renta procedente de su patrimonio privado para que pueda mantenerse. La previsi\u00f3n de que nuevos esc\u00e1ndalos en torno al pasado de Andr\u00e9s salgan a la luz puede a\u00f1adir presi\u00f3n al monarca para que anule incluso esos pagos.<\/p>\n<p>Frente pol\u00edtico y judicial<\/p>\n<p class=\"\">Finalmente, el frente pol\u00edtico y judicial en el Reino Unido no est\u00e1 despejado del todo para el hermano del rey. El Partido Liberal Dem\u00f3crata, que en paralelo a los nacionalistas escoceses del SNP, hab\u00eda comenzado a trabajar en la presentaci\u00f3n de una moci\u00f3n parlamentaria para debatir las finanzas de Andr\u00e9s, ha levantado ahora el pie del acelerador. Era una decisi\u00f3n inusual y hasta dr\u00e1stica, porque los usos y costumbres han evitado siempre que los asuntos de la familia Windsor se discutan en la C\u00e1mara de los Comunes.<\/p>\n<p class=\"\">\u201cEstaba claro que la posici\u00f3n de Andr\u00e9s se hab\u00eda vuelto completamente insostenible, y era una verg\u00fcenza para la instituci\u00f3n y para todo el pa\u00eds\u201d, ha dicho el l\u00edder de la formaci\u00f3n, Ed Davey, que suger\u00eda as\u00ed darse por satisfecho. A fin de cuentas, los liberales dem\u00f3cratas forman tambi\u00e9n parte de un entramado institucional, junto a conservadores y laboristas, que han expresado ya su apoyo a la decisi\u00f3n de Carlos III y trabajan ahora por contener los da\u00f1os.<\/p>\n<p class=\"\">La diputada exlaborista y hoy independiente Zarah Sultana, q<a href=\"https:\/\/elpais.com\/internacional\/2025-07-24\/el-exlider-laborista-corbyn-lanza-un-nuevo-partido-para-recoger-el-descontento-de-la-izquierda-con-starmer.html\" target=\"_self\" rel=\"nofollow noopener\" title=\"https:\/\/elpais.com\/internacional\/2025-07-24\/el-exlider-laborista-corbyn-lanza-un-nuevo-partido-para-recoger-el-descontento-de-la-izquierda-con-starmer.html\">ue ha puesto en marcha con \u00e9xito un nuevo partido de izquierdas de la mano del defenestrado l\u00edder Jeremy Corbyn<\/a>, ya ha anunciado que su formaci\u00f3n har\u00e1 bandera de la abolici\u00f3n de la monarqu\u00eda en el Reino Unido: \u201cEl pr\u00edncipe Andr\u00e9s ha sido despojado de todos sus t\u00edtulos. Buen comienzo. Ahora vayamos a por el resto y eliminemos la monarqu\u00eda\u201d, ha escrito en la red X.<\/p>\n<p class=\"\"><a href=\"https:\/\/elpais.com\/internacional\/2023-02-16\/no-es-mi-rey-abucheos-a-carlos-iii-en-un-acto-publico.html\" target=\"_self\" rel=\"nofollow noopener\" title=\"https:\/\/elpais.com\/internacional\/2023-02-16\/no-es-mi-rey-abucheos-a-carlos-iii-en-un-acto-publico.html\">La organizaci\u00f3n antimon\u00e1rquica Republic, que ha tomado la calle en cada celebraci\u00f3n p\u00fablica <\/a>de la Corona desde que Carlos III accedi\u00f3 al trono, ha encargado a un equipo de juristas que explore la posibilidad de abrir en el Reino Unido una causa penal contra Andr\u00e9s. No parece que vaya a prosperar, pero da una idea de que el problema creado por el hermano del rey est\u00e1 a\u00fan lejos de desaparecer.<\/p>\n","protected":false},"excerpt":{"rendered":"El Rollo de la Nobleza (Roll of Peerage), el registro p\u00fablico que recoge a todos los arist\u00f3cratas del&hellip;\n","protected":false},"author":2,"featured_media":210719,"comment_status":"","ping_status":"","sticky":false,"template":"","format":"standard","meta":{"footnotes":""},"categories":[42],"tags":[19351,16594,51936,17,18,21944,55083,13,14,11,61,62,63,64,21945,39513,19,20,6041,9,10,15,16,1027,2444,12767,12,21,22,65,66,67],"class_list":{"0":"post-210718","1":"post","2":"type-post","3":"status-publish","4":"format-standard","5":"has-post-thumbnail","7":"category-internacional","8":"tag-abuso-menores","9":"tag-agresiones-sexuales","10":"tag-andres-de-inglaterra","11":"tag-breaking-news","12":"tag-breakingnews","13":"tag-carlos-iii-de-inglaterra","14":"tag-familia-windsor","15":"tag-featured-news","16":"tag-featurednews","17":"tag-headlines","18":"tag-internacional","19":"tag-international","20":"tag-international-news","21":"tag-internationalnews","22":"tag-isabel-ii-de-inglaterra","23":"tag-jeffrey-epstein","24":"tag-latest-news","25":"tag-latestnews","26":"tag-monarquia","27":"tag-news","28":"tag-noticias","29":"tag-noticias-destacadas","30":"tag-noticiasdestacadas","31":"tag-realeza","32":"tag-reino-unido","33":"tag-sarah-ferguson","34":"tag-titulares","35":"tag-ultimas-noticias","36":"tag-ultimasnoticias","37":"tag-world","38":"tag-world-news","39":"tag-worldnews"},"share_on_mastodon":{"url":"","error":"Validation failed: Text character limit of 500 exceeded"},"_links":{"self":[{"href":"https:\/\/www.europesays.com\/es\/wp-json\/wp\/v2\/posts\/210718","targetHints":{"allow":["GET"]}}],"collection":[{"href":"https:\/\/www.europesays.com\/es\/wp-json\/wp\/v2\/posts"}],"about":[{"href":"https:\/\/www.europesays.com\/es\/wp-json\/wp\/v2\/types\/post"}],"author":[{"embeddable":true,"href":"https:\/\/www.europesays.com\/es\/wp-json\/wp\/v2\/users\/2"}],"replies":[{"embeddable":true,"href":"https:\/\/www.europesays.com\/es\/wp-json\/wp\/v2\/comments?post=210718"}],"version-history":[{"count":0,"href":"https:\/\/www.europesays.com\/es\/wp-json\/wp\/v2\/posts\/210718\/revisions"}],"wp:featuredmedia":[{"embeddable":true,"href":"https:\/\/www.europesays.com\/es\/wp-json\/wp\/v2\/media\/210719"}],"wp:attachment":[{"href":"https:\/\/www.europesays.com\/es\/wp-json\/wp\/v2\/media?parent=210718"}],"wp:term":[{"taxonomy":"category","embeddable":true,"href":"https:\/\/www.europesays.com\/es\/wp-json\/wp\/v2\/categories?post=210718"},{"taxonomy":"post_tag","embeddable":true,"href":"https:\/\/www.europesays.com\/es\/wp-json\/wp\/v2\/tags?post=210718"}],"curies":[{"name":"wp","href":"https:\/\/api.w.org\/{rel}","templated":true}]}}