{"id":210720,"date":"2025-10-31T11:49:09","date_gmt":"2025-10-31T11:49:09","guid":{"rendered":"https:\/\/www.europesays.com\/es\/210720\/"},"modified":"2025-10-31T11:49:09","modified_gmt":"2025-10-31T11:49:09","slug":"los-militantes-del-partido-de-puigdemont-apoyan-su-decision-de-romper-con-el-gobierno-espanol","status":"publish","type":"post","link":"https:\/\/www.europesays.com\/es\/210720\/","title":{"rendered":"Los militantes del partido de Puigdemont apoyan su decisi\u00f3n de romper con el Gobierno espa\u00f1ol"},"content":{"rendered":"<p>    <img src=\"https:\/\/www.europesays.com\/es\/wp-content\/uploads\/2025\/10\/2025-10-31T103A453A26Z-90257783.jpg\" width=\"1024\" height=\"682\" alt=\"\" loading=\"eager\" decoding=\"sync\" fetchpriority=\"high\"\/><\/p>\n<p>            afp_tickers        <\/p>\n<p>        Este contenido fue publicado en    <\/p>\n<p>        31 octubre 2025 &#8211; 11:45\n<\/p>\n<p>Los militantes del partido del l\u00edder independentista catal\u00e1n Carles Puigdemont apoyaron con el 87% de los votos su decisi\u00f3n de poner fin al respaldo parlamentario al Gobierno espa\u00f1ol del socialista Pedro S\u00e1nchez, anunci\u00f3 la formaci\u00f3n este jueves.<\/p>\n<p>La consulta tuvo como resultado un 86,98% de apoyo a la decisi\u00f3n de Puigdemont y la direcci\u00f3n del partido Junts per Catalunya (JxCat), un 10,22% en contra, y un 2,80% de votos en blanco, con una participaci\u00f3n del 66,29% de la militancia.<\/p>\n<p>No est\u00e1 claro a\u00fan el impacto que tendr\u00e1 esta decisi\u00f3n, pero Junts ya ha votado en contra de numerosas leyes propuestas por el Gobierno y no se espera un a\u00f1o m\u00e1s que S\u00e1nchez consiga aprobar presupuestos, sin que eso haya hecho caer al Ejecutivo.<\/p>\n<p>\u00abNo estamos dispuestos a continuar ayudando a un gobierno que no ayuda a Catalu\u00f1a\u00bb, asegur\u00f3 Puigdemont el lunes al anunciar su decisi\u00f3n, alegando que el Gobierno de S\u00e1nchez no hab\u00eda cumplido con los acuerdos que se alcanzaron para apoyar su investidura en 2023.<\/p>\n<p>\u00abSi a partir del jueves a las 6 de la tarde la militancia de Junts ratifica el acuerdo adoptado esta ma\u00f1ana por unanimidad (\u2026), el gobierno espa\u00f1ol no tendr\u00e1, ni podr\u00e1 recurrir a la mayor\u00eda de la investidura: no tendr\u00e1 presupuestos, no tendr\u00e1 capacidad para gobernar\u00bb, dijo entonces.\u00a0<\/p>\n<p>S\u00e1nchez, que encabeza un gobierno de izquierdas en minor\u00eda parlamentaria, reitera su voluntad de cumplir la legislatura hasta el final, en 2027, aunque no consiga aprobar presupuestos.<\/p>\n<p>A cambio de su investidura, el l\u00edder socialista se comprometi\u00f3, entre otras cosas, a impulsar la ley de amnist\u00eda para los independentistas procesados por el intento secesionista y a trabajar para que el catal\u00e1n fuera lengua oficial de la Uni\u00f3n Europea.<\/p>\n<p>Aunque finalmente el Parlamento espa\u00f1ol aprob\u00f3 la ley de amnist\u00eda en 2024, Puigdemont no pudo beneficiarse todav\u00eda porque el Tribunal Supremo decidi\u00f3 que no era aplicable a los investigados por delito de malversaci\u00f3n.<\/p>\n<p>Quien fuera presidente del gobierno regional durante la intentona separatista de 2017 sigue residiendo en B\u00e9lgica a la espera de que el Tribunal Constitucional espa\u00f1ol decida sobre el recurso que present\u00f3 para poder acogerse a la ley.<\/p>\n<p>al\/mb<\/p>\n","protected":false},"excerpt":{"rendered":"afp_tickers Este contenido fue publicado en 31 octubre 2025 &#8211; 11:45 Los militantes del partido del l\u00edder independentista&hellip;\n","protected":false},"author":2,"featured_media":210721,"comment_status":"","ping_status":"","sticky":false,"template":"","format":"standard","meta":{"footnotes":""},"categories":[8],"tags":[17,18,25,24,13,14,4437,11,19,20,9,10,15,16,28415,88,23,90,12,21,22],"class_list":{"0":"post-210720","1":"post","2":"type-post","3":"status-publish","4":"format-standard","5":"has-post-thumbnail","7":"category-espana","8":"tag-breaking-news","9":"tag-breakingnews","10":"tag-es","11":"tag-espana","12":"tag-featured-news","13":"tag-featurednews","14":"tag-government","15":"tag-headlines","16":"tag-latest-news","17":"tag-latestnews","18":"tag-news","19":"tag-noticias","20":"tag-noticias-destacadas","21":"tag-noticiasdestacadas","22":"tag-parliament","23":"tag-politics","24":"tag-spain","25":"tag-ticker","26":"tag-titulares","27":"tag-ultimas-noticias","28":"tag-ultimasnoticias"},"share_on_mastodon":{"url":"https:\/\/pubeurope.com\/@es\/115468630122274294","error":""},"_links":{"self":[{"href":"https:\/\/www.europesays.com\/es\/wp-json\/wp\/v2\/posts\/210720","targetHints":{"allow":["GET"]}}],"collection":[{"href":"https:\/\/www.europesays.com\/es\/wp-json\/wp\/v2\/posts"}],"about":[{"href":"https:\/\/www.europesays.com\/es\/wp-json\/wp\/v2\/types\/post"}],"author":[{"embeddable":true,"href":"https:\/\/www.europesays.com\/es\/wp-json\/wp\/v2\/users\/2"}],"replies":[{"embeddable":true,"href":"https:\/\/www.europesays.com\/es\/wp-json\/wp\/v2\/comments?post=210720"}],"version-history":[{"count":0,"href":"https:\/\/www.europesays.com\/es\/wp-json\/wp\/v2\/posts\/210720\/revisions"}],"wp:featuredmedia":[{"embeddable":true,"href":"https:\/\/www.europesays.com\/es\/wp-json\/wp\/v2\/media\/210721"}],"wp:attachment":[{"href":"https:\/\/www.europesays.com\/es\/wp-json\/wp\/v2\/media?parent=210720"}],"wp:term":[{"taxonomy":"category","embeddable":true,"href":"https:\/\/www.europesays.com\/es\/wp-json\/wp\/v2\/categories?post=210720"},{"taxonomy":"post_tag","embeddable":true,"href":"https:\/\/www.europesays.com\/es\/wp-json\/wp\/v2\/tags?post=210720"}],"curies":[{"name":"wp","href":"https:\/\/api.w.org\/{rel}","templated":true}]}}