{"id":210789,"date":"2025-10-31T12:46:14","date_gmt":"2025-10-31T12:46:14","guid":{"rendered":"https:\/\/www.europesays.com\/es\/210789\/"},"modified":"2025-10-31T12:46:14","modified_gmt":"2025-10-31T12:46:14","slug":"claves-de-la-caida-en-desgracia-de-andres-y-la-dificil-tesitura-de-carlos-iii","status":"publish","type":"post","link":"https:\/\/www.europesays.com\/es\/210789\/","title":{"rendered":"Claves de la ca\u00edda en desgracia de Andr\u00e9s y la dif\u00edcil tesitura de Carlos III"},"content":{"rendered":"<p>En la antigua Roma -y tambi\u00e9n en otras sociedades previas y posteriores- la <strong>damnatio memoriae <\/strong>era una pr\u00e1ctica bastante recurrente. <strong>Un mecanismo cuyo objetivo era eliminar cualquier recuerdo y referencia a una persona que hab\u00eda sido declarada enemiga de la sociedad o del Estado por la gravedad de sus actos<\/strong>. Para ello se retiraban im\u00e1genes, monumentos y cualquier menci\u00f3n en documentos o inscripciones p\u00fablicas. De esta manera su nombre desaparec\u00eda de la vida p\u00fablica y el recuerdo solamente quedaba para su c\u00edrculo m\u00e1s \u00edntimo. <strong>Las \u00faltimas decisiones que se han tomado sobre el hermano del rey Carlos III, Andr\u00e9s, llevan de manera inequ\u00edvoca a esta consecuencia, si no fuera porque la hemeroteca recoger\u00e1 todos los detalles de su ca\u00edda en desgracia.<\/strong><\/p>\n<p><strong>Andr\u00e9s ha pasado de ser el hijo favorito de la Reina Isabel II y su protegido a la oveja negra de la familia real<\/strong>. Tales han sido los quebraderos de cabeza que ha dado a los Windsor desde que sali\u00f3 a la luz el esc\u00e1ndalo del caso Epstein que se han tenido que ir dando pasos para alejarlo de la vida p\u00fablica. Un proceso que comenz\u00f3 en 2019 tras su fat\u00eddica entrevista en televisi\u00f3n y en el que, hasta ahora, hab\u00eda llevado m\u00e1s o menos la voz cantante, con comunicados de renuncias paulatinas en los que era \u00e9l quien tomaba la palabra -obviamente presionado por su entorno y por la instituci\u00f3n-. Sin embargo, ahora la situaci\u00f3n ha cambiado de manera radical.<\/p>\n<p>\n<img decoding=\"async\" loading=\"lazy\" class=\"size-full wp-image-2405169\" alt=\"El pr\u00edncipe Andr\u00e9s en un acto oficial. (Foto: Gtres)\" width=\"1800\" height=\"2362\"  src=\"https:\/\/www.europesays.com\/es\/wp-content\/uploads\/2025\/10\/placeholder.jpg\"  bad-src=\"https:\/\/www.europesays.com\/es\/wp-content\/uploads\/2025\/10\/placeholder.jpg\"\/><\/p>\n<p><img decoding=\"async\" loading=\"lazy\" class=\"size-full wp-image-2405169\" src=\"https:\/\/www.europesays.com\/es\/wp-content\/uploads\/2025\/10\/u580961_025-1.jpg\" alt=\"El pr\u00edncipe Andr\u00e9s en un acto oficial. (Foto: Gtres)\" width=\"1800\" height=\"2362\"  \/><\/p>\n<p> El hasta ahora pr\u00edncipe Andr\u00e9s en un acto oficial. (Foto: Gtres)\n<\/p>\n<p>Cr\u00f3nica de una condena anunciada<\/p>\n<p><strong>El pasado 17 de octubre el Palacio de Buckingham emiti\u00f3 un comunicado en el que el hermano del rey anunciaba que iba a dejar de utilizar sus t\u00edtulos<\/strong> -no implicaba perderlos, ni que se los retiraran-, pero en el que recalcaba que manten\u00eda su inocencia frente a las acusaciones de abuso sexual. No se hac\u00eda referencia a la salida del Royal Lodge, pero por primera vez se inclu\u00eda a <a href=\"https:\/\/okdiario.com\/look\/casa-real\/sarah-ferguson-otra-perjudicada-renuncia-andres-nuevo-estatus-2406219\" rel=\"nofollow noopener\" target=\"_blank\">Sarah Ferguson<\/a> en el lote. La madre de las <strong>princesas Beatriz y Eugenia<\/strong> ha estado en el punto de mira en las \u00faltimas semanas por su vinculaci\u00f3n con Epstein y los nuevos intercambios de mensajes con el magnate que la han puesto en una situaci\u00f3n muy delicada.<\/p>\n<p>\n<img decoding=\"async\" loading=\"lazy\" class=\"size-full wp-image-2406248\" alt=\"Sarah Ferguson\" width=\"1013\" height=\"1800\"  src=\"https:\/\/www.europesays.com\/es\/wp-content\/uploads\/2025\/10\/placeholder.jpg\"  bad-src=\"https:\/\/www.europesays.com\/es\/wp-content\/uploads\/2025\/10\/placeholder.jpg\"\/><\/p>\n<p><img decoding=\"async\" loading=\"lazy\" class=\"size-full wp-image-2406248\" src=\"https:\/\/www.europesays.com\/es\/wp-content\/uploads\/2025\/10\/ferg.jpg\" alt=\"Sarah Ferguson\" width=\"1013\" height=\"1800\"  \/><\/p>\n<p> Sarah Ferguson en un acto con Andr\u00e9s. (Foto: Gtres)\n<\/p>\n<p>A pesar de que en un principio desde Buckingham se pens\u00f3 que este paso ser\u00eda suficiente para calmar los \u00e1nimos, finalmente no ha sido as\u00ed. Carlos III se vio increpado por algunos ciudadanos en un acto oficial en el que le acusaron de ser conocedor de las supuestas tropel\u00edas de su hermano y no hacer nada. Pocos d\u00edas despu\u00e9s en el Parlamento se present\u00f3 una moci\u00f3n para despojar a Andr\u00e9s de su ducado, una medida muy poco habitual en la C\u00e1mara de los Comunes. La crispaci\u00f3n popular hab\u00eda llegado a l\u00edmites m\u00e1ximos, sobre todo, despu\u00e9s de que se supiera que el hermano del rey llevaba dos d\u00e9cadas sin pagar el alquiler de su residencia, a la que, supuestamente, ten\u00eda derecho hasta el 2078.<\/p>\n<p>El golpe final lleg\u00f3 en forma de comunicado por parte del Palacio de Buckingham este mismo jueves por la tarde. <strong>El rey Carlos III anunci\u00f3 que hab\u00eda iniciado un proceso formal para retirar el tratamiento, t\u00edtulos y honores al pr\u00edncipe Andr\u00e9s<\/strong>. A partir de ahora, el padre de las princesas Beatriz y Eugenia -que no se van a ver afectadas por la situaci\u00f3n de su padre- ser\u00e1 conocido como Andr\u00e9s Mountbatten Windsor. Adem\u00e1s, tendr\u00e1 que abandonar el Royal Lodge y trasladarse a una residencia privada alternativa.<\/p>\n<p>\n<img decoding=\"async\" loading=\"lazy\" class=\"size-full wp-image-2191613\" alt=\"pr\u00edncipe Andr\u00e9s, pr\u00edncipe Andr\u00e9s denuncia\" width=\"1770\" height=\"2560\"  src=\"https:\/\/www.europesays.com\/es\/wp-content\/uploads\/2025\/10\/placeholder.jpg\"  bad-src=\"https:\/\/www.europesays.com\/es\/wp-content\/uploads\/2025\/10\/placeholder.jpg\"\/><\/p>\n<p><img decoding=\"async\" loading=\"lazy\" class=\"size-full wp-image-2191613\" src=\"https:\/\/www.europesays.com\/es\/wp-content\/uploads\/2025\/10\/dl_u550527_042-1-scaled.jpg\" alt=\"pr\u00edncipe Andr\u00e9s, pr\u00edncipe Andr\u00e9s denuncia\" width=\"1770\" height=\"2560\"  \/><\/p>\n<p> Andr\u00e9s en Windsor en un acto oficial. (Foto: Gtres)\n<\/p>\n<p>En el comunicado, <strong>Carlos deja claro que estas medidas se consideran necesarias a pesar de que Andr\u00e9s sigue negando tajantemente las acusaciones en su contra y recalca la solidaridad y apoyo a las v\u00edctimas en todo momento, tanto por su parte como por la de Camila<\/strong>.<\/p>\n<p>La prerrogativa del rey<\/p>\n<p>Fuentes del Palacio de Buckingham han explicado que, a diferencia de lo que anunci\u00f3 Andr\u00e9s en su comunicado anterior, en este caso se trata de un proceso formal de baja, que garantizar\u00e1 que los t\u00edtulos no puedan utilizarse oficialmente. De hecho, <strong>el rey ya ha enviado las \u00f3rdenes al Lord Canciller, David Lammy, para asegurar la eliminaci\u00f3n del ducado de York del Registro de Nobles, as\u00ed como del t\u00edtulo de pr\u00edncipe y el tratamiento de alteza real.<\/strong><\/p>\n<p>Este movimiento marca un antes y un despu\u00e9s en la Corona, <strong>un golpe devastador para Andr\u00e9s<\/strong>, que siempre ha estado muy orgulloso de sus t\u00edtulos y que, probablemente, no pens\u00f3 que se podr\u00eda llegar a esto. Sin embargo, no hay vuelta atr\u00e1s.<\/p>\n<p>\n<img decoding=\"async\" loading=\"lazy\" class=\"size-full wp-image-2380985\" alt=\"Rey Carlos III\" width=\"1800\" height=\"2400\"  src=\"https:\/\/www.europesays.com\/es\/wp-content\/uploads\/2025\/10\/placeholder.jpg\"  bad-src=\"https:\/\/www.europesays.com\/es\/wp-content\/uploads\/2025\/10\/placeholder.jpg\"\/><\/p>\n<p><img decoding=\"async\" loading=\"lazy\" class=\"size-full wp-image-2380985\" src=\"https:\/\/www.europesays.com\/es\/wp-content\/uploads\/2025\/10\/u591005_099-1.jpg\" alt=\"Rey Carlos III\" width=\"1800\" height=\"2400\"  \/><\/p>\n<p> El rey Carlos III en un acto en Londres. (Foto: Gtres)\n<\/p>\n<p>Carlos ha optado por esta f\u00f3rmula en lugar de recurrir al Parlamento que, de por s\u00ed, no puede ni criticar en los debates a la realeza ni tampoco tiene muchas opciones para revocar formalmente un t\u00edtulo. Har\u00eda falta una nueva ley y, a pesar de la moci\u00f3n presentada por algunos diputados, hasta ahora el Gobierno no ten\u00eda intenci\u00f3n de impulsarla salgo que lo solicitara el rey. Sin embargo, desde Buckingham han confirmado que no han a recurrir a esta opci\u00f3n porque prefieren que el Parlamento siga centrado en los asuntos nacionales urgentes. El monarca ha hecho todo lo que est\u00e9 en su mano, dentro de su \u00e1mbito de acci\u00f3n y ha estado en contacto en todo momento con las autoridades pertinentes, que le apoyan en su decisi\u00f3n.<\/p>\n<p>El futuro inmediato de Andr\u00e9s<\/p>\n<p>Otro de los puntos importantes del comunicado hace referencia a la salida de Andr\u00e9s del <a href=\"https:\/\/okdiario.com\/look\/casa-real\/persona-clave-desalojo-andres-royal-lodge-1732002\" rel=\"nofollow noopener\" target=\"_blank\">Royal Lodge<\/a>. El hermano del rey ha estado viviendo en esta casa desde la muerte de la reina madre y aunque se hizo cargo de los costes iniciales de las reformas, se ha sabido que lleva dos d\u00e9cadas pagando un alquiler simb\u00f3lico -de un grano de pimienta al a\u00f1o, en realidad-. Un detalle que ha generado un gran descontento en el Reino Unido.<\/p>\n<p>\n<img decoding=\"async\" loading=\"lazy\" class=\"size-full wp-image-2380978\" alt=\"El rey Carlos III y los pr\u00edncipes de Gales. (Foto: Gtres)\" width=\"1800\" height=\"1013\"  src=\"https:\/\/www.europesays.com\/es\/wp-content\/uploads\/2025\/10\/placeholder.jpg\"  bad-src=\"https:\/\/www.europesays.com\/es\/wp-content\/uploads\/2025\/10\/placeholder.jpg\"\/><\/p>\n<p><img decoding=\"async\" loading=\"lazy\" class=\"size-full wp-image-2380978\" src=\"https:\/\/www.europesays.com\/es\/wp-content\/uploads\/2025\/10\/u591005_116-1.jpg\" alt=\"El rey Carlos III y los pr\u00edncipes de Gales. (Foto: Gtres)\" width=\"1800\" height=\"1013\"  \/><\/p>\n<p> El rey Carlos III y los pr\u00edncipes de Gales. (Foto: Gtres)\n<\/p>\n<p>Hasta ahora, el t\u00edo del pr\u00edncipe de Gales se hab\u00eda aferrado al supuesto contrato inquebrantable con el Crown Estate, que le permit\u00eda usar la casa hasta en 2078. Es m\u00e1s, aunque de momento no se ha dicho nada sobre esto, Andr\u00e9s podr\u00eda reclamar legalmente una indemnizaci\u00f3n de casi 600.000 euros por la resoluci\u00f3n anticipada del alquiler. Fuentes oficiales han confirmado que se han llevado a cabo negociaciones a este respecto, sin dar m\u00e1s detalles.<\/p>\n<p>En los \u00faltimos d\u00edas, antes de que se conociera la decisi\u00f3n del rey Carlos, algunos medios apuntaron que Andr\u00e9s ya estaba negociando la posibilidad de instalarse en la<strong> antigua casa de Harry y Meghan<\/strong> y hab\u00eda pedido la de los Gales para su ex mujer. Nada m\u00e1s lejos de la realidad. El hermano del rey ya no podr\u00e1 estar en Windsor y se ha hablado de la finca de Sandringham como posible destino. Sarah Ferguson tendr\u00e1 que buscar sus propias opciones, ya que la pareja est\u00e1 divorciada.<\/p>\n<p>La dif\u00edcil situaci\u00f3n del rey Carlos<\/p>\n<p>A pesar de que el monarca ha actuado con contundencia y firmeza para evitar cualquier tipo de da\u00f1o mayor a la Corona, para Carlos la situaci\u00f3n es muy complicada. Andr\u00e9s sigue negando categ\u00f3ricamente las acusaciones en su contra y en el plano personal no le va a dejar de lado. Una cosa es lo institucional y otra lo familiar.<\/p>\n<p><strong>Andr\u00e9s ya no tiene medios propios con los que pueda costear cualquier tipo de vida<\/strong>, por lo que ser\u00e1 el rey Carlos III el que, de su bolsillo, se encargue de que su hermano est\u00e9 bien. No les veremos juntos en actos oficiales, pero para el monarca es impensable abandonar a su hermano a su suerte, aunque tenga que marcar una frontera inquebrantable entre la Corona y la familia. Una realidad con la que, seg\u00fan algunas fuentes, est\u00e1n de acuerdo otros miembros de <strong>los Windsor, que no le van a dar la espalda a Andr\u00e9s en sus horas m\u00e1s bajas<\/strong>, aunque su nombre quede completamente borrado de la vida institucional.<\/p>\n","protected":false},"excerpt":{"rendered":"En la antigua Roma -y tambi\u00e9n en otras sociedades previas y posteriores- la damnatio memoriae era una pr\u00e1ctica&hellip;\n","protected":false},"author":2,"featured_media":210790,"comment_status":"","ping_status":"","sticky":false,"template":"","format":"standard","meta":{"footnotes":""},"categories":[174],"tags":[13483,255,146,147,25,24,256,23],"class_list":{"0":"post-210789","1":"post","2":"type-post","3":"status-publish","4":"format-standard","5":"has-post-thumbnail","7":"category-famosos","8":"tag-carlos-iii","9":"tag-celebrities","10":"tag-entertainment","11":"tag-entretenimiento","12":"tag-es","13":"tag-espana","14":"tag-famosos","15":"tag-spain"},"share_on_mastodon":{"url":"https:\/\/pubeurope.com\/@es\/115468855430390025","error":""},"_links":{"self":[{"href":"https:\/\/www.europesays.com\/es\/wp-json\/wp\/v2\/posts\/210789","targetHints":{"allow":["GET"]}}],"collection":[{"href":"https:\/\/www.europesays.com\/es\/wp-json\/wp\/v2\/posts"}],"about":[{"href":"https:\/\/www.europesays.com\/es\/wp-json\/wp\/v2\/types\/post"}],"author":[{"embeddable":true,"href":"https:\/\/www.europesays.com\/es\/wp-json\/wp\/v2\/users\/2"}],"replies":[{"embeddable":true,"href":"https:\/\/www.europesays.com\/es\/wp-json\/wp\/v2\/comments?post=210789"}],"version-history":[{"count":0,"href":"https:\/\/www.europesays.com\/es\/wp-json\/wp\/v2\/posts\/210789\/revisions"}],"wp:featuredmedia":[{"embeddable":true,"href":"https:\/\/www.europesays.com\/es\/wp-json\/wp\/v2\/media\/210790"}],"wp:attachment":[{"href":"https:\/\/www.europesays.com\/es\/wp-json\/wp\/v2\/media?parent=210789"}],"wp:term":[{"taxonomy":"category","embeddable":true,"href":"https:\/\/www.europesays.com\/es\/wp-json\/wp\/v2\/categories?post=210789"},{"taxonomy":"post_tag","embeddable":true,"href":"https:\/\/www.europesays.com\/es\/wp-json\/wp\/v2\/tags?post=210789"}],"curies":[{"name":"wp","href":"https:\/\/api.w.org\/{rel}","templated":true}]}}