{"id":210884,"date":"2025-10-31T13:55:08","date_gmt":"2025-10-31T13:55:08","guid":{"rendered":"https:\/\/www.europesays.com\/es\/210884\/"},"modified":"2025-10-31T13:55:08","modified_gmt":"2025-10-31T13:55:08","slug":"peinado-tiene-luz-verde-para-acceder-al-trafico-de-llamadas-de-la-asistente-de-begona-gomez","status":"publish","type":"post","link":"https:\/\/www.europesays.com\/es\/210884\/","title":{"rendered":"Peinado tiene luz verde para acceder al tr\u00e1fico de llamadas de la asistente de Bego\u00f1a G\u00f3mez"},"content":{"rendered":"<p style=\"\">La Audiencia Provincial de Madrid ha acordado, en contra del criterio de la Fiscal\u00eda y de la defensa tanto de <a href=\"https:\/\/www.abc.es\/noticias\/begona-gomez-fernandez\/\" title=\"www.abc.es\" data-voc-vtm-id=\"in-text-traffic\" data-mrf-link=\"www.abc.es\" rel=\"nofollow noopener\" target=\"_blank\">Bego\u00f1a G\u00f3mez <\/a>como de su asistente en La Moncloa Cristina \u00c1lvarez, permitir que el juez Juan Carlos Peinado tenga <strong>acceso al tr\u00e1fico de llamadas que <\/strong> &#8230; <strong>realiz\u00f3 desde su tel\u00e9fono profesional \u00c1lvarez <\/strong>desde que fue nombrada en ese cargo. <\/p>\n<p class=\"voc-p\" style=\"\">En un auto, los magistrados de la Secci\u00f3n 23 explican que, a pesar de que el juez solicit\u00f3 que la Unidad Central Operativa (UCO) de la Guardia Civil realizara un informe sobre ese tr\u00e1fico de llamadas entrantes y salientes cuando la asesora aun s\u00f3lo era testigo (posteriormente la imput\u00f3) esto \u00abno impide legalmente\u00bb esa diligencia conforme a la Ley de Enjuiciamiento Criminal. Y suma que \u00abla posibilidad de que resulten afectados derechos de terceras personas ajenas a la investigaci\u00f3n<strong>, no ser\u00e1 obst\u00e1culo para la adopci\u00f3n de la medida<\/strong>\u00bb. <\/p>\n<p class=\"voc-p\" style=\"\">Explica que en este caso la resoluci\u00f3n recurrida cumple con los requisitos legales y constitucionales porque identifica el objeto de la investigaci\u00f3n, vinculada a hechos de relevancia penal. Y justifica la pertinencia de las medidas sobre las comunicaciones y llamadas de \u00c1lvarez, al se\u00f1alar su relaci\u00f3n funcional con los hechos investigados. \u00ab<strong>Establece un marco temporal claro<\/strong> y un alcance determinado, evitando injerencias gen\u00e9ricas o desproporcionadas\u00bb, explica.<\/p>\n<p class=\"voc-p\" style=\"\">El juez tendr\u00e1 <strong>as\u00ed acceso al registro de llamadas realizadas <\/strong>y recibidas por \u00c1lvarez desde su nombramiento en 2018 hasta el d\u00eda de hoy a tel\u00e9fonos vinculados a la Universidad Complutense de Madrid (UCM), donde la esposa de Pedro S\u00e1nchez codirig\u00eda una c\u00e1tedra extraordinaria, y a n\u00fameros vinculados con Juan Carlos Barrab\u00e9s, el empresario que se habr\u00eda hecho con adjudicaciones p\u00fablicas y que colabor\u00f3 con ella en m\u00e1steres que organizaba.<\/p>\n<p class=\"voc-p\" style=\"\">Tambi\u00e9n tendr\u00e1 informe de la polic\u00eda judicial del registro de llamadas, que no del contenido, por \u00c1lvarez a tel\u00e9fonos vinculados al Instituto de Empresa (IE) y al IE \u00c1frica Center, todo ello en relaci\u00f3n al papel que G\u00f3mez desempe\u00f1aba en como directora del \u00c1frica Center. Adem\u00e1s,<strong> tambi\u00e9n se har\u00e1 con el tr\u00e1fico dirigido a patrocinadores<\/strong> de de los m\u00e1steres o de la c\u00e1tedra que dirig\u00eda Bego\u00f1a G\u00f3mez, como Indra Sistemas, Google Spain, Fundaci\u00f3n Manpower, Arsys Internet, Telef\u00f3nica, Fundaci\u00f3n La Caixa o Reale. <\/p>\n<p class=\"voc-p\" style=\"\">El juez Peinado, que investiga a la esposa de S\u00e1nchez por hasta cinco delitos, trata as\u00ed de comprobar si G\u00f3mez utiliz\u00f3 a la asistente de La Moncloa para sus negocios privados. Cabe recordar que el pasado 9 de octubre trascendi\u00f3 que la Audiencia Provincial de Madrid correg\u00eda al juez y acordaba revocar y dejar sin efecto la creaci\u00f3n de una pieza separada\u00a0para investigar si Bego\u00f1a G\u00f3mez pudo cometer\u00a0un delito de malversaci\u00f3n de caudales p\u00fablicos por el uso para sus negocios privados de la asistente de La Moncloa, Cristina \u00c1lvarez. <\/p>\n<p class=\"voc-p\" style=\"\">A su juicio, la decisi\u00f3n adoptada por el juez fue \u00abprematura e inmotivada desde el punto de vista<strong> f\u00e1ctico, normativo y procedimental<\/strong>\u00bb. As\u00ed, ahora los cinco delitos -tr\u00e1fico de influencias, corrupci\u00f3n en los negocios, apropiaci\u00f3n indebida, intrusismo profesional y malversaci\u00f3n- se investigan en la pieza principal del caso.<\/p>\n","protected":false},"excerpt":{"rendered":"La Audiencia Provincial de Madrid ha acordado, en contra del criterio de la Fiscal\u00eda y de la defensa&hellip;\n","protected":false},"author":2,"featured_media":210885,"comment_status":"","ping_status":"","sticky":false,"template":"","format":"standard","meta":{"footnotes":""},"categories":[174],"tags":[40505,9528,7421,255,146,147,25,24,256,4190,16487,1875,24182,23,589,1049],"class_list":{"0":"post-210884","1":"post","2":"type-post","3":"status-publish","4":"format-standard","5":"has-post-thumbnail","7":"category-famosos","8":"tag-acceder","9":"tag-asistente","10":"tag-begona","11":"tag-celebrities","12":"tag-entertainment","13":"tag-entretenimiento","14":"tag-es","15":"tag-espana","16":"tag-famosos","17":"tag-gomez","18":"tag-llamadas","19":"tag-luz","20":"tag-peinado","21":"tag-spain","22":"tag-trafico","23":"tag-verde"},"share_on_mastodon":{"url":"https:\/\/pubeurope.com\/@es\/115469125244221819","error":""},"_links":{"self":[{"href":"https:\/\/www.europesays.com\/es\/wp-json\/wp\/v2\/posts\/210884","targetHints":{"allow":["GET"]}}],"collection":[{"href":"https:\/\/www.europesays.com\/es\/wp-json\/wp\/v2\/posts"}],"about":[{"href":"https:\/\/www.europesays.com\/es\/wp-json\/wp\/v2\/types\/post"}],"author":[{"embeddable":true,"href":"https:\/\/www.europesays.com\/es\/wp-json\/wp\/v2\/users\/2"}],"replies":[{"embeddable":true,"href":"https:\/\/www.europesays.com\/es\/wp-json\/wp\/v2\/comments?post=210884"}],"version-history":[{"count":0,"href":"https:\/\/www.europesays.com\/es\/wp-json\/wp\/v2\/posts\/210884\/revisions"}],"wp:featuredmedia":[{"embeddable":true,"href":"https:\/\/www.europesays.com\/es\/wp-json\/wp\/v2\/media\/210885"}],"wp:attachment":[{"href":"https:\/\/www.europesays.com\/es\/wp-json\/wp\/v2\/media?parent=210884"}],"wp:term":[{"taxonomy":"category","embeddable":true,"href":"https:\/\/www.europesays.com\/es\/wp-json\/wp\/v2\/categories?post=210884"},{"taxonomy":"post_tag","embeddable":true,"href":"https:\/\/www.europesays.com\/es\/wp-json\/wp\/v2\/tags?post=210884"}],"curies":[{"name":"wp","href":"https:\/\/api.w.org\/{rel}","templated":true}]}}