{"id":210931,"date":"2025-10-31T14:27:08","date_gmt":"2025-10-31T14:27:08","guid":{"rendered":"https:\/\/www.europesays.com\/es\/210931\/"},"modified":"2025-10-31T14:27:08","modified_gmt":"2025-10-31T14:27:08","slug":"todas-las-ediciones-de-resident-evil-requiem-que-incluyen-y-cuanto-cuestan","status":"publish","type":"post","link":"https:\/\/www.europesays.com\/es\/210931\/","title":{"rendered":"Todas las ediciones de Resident Evil Requiem: qu\u00e9 incluyen y cu\u00e1nto cuestan"},"content":{"rendered":"<p class=\"\">Capcom se prepara para el lanzamiento de <a href=\"https:\/\/as.com\/meristation\/reportajes\/resident-evil-requiem-es-terrorifico-ya-hemos-jugado-al-juego-mas-importante-de-capcom-para-el-2026-r\/\" target=\"_self\" rel=\"nofollow noopener\" title=\"https:\/\/as.com\/meristation\/reportajes\/resident-evil-requiem-es-terrorifico-ya-hemos-jugado-al-juego-mas-importante-de-capcom-para-el-2026-r\/\">Resident Evil Requiem<\/a>. La novena entrega de<a href=\"https:\/\/as.com\/meristation\/noticias\/resident-evil-cumple-30-anos-y-lo-celebra-con-una-ilustracion-que-provoca-un-aluvion-de-criticas-y-division-entre-los-fans-n\/\" target=\"_self\" rel=\"nofollow noopener\" title=\"https:\/\/as.com\/meristation\/noticias\/resident-evil-cumple-30-anos-y-lo-celebra-con-una-ilustracion-que-provoca-un-aluvion-de-criticas-y-division-entre-los-fans-n\/\"> la saga<\/a> de terror saldr\u00e1 a la venta dentro de unos meses, pero los jugadores <b>ya pueden reservar el videojuego en todas las plataformas<\/b> en las que estar\u00e1 disponible. La compa\u00f1\u00eda japonesa ha revelado el precio y todo lo que se incluye.<\/p>\n<p class=\"\">Tras el remake de Resident Evil 4, la saga <b>inicia un nuevo camino con una protagonista in\u00e9dita, Grace Ashcroft<\/b>. La agente y analista del FBI vivir\u00e1 una aventura de terror enmarcada en distintas \u00e9pocas. De hecho, el juego regresar\u00e1 a la destruida Raccoon City. Los rumores apuntan a que Leon S. Kennedy ser\u00e1 jugable y tendr\u00e1 un papel en la historia, aunque Capcom no lo ha anunciado de manera oficial.<\/p>\n<p>Todas las ediciones de Resident Evil Requiem<\/p>\n<p class=\"\"><b>Edici\u00f3n Est\u00e1ndar de Resident Evil Requiem<\/b><\/p>\n<p class=\"\">La edici\u00f3n m\u00e1s b\u00e1sica cuesta <b>79,99 euros en consola<\/b>, mientras que en PC se puede adquirir por 69,99 euros.<\/p>\n<ul>\n<li>El juego base<\/li>\n<li>Atuendo de Grace Apocalipsis<\/li>\n<\/ul>\n<p><img decoding=\"async\" src=\"https:\/\/www.europesays.com\/es\/wp-content\/uploads\/2025\/10\/HNXNPPMJMVAS5GVOIPIXOC7R3M.png\" alt=\"Resident Evil Requiem\" class=\"mm__img\"   width=\"3840\" height=\"2160\" loading=\"lazy\"\/><\/p>\n<p>Ampliar<\/p>\n<p class=\"\"><b>Edici\u00f3n Deluxe de Resident Evil Requiem<\/b><\/p>\n<p class=\"\">La edici\u00f3n Deluxe cuesta <b>89,99 euros en consola<\/b>, mientras que en PC se puede adquirir por 69,99 euros. Incluye lo siguiente<\/p>\n<ul>\n<li>El juego base + Kit Deluxe<\/li>\n<li>Atuendo de Grace Apocalipsis<\/li>\n<li>Cinco trajes, entre los que se encuentra la skin de Lady Dimitrescu para Grace<\/li>\n<li>4 skins para las armas<\/li>\n<li>Dos filtros<\/li>\n<li>Dos talismanes<\/li>\n<li>El pack de audio Raccoon City Classic<\/li>\n<li>El archivo Cartas de 1998<\/li>\n<\/ul>\n<p><img decoding=\"async\" src=\"https:\/\/www.europesays.com\/es\/wp-content\/uploads\/2025\/10\/KVIR7O64URB3XHEQJQ4TEUTHJ4.jpg\" alt=\"Resident Evil Requiem, Edici\u00f3n Deluxe\" class=\"mm__img\"   width=\"3840\" height=\"2160\" loading=\"lazy\"\/><\/p>\n<p>Ampliar<\/p>\n<p class=\"\">En cuanto a la edici\u00f3n f\u00edsica en Nintendo Switch 2, se trata de una tarjeta llave. Lanzar\u00e1n<b> un mando Pro personalizado y un Amiibo de Grace Ashcroft<\/b>, que estar\u00e1 disponible en verano de 2026. Adem\u00e1s, los jugadores de la consola de Nintendo podr\u00e1n adquirir Resident Evil Generation Pack, un recopilatorio que incluye Resident Evil 7, Village y Requiem (89,99 euros).<\/p>\n<p class=\"\">Resident Evil Requiem llegar\u00e1 a las tiendas <b>el pr\u00f3ximo 27 de febrero<\/b> para PS5, Xbox Series X, Xbox Series S, Nintendo Switch 2 y PC.<\/p>\n<blockquote class=\"twitter-tweet\">\n<p lang=\"en\" dir=\"ltr\">An original Resident Evil Requiem themed Nintendo Switch 2 Pro Controller is coming from Nintendo, launching alongside the game on February 27, 2026. <a href=\"https:\/\/t.co\/5PArmLG9EC\" rel=\"nofollow\">pic.twitter.com\/5PArmLG9EC<\/a><\/p>\n<p>\u2014 Resident Evil (@RE_Games) <a href=\"https:\/\/twitter.com\/RE_Games\/status\/1983699422174474691?ref_src=twsrc%5Etfw\" rel=\"nofollow noopener\" target=\"_blank\">October 30, 2025<\/a><\/p><\/blockquote>\n<p>Noticias relacionadas<\/p>\n<p class=\"\">Suscr\u00edbete al <a href=\"https:\/\/www.youtube.com\/@meristation\" target=\"_self\" rel=\"nofollow noopener\" title=\"https:\/\/www.youtube.com\/@meristation\">canal de MeriStation en YouTube<\/a>, tu web de videojuegos y entretenimiento para conocer todas las noticias y novedades sobre el mundo del videojuego, cine, series, manga y anime. An\u00e1lisis, entrevistas, tr\u00e1ileres, gameplays, p\u00f3dcast y mucho m\u00e1s. Tambi\u00e9n te animamos a seguir <a href=\"https:\/\/www.tiktok.com\/@meristation\" rel=\"nofollow noopener\" title=\"https:\/\/www.tiktok.com\/@meristation\" target=\"_blank\">nuestra cuenta de TikTok<\/a>. <\/p>\n<p class=\"\">\u00a1S\u00edguenos en ambas y, si est\u00e1s interesado en licenciar este contenido, pincha <a href=\"https:\/\/profesional.elpais.com\/soluciones-sindicacion?utm_medium=interno&amp;utm_source=crosslinking&amp;utm_campaign=sindicacion_as_pie_articulos\" target=\"_blank\" rel=\"nofollow noopener\" title=\"https:\/\/profesional.elpais.com\/soluciones-sindicacion?utm_medium=interno&amp;utm_source=crosslinking&amp;utm_campaign=sindicacion_as_pie_articulos\">aqu\u00ed<\/a>!<\/p>\n<p><script async src=\"https:\/\/platform.twitter.com\/widgets.js\" charset=\"utf-8\"><\/script><script async src=\"\/\/www.tiktok.com\/embed.js\"><\/script><\/p>\n","protected":false},"excerpt":{"rendered":"Capcom se prepara para el lanzamiento de Resident Evil Requiem. La novena entrega de la saga de terror&hellip;\n","protected":false},"author":2,"featured_media":210932,"comment_status":"","ping_status":"","sticky":false,"template":"","format":"standard","meta":{"footnotes":""},"categories":[81],"tags":[119,123,124,25,24,117,121,122,23,118,120],"class_list":{"0":"post-210931","1":"post","2":"type-post","3":"status-publish","4":"format-standard","5":"has-post-thumbnail","7":"category-ciencia-y-tecnologia","8":"tag-ciencia","9":"tag-ciencia-y-tecnologia","10":"tag-cienciaytecnologia","11":"tag-es","12":"tag-espana","13":"tag-science","14":"tag-science-and-technology","15":"tag-scienceandtechnology","16":"tag-spain","17":"tag-technology","18":"tag-tecnologia"},"share_on_mastodon":{"url":"https:\/\/pubeurope.com\/@es\/115469251079818459","error":""},"_links":{"self":[{"href":"https:\/\/www.europesays.com\/es\/wp-json\/wp\/v2\/posts\/210931","targetHints":{"allow":["GET"]}}],"collection":[{"href":"https:\/\/www.europesays.com\/es\/wp-json\/wp\/v2\/posts"}],"about":[{"href":"https:\/\/www.europesays.com\/es\/wp-json\/wp\/v2\/types\/post"}],"author":[{"embeddable":true,"href":"https:\/\/www.europesays.com\/es\/wp-json\/wp\/v2\/users\/2"}],"replies":[{"embeddable":true,"href":"https:\/\/www.europesays.com\/es\/wp-json\/wp\/v2\/comments?post=210931"}],"version-history":[{"count":0,"href":"https:\/\/www.europesays.com\/es\/wp-json\/wp\/v2\/posts\/210931\/revisions"}],"wp:featuredmedia":[{"embeddable":true,"href":"https:\/\/www.europesays.com\/es\/wp-json\/wp\/v2\/media\/210932"}],"wp:attachment":[{"href":"https:\/\/www.europesays.com\/es\/wp-json\/wp\/v2\/media?parent=210931"}],"wp:term":[{"taxonomy":"category","embeddable":true,"href":"https:\/\/www.europesays.com\/es\/wp-json\/wp\/v2\/categories?post=210931"},{"taxonomy":"post_tag","embeddable":true,"href":"https:\/\/www.europesays.com\/es\/wp-json\/wp\/v2\/tags?post=210931"}],"curies":[{"name":"wp","href":"https:\/\/api.w.org\/{rel}","templated":true}]}}